{"id":21713,"date":"2024-04-01T15:01:39","date_gmt":"2024-04-01T15:01:39","guid":{"rendered":"https:\/\/www.diariocronica.com.ar\/noticias\/2024\/04\/01\/94399-murio-el-polaco-semenewicz-gloria-de-independiente-en-el-predio-de-villa-dominico"},"modified":"2024-04-01T15:01:39","modified_gmt":"2024-04-01T15:01:39","slug":"murio-el-polaco-semenewicz-gloria-de-independiente-en-el-predio-de-villa-dominico","status":"publish","type":"post","link":"https:\/\/latecordoba.com\/index.php\/2024\/04\/01\/murio-el-polaco-semenewicz-gloria-de-independiente-en-el-predio-de-villa-dominico\/","title":{"rendered":"Muri\u00f3 el &#8220;Polaco&#8221; Semenewicz, gloria de Independiente, en el predio de Villa Dom\u00ednico"},"content":{"rendered":"\n<div class=\"media_block\"><a href=\"http:\/\/latecordoba.com\/wp-content\/uploads\/2024\/04\/murio-el-polaco-semenewicz-gloria-de-independiente-en-el-predio-de-villa-dominico.jpg\"><img decoding=\"async\" src=\"http:\/\/latecordoba.com\/wp-content\/uploads\/2024\/04\/murio-el-polaco-semenewicz-gloria-de-independiente-en-el-predio-de-villa-dominico.jpg\" class=\"media_thumbnail\"><\/a><\/div>\n<div><img decoding=\"async\" src=\"http:\/\/latecordoba.com\/wp-content\/uploads\/2024\/04\/murio-el-polaco-semenewicz-gloria-de-independiente-en-el-predio-de-villa-dominico-1.jpg\" class=\"ff-og-image-inserted\"><\/div>\n<p>\nEl multicampe\u00f3n ten\u00eda 74 a\u00f1os y se desempe\u00f1aba en el \u00e1rea de Captaci\u00f3n del club.\n<\/p>\n<div readability=\"34\">\n<p><strong>Alejandro &#8220;Polaco&#8221; Semenewicz, multicampe\u00f3n y gloria de Independiente, muri\u00f3 hoy de un paro card\u00edaco<\/strong>&nbsp;mientras se encontraba trabajando en el predio de Villa Dom\u00ednico.<\/p>\n<p><strong>&#8220;Nos dejaste cuatro Libertadores, dos Metropolitanos, tres Interamericanas y una Intercontinental. Fuiste parte de una d\u00e9cada gloriosa para el Rey de Copas y hasta el \u00faltimo momento viviste por y para Independiente&#8221;<\/strong>, escribi\u00f3 la cuenta oficial del conjunto de Avellaneda al comunicar la noticia.<\/p>\n<p>Y a\u00f1adi\u00f3:&nbsp;<strong>&#8220;El pueblo rojo te estar\u00e1 eternamente agradecido. Hasta siempre Polaco Semenewicz, que en paz descanses&#8221;.<\/strong><\/p>\n<p><strong>El ex futbolista de 74 a\u00f1os se desempe\u00f1aba en el \u00e1rea de captaci\u00f3n de Independiente<\/strong>, por lo que se suspendieron los entrenamientos de todas las categor\u00edas durante todo el d\u00eda.&nbsp;<\/p>\n<p>Semenewicz lleg\u00f3 a Independiente en 1970 proveniente de Deportivo Mor\u00f3n y durante sus seis a\u00f1os en el club se consagr\u00f3&nbsp;<strong>en los campeonatos Metropolitano en 1970 y 1971, las Libertadores en 1972, 1973, 1974 y 1975, la Intercontinental 1973 y la Interamericana en 1973, 1974 y 1976. <\/strong><em>(NA)<\/em><\/p>\n<\/div>\n","protected":false},"excerpt":{"rendered":"\n<div class=\"media_block\"><a href=\"http:\/\/latecordoba.com\/wp-content\/uploads\/2024\/04\/murio-el-polaco-semenewicz-gloria-de-independiente-en-el-predio-de-villa-dominico.jpg\"><img decoding=\"async\" src=\"http:\/\/latecordoba.com\/wp-content\/uploads\/2024\/04\/murio-el-polaco-semenewicz-gloria-de-independiente-en-el-predio-de-villa-dominico.jpg\" class=\"media_thumbnail\"><\/a><\/div>\n<p>El multicampe\u00f3n ten\u00eda 74 a\u00f1os y se desempe\u00f1aba en el \u00e1rea de Captaci\u00f3n del club. <\/p>\n","protected":false},"author":1,"featured_media":21714,"comment_status":"closed","ping_status":"closed","sticky":false,"template":"","format":"standard","meta":[],"categories":[17],"tags":[],"_links":{"self":[{"href":"https:\/\/latecordoba.com\/index.php\/wp-json\/wp\/v2\/posts\/21713"}],"collection":[{"href":"https:\/\/latecordoba.com\/index.php\/wp-json\/wp\/v2\/posts"}],"about":[{"href":"https:\/\/latecordoba.com\/index.php\/wp-json\/wp\/v2\/types\/post"}],"author":[{"embeddable":true,"href":"https:\/\/latecordoba.com\/index.php\/wp-json\/wp\/v2\/users\/1"}],"replies":[{"embeddable":true,"href":"https:\/\/latecordoba.com\/index.php\/wp-json\/wp\/v2\/comments?post=21713"}],"version-history":[{"count":0,"href":"https:\/\/latecordoba.com\/index.php\/wp-json\/wp\/v2\/posts\/21713\/revisions"}],"wp:featuredmedia":[{"embeddable":true,"href":"https:\/\/latecordoba.com\/index.php\/wp-json\/wp\/v2\/media\/21714"}],"wp:attachment":[{"href":"https:\/\/latecordoba.com\/index.php\/wp-json\/wp\/v2\/media?parent=21713"}],"wp:term":[{"taxonomy":"category","embeddable":true,"href":"https:\/\/latecordoba.com\/index.php\/wp-json\/wp\/v2\/categories?post=21713"},{"taxonomy":"post_tag","embeddable":true,"href":"https:\/\/latecordoba.com\/index.php\/wp-json\/wp\/v2\/tags?post=21713"}],"curies":[{"name":"wp","href":"https:\/\/api.w.org\/{rel}","templated":true}]}}