{"id":21689,"date":"2024-04-01T13:10:00","date_gmt":"2024-04-01T13:10:00","guid":{"rendered":"http:\/\/52efd3951af8455b04e01f9610c12bbf"},"modified":"2024-04-01T13:10:00","modified_gmt":"2024-04-01T13:10:00","slug":"miles-de-estatales-despedidos-se-preparan-para-ingresar-por-la-fuerza-a-los-ministerios","status":"publish","type":"post","link":"https:\/\/latecordoba.com\/index.php\/2024\/04\/01\/miles-de-estatales-despedidos-se-preparan-para-ingresar-por-la-fuerza-a-los-ministerios\/","title":{"rendered":"Miles de estatales despedidos se preparan para ingresar por la fuerza a los ministerios"},"content":{"rendered":"\n<div class=\"media_block\"><img decoding=\"async\" src=\"http:\/\/latecordoba.com\/wp-content\/uploads\/2024\/04\/miles-de-estatales-despedidos-se-preparan-para-ingresar-por-la-fuerza-a-los-ministerios.jpg\"><\/div>\n<p>La comisi\u00f3n directiva de ATE Capital defini\u00f3 que, a partir de este mi\u00e9rcoles, los trabajadores despedidos ingresen por la fuerza a sus puestos de trabajo en los ministerios y otras dependencias estatales con el apoyo de los delegados gremiales.&nbsp;<\/p>\n<p>&#8220;Que todas las comisiones internas se presenten en los lugares de trabajo, realicen asambleas y que los cuerpos de delegados confluyan en un plenario de secretarios generales el jueves&#8221;, anticip\u00f3 a FM La Patriada el secretario General adjunto de ATE Capital, Manuel Sueiro.<\/p>\n<p>Seg\u00fan el dirigente gremial, los funcionarios encargados de ejecutar los despidos lo hicieron con &#8220;desconocimiento y brutalidad&#8221;. &#8220;Hay avisos que llegan por WhatsApp o con llamados en alta voz&#8221;, dijo expres\u00f3 Sueiro.<\/p>\n<p>Durante el fin de semana largo por los feriados de Semana Santa y el 2 de abril, el gobierno pretende concretar alrededor de 15 mil despidos.<\/p>\n<p><a href=\"https:\/\/www.lapoliticaonline.com\/tools\/redirect.php?t=3&amp;i=286035&amp;s=627fcfc2d1b1dca48795616264cb0509\" class=\"link-type-content content-type-noticia-ar\">Adorni contradijo a Milei y aclar\u00f3 que los empleados despedidos ser\u00e1n 15 mil<\/a><\/p>\n<p>En la CTA, comentaron a este medio que el mi\u00e9rcoles &#8220;se va a poner pesado&#8221; y presumen que la respuesta de la Casa Rosada puede derivar en un despliegue de las fuerzas policiales en los ministerios y secretar\u00edas de Estado.<\/p>\n<p class=\"authorquote\" title=\"Manuel Sueiro, ATE Capital.\">Los despedidos se producen con desconocimiento de la ley y brutalidad, hay avisos que llegan por WhatsApp o con llamados en alta voz.<\/p>\n<p>El recuento parcial de los trabajadores echados incluye, adem\u00e1s, una cr\u00edtica por la tercerizaci\u00f3n de Javier Milei en la ejecuci\u00f3n del ajuste. &#8220;Entre el grupo Techint y el grupo Eurnekian, est\u00e1n ocupando la gran mayor\u00eda de las dependencias del Estado nacional&#8221;, argument\u00f3 el secretario adjunto de ATE.<\/p>\n<figure class=\"vsmimage\" contenteditable=\"false\"><img decoding=\"async\" loading=\"lazy\" alt=\"Miles de estatales despedidos se preparan para ingresar por la fuerza a los ministerios \" data-vsmid=\"221569\" data-owidth=\"3204\" data-oheight=\"2170\" src=\"data:image\/png;base64,iVBORw0KGgoAAAANSUhEUgAAAx4AAAIXAQMAAAAojBoBAAAAA1BMVEUAAACnej3aAAAAAXRSTlMAQObYZgAAAEtJREFUeJztwTEBAAAAwqD1T20LL6AAAAAAAAAAAAAAAAAAAAAAAAAAAAAAAAAAAAAAAAAAAAAAAAAAAAAAAAAAAAAAAAAAAAAAOBvTEwABYBnU6wAAAABJRU5ErkJggg==\" vsmidos=\"1\" vsmsrc=\"\/files\/image\/221\/221569\/660ab42d8ec43_798_535!.jpg?s=990cd9dab89e7cc8f649ced455600fb8&amp;d=1711977519\" width=\"798\" height=\"535\"><\/figure>\n<p>En la Secretar\u00eda de Trabajo, por caso, interviene Ernesto Rona, ex director de Recursos Humanos de la empresa de Paolo Rocca, quien realiz\u00f3 600 despidos. No obstante, en el Ministerio de Econom\u00eda y otras reparticiones del Gabinete los que despiden responden a la l\u00ednea de Luis &#8220;Toto&#8221; Caputo.<\/p>\n<p>Las irregularidades descriptas por fuentes gremiales destacan lo que pas\u00f3 en Agricultura Familiar. All\u00ed se les dieron de baja los usuarios del sistema GDE que utilizan los trabajadores para sus funciones diarias sin que recibieran ning\u00fan tipo de mensaje, similar experiencia a la de quienes no pod\u00edan pasar desde la semana pasada porque les anularon el registro de su huella digital en los edificios donde se desempe\u00f1an.&nbsp;<\/p>\n","protected":false},"excerpt":{"rendered":"\n<div class=\"media_block\"><img decoding=\"async\" src=\"http:\/\/latecordoba.com\/wp-content\/uploads\/2024\/04\/miles-de-estatales-despedidos-se-preparan-para-ingresar-por-la-fuerza-a-los-ministerios.jpg\"><\/div>\n<p>Los despidos siguieron llegando durante el fin de semana. Como medida de fuerza buscar\u00e1n ingresasr a sus lugares de trabajo junto a los delegados.  <\/p>\n","protected":false},"author":1,"featured_media":21690,"comment_status":"closed","ping_status":"closed","sticky":false,"template":"","format":"standard","meta":[],"categories":[18],"tags":[],"_links":{"self":[{"href":"https:\/\/latecordoba.com\/index.php\/wp-json\/wp\/v2\/posts\/21689"}],"collection":[{"href":"https:\/\/latecordoba.com\/index.php\/wp-json\/wp\/v2\/posts"}],"about":[{"href":"https:\/\/latecordoba.com\/index.php\/wp-json\/wp\/v2\/types\/post"}],"author":[{"embeddable":true,"href":"https:\/\/latecordoba.com\/index.php\/wp-json\/wp\/v2\/users\/1"}],"replies":[{"embeddable":true,"href":"https:\/\/latecordoba.com\/index.php\/wp-json\/wp\/v2\/comments?post=21689"}],"version-history":[{"count":0,"href":"https:\/\/latecordoba.com\/index.php\/wp-json\/wp\/v2\/posts\/21689\/revisions"}],"wp:featuredmedia":[{"embeddable":true,"href":"https:\/\/latecordoba.com\/index.php\/wp-json\/wp\/v2\/media\/21690"}],"wp:attachment":[{"href":"https:\/\/latecordoba.com\/index.php\/wp-json\/wp\/v2\/media?parent=21689"}],"wp:term":[{"taxonomy":"category","embeddable":true,"href":"https:\/\/latecordoba.com\/index.php\/wp-json\/wp\/v2\/categories?post=21689"},{"taxonomy":"post_tag","embeddable":true,"href":"https:\/\/latecordoba.com\/index.php\/wp-json\/wp\/v2\/tags?post=21689"}],"curies":[{"name":"wp","href":"https:\/\/api.w.org\/{rel}","templated":true}]}}