{"id":21660,"date":"2024-04-01T00:15:40","date_gmt":"2024-04-01T00:15:40","guid":{"rendered":"https:\/\/www.diariocronica.com.ar\/noticias\/2024\/03\/31\/94373-independiente-lo-empato-en-el-final-ante-atletico-tucuman-y-quedo-lejos-de-los-primeros-puestos"},"modified":"2024-04-01T00:15:40","modified_gmt":"2024-04-01T00:15:40","slug":"independiente-lo-empato-en-el-final-ante-atletico-tucuman-y-quedo-lejos-de-los-primeros-puestos","status":"publish","type":"post","link":"https:\/\/latecordoba.com\/index.php\/2024\/04\/01\/independiente-lo-empato-en-el-final-ante-atletico-tucuman-y-quedo-lejos-de-los-primeros-puestos\/","title":{"rendered":"Independiente lo empat\u00f3 en el final ante Atl\u00e9tico Tucum\u00e1n y qued\u00f3 lejos de los primeros puestos"},"content":{"rendered":"\n<div class=\"media_block\"><a href=\"http:\/\/latecordoba.com\/wp-content\/uploads\/2024\/04\/independiente-lo-empato-en-el-final-ante-atletico-tucuman-y-quedo-lejos-de-los-primeros-puestos.jpg\"><img decoding=\"async\" src=\"http:\/\/latecordoba.com\/wp-content\/uploads\/2024\/04\/independiente-lo-empato-en-el-final-ante-atletico-tucuman-y-quedo-lejos-de-los-primeros-puestos.jpg\" class=\"media_thumbnail\"><\/a><\/div>\n<div><img decoding=\"async\" src=\"http:\/\/latecordoba.com\/wp-content\/uploads\/2024\/04\/independiente-lo-empato-en-el-final-ante-atletico-tucuman-y-quedo-lejos-de-los-primeros-puestos-1.jpg\" class=\"ff-og-image-inserted\"><\/div>\n<p>\nFue por 1 a 1 en Avellaneda y deber\u00e1 ganar los \u00faltimos dos partidos si quiere tener chances de pasar de ronda en la Copa de la Liga.\n<\/p>\n<div readability=\"58\">\n<p><strong>Independiente, que qued\u00f3 a un paso de no acceder a los cuartos de final, empat\u00f3 1 a 1 con Atl\u00e9tico Tucum\u00e1n<\/strong>&nbsp;como local por la duod\u00e9cima fecha de la&nbsp;Copa de la Liga Profesional&nbsp;y qued\u00f3 a tres unidades V\u00e9lez y River, los \u00faltimos que se est\u00e1n clasificando a los cuartos de final.<\/p>\n<p><strong>Con un tanto de Mateo Bajamich en la primera etapa<\/strong>, el conjunto tucumano se puso en ventaja en la primera llegada al arco. Ya sobre el final del partido&nbsp;<strong>el chileno Mauricio Isla empat\u00f3 de cabeza<\/strong>.<\/p>\n<p>A los 34 minutos, Guillermo Acosta le meti\u00f3 un pase largo a Juan Infante por la izquierda, quien avanz\u00f3 y envi\u00f3 un centro por lo bajo para Marcelo Estigarribia. El delantero err\u00f3 el remate pero el rebote lo tom\u00f3 Bajamich y puso el 1 a 0 para la visita.<\/p>\n<p>Antes de meterse en tiempo agregado, un centro largo desde la izquierda encontr\u00f3 la cabeza del chileno Isla por la derecha, quien apareci\u00f3 por detr\u00e1s de todos para convertir la igualdad.<\/p>\n<h4>S\u00edntesis de Independiente vs. Atl\u00e9tico Tucum\u00e1n por la Copa de la Liga Profesional<\/h4>\n<p><strong>Copa de la Liga Profesional.<\/strong><br \/><strong>Fecha 12.<\/strong><br \/><strong>Independiente 1-1 Atl\u00e9tico Tucum\u00e1n.<\/strong><br \/><strong>Estadio:<\/strong>&nbsp;Libertadores de Am\u00e9rica.<br \/><strong>\u00c1rbitro:<\/strong>&nbsp;Facundo Tello.<br \/><strong>VAR:<\/strong>&nbsp;H\u00e9ctor Paletta.<\/p>\n<p><strong>Independiente:<\/strong>&nbsp;Rodrigo Rey; Mauricio Isla, Juan Fedorco, Ayrton Costa, Dami\u00e1n P\u00e9rez; Iv\u00e1n Marcone; Federico Mancuello, Javier Ruiz, Alex Luna; Ignacio Maestro Puch y Gabriel \u00c1valos.&nbsp;<strong>DT:<\/strong>&nbsp;Carlos Tevez.<\/p>\n<p><strong>Atl\u00e9tico Tucum\u00e1n:<\/strong>&nbsp;Jos\u00e9 Devecchi; Agust\u00edn Lagos, Alexis Flores, Nicol\u00e1s Romero, Juan Infante; Renzo Tesuri, Guillermo Acosta, Adri\u00e1n S\u00e1nchez, Justo Giani; Mateo Bajamich y Marcelo Estigarribia.&nbsp;<strong>DT:<\/strong>&nbsp;Facundo Sava.<\/p>\n<p><strong>Goles en el primer tiempo:<\/strong>&nbsp;34m Mateo Bajamich (AT).<\/p>\n<p><strong>Goles en el segundo tiempo:<\/strong>&nbsp;44m Mauricio Isla (I).<\/p>\n<p><strong>Cambios en el segundo tiempo:<\/strong>&nbsp;en el inicio Lucas Gonz\u00e1lez por \u00c1valos (I); 9m Alexis Canelo por Mancuello (I); Gabriel Neves por Ruiz (I); 17m Mateo Coronel por Bajamich (AT); 21m Santiago Toloza por Luna (I); Adri\u00e1n Sporle por P\u00e9rez (I); 27m Joaqu\u00edn Pereyra por Giani (AT); Nicol\u00e1s Servetto por Estigarribia (AT); 40m Tom\u00e1s Castro Ponce por Tesuri (AT). (NA)<\/p>\n<\/div>\n","protected":false},"excerpt":{"rendered":"\n<div class=\"media_block\"><a href=\"http:\/\/latecordoba.com\/wp-content\/uploads\/2024\/04\/independiente-lo-empato-en-el-final-ante-atletico-tucuman-y-quedo-lejos-de-los-primeros-puestos.jpg\"><img decoding=\"async\" src=\"http:\/\/latecordoba.com\/wp-content\/uploads\/2024\/04\/independiente-lo-empato-en-el-final-ante-atletico-tucuman-y-quedo-lejos-de-los-primeros-puestos.jpg\" class=\"media_thumbnail\"><\/a><\/div>\n<p>Fue por 1 a 1 en Avellaneda y deber\u00e1 ganar los \u00faltimos dos partidos si quiere tener chances de pasar de ronda en la Copa de la Liga. <\/p>\n","protected":false},"author":1,"featured_media":21661,"comment_status":"closed","ping_status":"closed","sticky":false,"template":"","format":"standard","meta":[],"categories":[17],"tags":[],"_links":{"self":[{"href":"https:\/\/latecordoba.com\/index.php\/wp-json\/wp\/v2\/posts\/21660"}],"collection":[{"href":"https:\/\/latecordoba.com\/index.php\/wp-json\/wp\/v2\/posts"}],"about":[{"href":"https:\/\/latecordoba.com\/index.php\/wp-json\/wp\/v2\/types\/post"}],"author":[{"embeddable":true,"href":"https:\/\/latecordoba.com\/index.php\/wp-json\/wp\/v2\/users\/1"}],"replies":[{"embeddable":true,"href":"https:\/\/latecordoba.com\/index.php\/wp-json\/wp\/v2\/comments?post=21660"}],"version-history":[{"count":0,"href":"https:\/\/latecordoba.com\/index.php\/wp-json\/wp\/v2\/posts\/21660\/revisions"}],"wp:featuredmedia":[{"embeddable":true,"href":"https:\/\/latecordoba.com\/index.php\/wp-json\/wp\/v2\/media\/21661"}],"wp:attachment":[{"href":"https:\/\/latecordoba.com\/index.php\/wp-json\/wp\/v2\/media?parent=21660"}],"wp:term":[{"taxonomy":"category","embeddable":true,"href":"https:\/\/latecordoba.com\/index.php\/wp-json\/wp\/v2\/categories?post=21660"},{"taxonomy":"post_tag","embeddable":true,"href":"https:\/\/latecordoba.com\/index.php\/wp-json\/wp\/v2\/tags?post=21660"}],"curies":[{"name":"wp","href":"https:\/\/api.w.org\/{rel}","templated":true}]}}