{"id":21635,"date":"2024-04-01T03:18:49","date_gmt":"2024-04-01T03:18:49","guid":{"rendered":"https:\/\/viapais.com.ar\/cordoba\/la-primera-y-unica-vez-como-fue-el-mitico-dia-que-la-formula-1-corrio-en-el-parque-sarmiento-de-cordoba\/"},"modified":"2024-04-01T03:18:49","modified_gmt":"2024-04-01T03:18:49","slug":"la-primera-y-unica-vez-como-fue-el-mitico-dia-que-la-formula-1-corrio-en-el-parque-sarmiento-de-cordoba","status":"publish","type":"post","link":"https:\/\/latecordoba.com\/index.php\/2024\/04\/01\/la-primera-y-unica-vez-como-fue-el-mitico-dia-que-la-formula-1-corrio-en-el-parque-sarmiento-de-cordoba\/","title":{"rendered":"La primera y \u00fanica vez: c\u00f3mo fue el m\u00edtico d\u00eda que la F\u00f3rmula 1 corri\u00f3 en el Parque Sarmiento de C\u00f3rdoba"},"content":{"rendered":"\n<p>Con una <b>serie en <\/b><a href=\"https:\/\/viapais.com.ar\/cordoba\/santiago-el-actor-cordobes-de-la-sociedad-de-la-nieve-conto-la-intimidad-del-rodaje-homenaje-frio-y-hambre\/\" target=\"_blank\" rel=\"noopener\"><b>Netflix<\/b><\/a>, <b>inversiones <\/b>multimillonarias cada a\u00f1o,<b> <\/b><a href=\"https:\/\/viapais.com.ar\/cordoba\/el-tesla-cordobes-asi-es-el-simpatico-auto-electrico-que-sale-24-millones-de-pesos\/\" target=\"_blank\" rel=\"noopener\"><b>autos de \u00faltima generaci\u00f3n<\/b><\/a>, cientos de <b>estrellas de la m\u00fasica y del cine<\/b> a su alrededor, <b>la <\/b><a href=\"https:\/\/viapais.com.ar\/cordoba\/1918294-la-historia-del-joven-cordobes-que-llego-a-la-formula-1\/\" target=\"_blank\" rel=\"noopener\"><b>F\u00f3rmula 1<\/b><\/a><b> es la categor\u00eda \u00e9lite del <\/b><a href=\"https:\/\/viapais.com.ar\/cordoba\/automovilismo-cordobes-el-regional-de-trepadas-abrio-en-embalse\/\" target=\"_blank\" rel=\"noopener\"><b>automovilismo<\/b> <\/a>en la actualidad. A\u00f1o tras a\u00f1o,<b> su popularidad crece y suma adeptos<\/b> que todos los fines de semana se levantan temprano para ver las carreras.<\/p>\n<article class=\"article card\">\n<div class=\"article-inner \">\n<div class=\"article-image \"><a href=\"https:\/\/viapais.com.ar\/cordoba\/furor-por-los-esports-en-cordoba-la-posibilidad-de-ser-piloto-de-f1-por-un-rato\/\" title=\"LARUX SIMULADORES CORDOBA\"><\/p>\n<figure><img alt=\"LARUX SIMULADORES CORDOBA\" class=\" block \" src=\"http:\/\/latecordoba.com\/wp-content\/uploads\/2024\/04\/la-primera-y-unica-vez-como-fue-el-mitico-dia-que-la-formula-1-corrio-en-el-parque-sarmiento-de-cordoba.jpg\" sizes=\"auto\" loading=\"lazy\" data-src=\"http:\/\/latecordoba.com\/wp-content\/uploads\/2024\/04\/la-primera-y-unica-vez-como-fue-el-mitico-dia-que-la-formula-1-corrio-en-el-parque-sarmiento-de-cordoba.jpg\" width=\"307px\" fetchpriority=\"low\" decoding=\"async\" height=\"173px\"><\/figure>\n<p><\/a><\/div>\n<\/div>\n<\/article>\n<p>En este escenario, <b>parece irreal imaginar a los pilotos de F1 corriendo por las calles de C\u00f3rdoba<\/b>. Sin embargo, <b>sucedi\u00f3 y<\/b> <b>m\u00e1s de 30.000 cordobeses pudieron disfrutarlo<\/b>. El gran evento tuvo lugar el <b>14 de febrero de 1960<\/b>, cuando se corri\u00f3 el Gran Premio en nada m\u00e1s ni nada menos que el <b>Parque Sarmiento<\/b>.<\/p>\n<h2 class><b>C\u00d3MO FUE EL D\u00cdA QUE CORRI\u00d3 F\u00d3RMULA 1 EN EL PARQUE SARMIENTO<\/b><\/h2>\n<p>El encargado de gestionar el arribo de la F\u00f3rmula 1 a la ciudad de C\u00f3rdoba fue el <b>automovilista y promotor Alcides Raies<\/b>. Tras convencer al gobernador de aquel entonces,<b> Arturo Zanichelli<\/b>, se lleg\u00f3 a un acuerdo con el <b>Autom\u00f3vil Club Argentino (ACA)<\/b> para depositar los 50.000 pesos que se necesitaban para traer la carrera, coorganizada por el <b>Club Atl\u00e9tico Carlos Paz<\/b>.<\/p>\n<article class=\"article card\">\n<div class=\"article-inner \">\n<div class=\"article-image \"><a href=\"https:\/\/viapais.com.ar\/cordoba\/cordobes-en-la-formula-1-cual-es-el-trabajo-de-gregorio-mandrini-en-alpha-tauri\/\" title=\"Gregorio Mandrini, el otro cordob\u00e9s en la F\u00f3rmula 1\"><\/p>\n<figure><img alt=\"Gregorio Mandrini, el otro cordob\u00e9s en la F\u00f3rmula 1\" class=\" block \" src=\"http:\/\/latecordoba.com\/wp-content\/uploads\/2024\/04\/la-primera-y-unica-vez-como-fue-el-mitico-dia-que-la-formula-1-corrio-en-el-parque-sarmiento-de-cordoba-1.jpg\" sizes=\"auto\" loading=\"lazy\" data-src=\"http:\/\/latecordoba.com\/wp-content\/uploads\/2024\/04\/la-primera-y-unica-vez-como-fue-el-mitico-dia-que-la-formula-1-corrio-en-el-parque-sarmiento-de-cordoba-1.jpg\" width=\"307px\" fetchpriority=\"low\" decoding=\"async\" height=\"173px\"><\/figure>\n<p><\/a><\/div>\n<\/div>\n<\/article>\n<p>En ese punto, comenz\u00f3 el armado de la pista. Se emplazaron los <b>boxes<\/b>, se construy\u00f3 un <b>t\u00fanel para el p\u00fablico<\/b> y se delimit\u00f3 un<b> circuito de 3.200 metros<\/b> en el Parque Sarmiento. Las vueltas inclu\u00edan el famoso <b>\u201ccamino de la viborita\u201d<\/b> y represent\u00f3 un verdadero desaf\u00edo para la \u00e9poca, ya que a esto se le sum\u00f3 el <b>mal estado del asfalto<\/b>.<\/p>\n<figure><picture><img alt=\"As\u00ed fue el circuito por el cual corri\u00f3 la F\u00f3rmula 1 en C\u00f3rdoba. Infograf\u00eda La Voz.\" class=\" block \" src=\"http:\/\/latecordoba.com\/wp-content\/uploads\/2024\/04\/la-primera-y-unica-vez-como-fue-el-mitico-dia-que-la-formula-1-corrio-en-el-parque-sarmiento-de-cordoba-2.jpg\" sizes=\"auto\" loading=\"lazy\" data-src=\"http:\/\/latecordoba.com\/wp-content\/uploads\/2024\/04\/la-primera-y-unica-vez-como-fue-el-mitico-dia-que-la-formula-1-corrio-en-el-parque-sarmiento-de-cordoba-2.jpg\" width=\"1023px\" fetchpriority=\"low\" decoding=\"async\" height=\"956px\"><\/picture><figcaption class>As\u00ed fue el circuito por el cual corri\u00f3 la F\u00f3rmula 1 en C\u00f3rdoba. Infograf\u00eda La Voz. Foto: Web<\/figcaption><\/figure>\n<p>El espect\u00e1culo cont\u00f3 la participaci\u00f3n del qu\u00edntuple campe\u00f3n del mundo <b>Juan Manuel Fangio<\/b>, quien en el d\u00eda de clasificaci\u00f3n <b>dio algunas vueltas de exhibici\u00f3n con un Porsche<\/b>, aunque una mala maniobra casi lo tira por una barranca de ocho metros de profundidad.<\/p>\n<h2 class><b>CU\u00c1LES FUERON LOS PILOTOS DE F\u00d3RMULA 1 QUE CORRIERON EN C\u00d3RDOBA<\/b><\/h2>\n<p>En las pruebas de <b>clasificaci\u00f3n<\/b>, el australiano<b> Jack Brabham <\/b>(Cooper Climax) fue el m\u00e1s ligero, lo que le asegur\u00f3 la primera fila de largada junto al franc\u00e9s <b>Maurice Trintignant<\/b> (Cooper Climax) y el sueco <b>Joakin Bonnier<\/b> (BRM). En la segunda fila, salieron el norteamericano<b> Dan Gurney<\/b> (BRM) y el argentino <b>Carlos Menditeguy<\/b> (Cooper-Maseratti), mientras que en la tercera hilera estuvieron el neozeland\u00e9s <b>Bruce McLaren<\/b> (Cooper), Innes Ireland (Lotus) y <b>Alberto Rodr\u00edguez Larreta<\/b> (Lotus), aunque estos dos \u00faltimos no largaron.<\/p>\n<p>La grilla se complet\u00f3 con el estadounidense <b>Harry Schell<\/b> (Cooper-Maseratti), el ingl\u00e9s<b> Alan Stacey<\/b> (Lotus), los italianos <b>Giorgio Scarlatti<\/b> y <b>Gino Munaron<\/b> con Maseratti, el americano <b>Maten Gregory<\/b> (Porsche), el argentino <b>Roberto Bonomi<\/b> (Coopet-Maseratti), el venezolano <b>Ettore Chimeri<\/b> (Maseratti) y el argentino <b>Nasif Est\u00e9fano<\/b> (Wayne). Tambi\u00e9n participaron de las pruebas los argentinos <b>Froil\u00e1n Gonz\u00e1lez<\/b> con Corvette y <b>Oscar Cabal\u00e9n<\/b> con Maseratti, pero por el bajo rendimiento de los coches no corrieron en la carrera.<\/p>\n<figure><picture><img alt=\"M\u00e1s de 30.000 cordobeses disfrutaron de la carrera en el Parque Sarmiento.\" class=\" block \" src=\"http:\/\/latecordoba.com\/wp-content\/uploads\/2024\/04\/la-primera-y-unica-vez-como-fue-el-mitico-dia-que-la-formula-1-corrio-en-el-parque-sarmiento-de-cordoba-3.jpg\" sizes=\"auto\" loading=\"lazy\" data-src=\"http:\/\/latecordoba.com\/wp-content\/uploads\/2024\/04\/la-primera-y-unica-vez-como-fue-el-mitico-dia-que-la-formula-1-corrio-en-el-parque-sarmiento-de-cordoba-3.jpg\" width=\"1023px\" fetchpriority=\"low\" decoding=\"async\" height=\"588px\"><\/picture><figcaption class>M\u00e1s de 30.000 cordobeses disfrutaron de la carrera en el Parque Sarmiento. Foto: Web<\/figcaption><\/figure>\n<p>Aquel 14 de febrero de 1960 fue un domingo muy caluroso, algo que no impidi\u00f3 que 32.000 personas se reunieran alrededor del circuito. <b>La carrera cont\u00f3 con 75 vueltas al circuito y 11 competidores abandonaron<\/b> en el camino por distintos motivos vinculados a desperfectos de los autos. <b>Solo cinco finalizaron la carrera con la bandera a cuadros<\/b>.<\/p>\n<p>Tras una importante lucha, <b>el franc\u00e9s Trintignant se llev\u00f3 el primer puesto<\/b>, le sigui\u00f3 <b>Gurnet por 48 segundos<\/b> y <b>Munaron con una diferencia de cinco vueltas<\/b>. M\u00e1s atr\u00e1s en cuarto puesto lleg\u00f3 Chimeri y en quinto, Bonnier.<\/p>\n<figure><picture><img alt=\"El d\u00eda que la F1 corri\u00f3 en la ciudad de C\u00f3rdoba.\" class=\" block \" src=\"http:\/\/latecordoba.com\/wp-content\/uploads\/2024\/04\/la-primera-y-unica-vez-como-fue-el-mitico-dia-que-la-formula-1-corrio-en-el-parque-sarmiento-de-cordoba-4.jpg\" sizes=\"auto\" loading=\"lazy\" data-src=\"http:\/\/latecordoba.com\/wp-content\/uploads\/2024\/04\/la-primera-y-unica-vez-como-fue-el-mitico-dia-que-la-formula-1-corrio-en-el-parque-sarmiento-de-cordoba-4.jpg\" width=\"1023px\" fetchpriority=\"low\" decoding=\"async\" height=\"668px\"><\/picture><figcaption class>El d\u00eda que la F1 corri\u00f3 en la ciudad de C\u00f3rdoba. Foto: Web<\/figcaption><\/figure>\n<p>La competencia disputada en C\u00f3rdoba <b>dej\u00f3 una recaudaci\u00f3n de cinco millones de pesos<\/b>, una cifra muy superior a los ingresos en las pruebas iniciales corridas en Buenos Aires ese mismo mes. <b>Sin dudas, fue una jornada inolvidable en el automovilismo cordob\u00e9s que, por \u00fanica vez, vivenci\u00f3 la velocidad de los mejores pilotos del mundo<\/b>.<\/p>\n<figure><picture><img alt=\"El 14 de febrero de 1960 fue la primera y \u00fanica vez que el deporte automovilista corri\u00f3 en C\u00f3rdoba.\" class=\" block \" src=\"http:\/\/latecordoba.com\/wp-content\/uploads\/2024\/04\/la-primera-y-unica-vez-como-fue-el-mitico-dia-que-la-formula-1-corrio-en-el-parque-sarmiento-de-cordoba-5.jpg\" sizes=\"auto\" loading=\"lazy\" data-src=\"http:\/\/latecordoba.com\/wp-content\/uploads\/2024\/04\/la-primera-y-unica-vez-como-fue-el-mitico-dia-que-la-formula-1-corrio-en-el-parque-sarmiento-de-cordoba-5.jpg\" width=\"1023px\" fetchpriority=\"low\" decoding=\"async\" height=\"1012px\"><\/picture><figcaption class>El 14 de febrero de 1960 fue la primera y \u00fanica vez que el deporte automovilista corri\u00f3 en C\u00f3rdoba. Foto: Web<\/figcaption><\/figure>\n","protected":false},"excerpt":{"rendered":"<p>Con una serie en Netflix, inversiones multimillonarias cada a\u00f1o, autos de \u00faltima generaci\u00f3n, cientos de estrellas de la m\u00fasica y del cine a su alrededor, la F\u00f3rmula 1 es la categor\u00eda \u00e9lite del automovilismo en la actualidad. A\u00f1o tras a\u00f1o, su popularidad crece y suma adeptos que todos los fines de semana se levantan temprano [&hellip;]<\/p>\n","protected":false},"author":1,"featured_media":21636,"comment_status":"closed","ping_status":"closed","sticky":false,"template":"","format":"standard","meta":[],"categories":[15],"tags":[],"_links":{"self":[{"href":"https:\/\/latecordoba.com\/index.php\/wp-json\/wp\/v2\/posts\/21635"}],"collection":[{"href":"https:\/\/latecordoba.com\/index.php\/wp-json\/wp\/v2\/posts"}],"about":[{"href":"https:\/\/latecordoba.com\/index.php\/wp-json\/wp\/v2\/types\/post"}],"author":[{"embeddable":true,"href":"https:\/\/latecordoba.com\/index.php\/wp-json\/wp\/v2\/users\/1"}],"replies":[{"embeddable":true,"href":"https:\/\/latecordoba.com\/index.php\/wp-json\/wp\/v2\/comments?post=21635"}],"version-history":[{"count":0,"href":"https:\/\/latecordoba.com\/index.php\/wp-json\/wp\/v2\/posts\/21635\/revisions"}],"wp:featuredmedia":[{"embeddable":true,"href":"https:\/\/latecordoba.com\/index.php\/wp-json\/wp\/v2\/media\/21636"}],"wp:attachment":[{"href":"https:\/\/latecordoba.com\/index.php\/wp-json\/wp\/v2\/media?parent=21635"}],"wp:term":[{"taxonomy":"category","embeddable":true,"href":"https:\/\/latecordoba.com\/index.php\/wp-json\/wp\/v2\/categories?post=21635"},{"taxonomy":"post_tag","embeddable":true,"href":"https:\/\/latecordoba.com\/index.php\/wp-json\/wp\/v2\/tags?post=21635"}],"curies":[{"name":"wp","href":"https:\/\/api.w.org\/{rel}","templated":true}]}}