{"id":21633,"date":"2024-03-31T23:13:20","date_gmt":"2024-03-31T23:13:20","guid":{"rendered":"http:\/\/087873f25a5b15fb9be2a959cb4de810"},"modified":"2024-03-31T23:13:20","modified_gmt":"2024-03-31T23:13:20","slug":"milei-escala-la-pelea-con-clarin-y-publicara-la-deuda-con-los-medios","status":"publish","type":"post","link":"https:\/\/latecordoba.com\/index.php\/2024\/03\/31\/milei-escala-la-pelea-con-clarin-y-publicara-la-deuda-con-los-medios\/","title":{"rendered":"Milei escala la pelea con Clar\u00edn y publicar\u00e1 la deuda con los medios"},"content":{"rendered":"\n<div class=\"media_block\"><img decoding=\"async\" src=\"http:\/\/latecordoba.com\/wp-content\/uploads\/2024\/04\/milei-escala-la-pelea-con-clarin-y-publicara-la-deuda-con-los-medios.jpg\"><\/div>\n<div><img decoding=\"async\" src=\"http:\/\/latecordoba.com\/wp-content\/uploads\/2024\/04\/milei-escala-la-pelea-con-clarin-y-publicara-la-deuda-con-los-medios-1.jpg\" class=\"ff-og-image-inserted\"><\/div>\n<p>&nbsp;Javier Milei decidi\u00f3 escalar la pelea con Clar\u00edn pese a la cobertura mayoritariamente favorable que le dispensa el grupo de medios m\u00e1s grande de la Argentina. Las razones del enojo de Milei con Clar\u00edn son un misterio que cautiva a la pol\u00edtica y los medios.&nbsp;<\/p>\n<p>Hasta ahora, cada vez que ataca al grupo que conduce H\u00e9ctor Magnetto por las redes, Milei s\u00f3lo ha posteado notas que de ninguna manera se correlacionan con el nivel de indignaci\u00f3n que exhibe.&nbsp;<\/p>\n<p>Pero bueno, se sabe que Milei tiene una tolerancia baj\u00edsima a las cr\u00edticas y sus ataques furibundo a medios y periodistas son cosa de todos los d\u00edas. Por ejemplo, este viernes s<a href=\"https:\/\/www.lapoliticaonline.com\/tools\/redirect.php?t=3&amp;i=286191&amp;s=82a671bde1418f26a2b7cee7fb69616e\">e la agarr\u00f3 con LPO<\/a> por <a href=\"https:\/\/www.lapoliticaonline.com\/tools\/redirect.php?t=3&amp;i=286151&amp;s=6f23c8567552136c0780ae86a837e698\">una nota de LPO M\u00e9xico<\/a> que simplemente revelaba que el presidente L\u00f3pez Obrador impidi\u00f3 que su canciller Alicia B\u00e1rcena convirtiera en un conflicto diplom\u00e1tico, el cruce medi\u00e1tico que ambos hab\u00edan tenido.<\/p>\n<p>Este domingo Milei lanz\u00f3 una ofensiva contra Clar\u00edn por un simple tuit que mencionaba su enojo con el periodismo. Furioso, poste\u00f3: &#8220;Muy interesante como titula el gran operador argentino respecto a lo que se\u00f1al\u00e9 del periodismo, dado que las mayores agresiones a mi persona acus\u00e1ndome de antidemocr\u00e1tico han salido de periodistas del diario Clar\u00edn y de su se\u00f1al de cable TN.<br \/>\nHIP\u00d3CRITAS Y C\u00d3MPLICES&#8221;.<\/p>\n<p>Lo incre\u00edble es que la nota esta titulada con <a href=\"https:\/\/www.clarin.com\/politica\/javier-milei-todas-medidas-vivo-presidente-denuncio-aparicion-mensajes-odio-volvio-cargar-periodismo_0_aNISRfY9OX.html\" target=\"_blank\" rel=\"noopener\">un titulo amable<\/a>, casi naif, sobre los comentarios de Milei sobre sus perros a la CNN, un tema que tiene cero impacto pol\u00edtico. Pero claro, el tema de los perros es hipersensible para el presidente Milei, que se puso furioso tiempo atr\u00e1s con la periodista Silvia Mercado, por un comentario igual de intrascendente sobre los perros.<\/p>\n<figure class=\"vsmwidget widget-type-twitter\" vsmtype=\"twitter\" contenteditable=\"false\" readability=\"-19.13244047619\">\n<blockquote class=\"twitter-tweet\" readability=\"8.8988095238095\">\n<p lang=\"es\" dir=\"ltr\">Muy interesante como titula el gran operador argentino respecto a lo que se\u00f1al\u00e9 del periodismo, dado que las mayores agresiones a mi persona acus\u00e1ndome de antidemocr\u00e1tico han salido de periodistas del diario Clar\u00edn y de su se\u00f1al de cable TN.<br \/>HIP\u00d3CRITAS Y C\u00d3MPLICES <a href=\"https:\/\/t.co\/Tg5jw2YuOy\">https:\/\/t.co\/Tg5jw2YuOy<\/a>\u2014 Javier Milei (@JMilei) <a href=\"https:\/\/twitter.com\/JMilei\/status\/1774498341516353693?ref_src=twsrc%5Etfw\">March 31, 2024<\/a><\/p>\n<\/blockquote>\n<\/figure>\n<p>Milei viene tratando de instalar la teor\u00eda que Clar\u00edn supuestamente lo ataca porque \u00e9l permiti\u00f3 que desembarque en el pa\u00eds el servicio de internet satelital de Elon Musk. Lo que no cierra de esa gteor\u00eda es que Clar\u00edn no lo ataca.<\/p>\n<p>Como sea, en medio de una pelea que incluye a la mayor\u00eda de los medios cr\u00edticos, Milei ahora mand\u00f3 a su vocero a &#8220;denunciar&#8221; la lista de deudas en pauta publicitaria que el Estado tiene. &#8220;En algunos d\u00edas m\u00e1s estaremos publicando el listado detallado con todos los medios y agencias a los que se le adeuda pauta oficial: unos 12.000 millones de pesos impagos entre el a\u00f1o 2020 y 2023&#8221;, anunci\u00f3 el vocero Manuel Adorni este domingo.<\/p>\n<p>Se entiende que la idea de Milei y Adorni no es confirmar que est\u00e1n licuando esos pagos dejando pasar los meses, sino exhibir las supuestas fortunas que el Estado Nacional gastaba en publicidad, un tema que obsesiona a los libertarios.<\/p>\n<p>Como es natural, Clar\u00edn deber\u00eda aparecer al tope de esa lista por la sencilla raz\u00f3n que es el grupo de medios m\u00e1s grande del pa\u00eds.<\/p>\n<figure class=\"vsmwidget widget-type-twitter\" vsmtype=\"twitter\" contenteditable=\"false\" readability=\"-20.462068965517\">\n<blockquote class=\"twitter-tweet\" readability=\"9.5172413793103\">\n<p lang=\"es\" dir=\"ltr\">Otra de las herencias del gobierno anterior: en algunos d\u00edas m\u00e1s estaremos publicando el listado detallado con todos los medios y agencias a los que se le adeuda pauta oficial: unos 12.000 millones de pesos impagos entre el a\u00f1o 2020 y 2023.<\/p>\n<p>Fin.\u2014 Manuel Adorni (@madorni) <a href=\"https:\/\/twitter.com\/madorni\/status\/1774529380481388761?ref_src=twsrc%5Etfw\">March 31, 2024<\/a><\/p>\n<\/blockquote>\n<\/figure>\n","protected":false},"excerpt":{"rendered":"\n<div class=\"media_block\"><img decoding=\"async\" src=\"http:\/\/latecordoba.com\/wp-content\/uploads\/2024\/04\/milei-escala-la-pelea-con-clarin-y-publicara-la-deuda-con-los-medios.jpg\"><\/div>\n<p>El Presidente tild\u00f3 al Grupo Clar\u00edn de &#8220;el gran operador argentino&#8221; y orden\u00f3 a su vocero publicar la deuda con los medios para exponerlo.  <\/p>\n","protected":false},"author":1,"featured_media":21634,"comment_status":"closed","ping_status":"closed","sticky":false,"template":"","format":"standard","meta":[],"categories":[18],"tags":[],"_links":{"self":[{"href":"https:\/\/latecordoba.com\/index.php\/wp-json\/wp\/v2\/posts\/21633"}],"collection":[{"href":"https:\/\/latecordoba.com\/index.php\/wp-json\/wp\/v2\/posts"}],"about":[{"href":"https:\/\/latecordoba.com\/index.php\/wp-json\/wp\/v2\/types\/post"}],"author":[{"embeddable":true,"href":"https:\/\/latecordoba.com\/index.php\/wp-json\/wp\/v2\/users\/1"}],"replies":[{"embeddable":true,"href":"https:\/\/latecordoba.com\/index.php\/wp-json\/wp\/v2\/comments?post=21633"}],"version-history":[{"count":0,"href":"https:\/\/latecordoba.com\/index.php\/wp-json\/wp\/v2\/posts\/21633\/revisions"}],"wp:featuredmedia":[{"embeddable":true,"href":"https:\/\/latecordoba.com\/index.php\/wp-json\/wp\/v2\/media\/21634"}],"wp:attachment":[{"href":"https:\/\/latecordoba.com\/index.php\/wp-json\/wp\/v2\/media?parent=21633"}],"wp:term":[{"taxonomy":"category","embeddable":true,"href":"https:\/\/latecordoba.com\/index.php\/wp-json\/wp\/v2\/categories?post=21633"},{"taxonomy":"post_tag","embeddable":true,"href":"https:\/\/latecordoba.com\/index.php\/wp-json\/wp\/v2\/tags?post=21633"}],"curies":[{"name":"wp","href":"https:\/\/api.w.org\/{rel}","templated":true}]}}