{"id":21368,"date":"2024-03-21T11:57:00","date_gmt":"2024-03-21T11:57:00","guid":{"rendered":"https:\/\/www.puntal.com.ar\/comienza-el-otono-y-el-festival-polifonico-es-protagonista-la-ciudad-n213674"},"modified":"2024-03-21T11:57:00","modified_gmt":"2024-03-21T11:57:00","slug":"comienza-el-otono-y-el-festival-polifonico-es-protagonista-en-la-ciudad","status":"publish","type":"post","link":"https:\/\/latecordoba.com\/index.php\/2024\/03\/21\/comienza-el-otono-y-el-festival-polifonico-es-protagonista-en-la-ciudad\/","title":{"rendered":"Comienza el Oto\u00f1o y el Festival Polif\u00f3nico es protagonista en la ciudad"},"content":{"rendered":"\n<div><img decoding=\"async\" src=\"http:\/\/latecordoba.com\/wp-content\/uploads\/2024\/03\/comienza-el-otono-y-el-festival-polifonico-es-protagonista-en-la-ciudad.jpg\" class=\"ff-og-image-inserted\"><\/div>\n<p> En su quinta edici\u00f3n, el festival riocuartense, un evento \u00fanico en el pa\u00eds, presenta m\u00e1s de 30 conciertos con las m\u00fasicas m\u00e1s diversas, protagonizado por m\u00e1s de 600 artistas de la ciudad, la provincia y el pa\u00eds.<\/p>\n<p>Como cada a\u00f1o, contin\u00faa esa estupenda idea de llevar la m\u00fasica a los espacios p\u00fablicos de la ciudad, para que todos los ciudadanos puedan deleitarse con espect\u00e1culos gratuitos por la ma\u00f1ana y por la tarde.<\/p>\n<p>El Teatro Municipal, por la tarde, ser\u00e1 el escenario para que se presenten destacados artistas locales. En el Teatrino de la Trapalanda, tambi\u00e9n por la tarde, se exhibir\u00e1 la mejor \u00f3pera del mundo \u201cThe MET live in HD\u201d. Adem\u00e1s, este a\u00f1o se suma como novedad, el ciclo de Conciertos Solidarios en la Plaza del Pueblo. Como siempre, el Anfiteatro Municipal del Parque Sarmiento, por la noche, volver\u00e1 a albergar los conciertos centrales.<\/p>\n<p>La programaci\u00f3n es notable e incluye a Alejandro Lerner, Pedro Aznar, Zoe Gotusso, Eruca Sativa, Dar\u00edo Volont\u00e9, Enrique Folger y Duilio Smirigrlia, Seg\u00fa Gir\u00e1n Sinf\u00f3nico, Filarm\u00f3nica R\u00edo Cuarto, Orquesta Sinf\u00f3nica UNC, Banda Sinf\u00f3nica de la Provincia, Gonzalo Antu\u00f1a, Orquesta Estable Oto\u00f1o Polif\u00f3nico.<\/p>\n<p><strong>Cuatro d\u00edas para respirar m\u00fasica<\/strong><\/p>\n<p>Organizado por la Fundaci\u00f3n por la Cultura y Subsecretar\u00eda de Cultura del Gobierno de R\u00edo Cuarto y Agencia C\u00f3rdoba Cultura del Gobierno de la Provincia, el Festival tendr\u00e1 hoy la siguiente programaci\u00f3n:<\/p>\n<p><strong>10hs.<\/strong> Plaza Roca<\/p>\n<p><strong>Banda \u201cBrigadier Mayor Juan San Mart\u00edn\u201d de la Fuerza A\u00e9rea y Banda \u201cFray Luis Beltr\u00e1n\u201d del Ej\u00e9rcito Argentino<\/strong><\/p>\n<p><strong> 11hs. <\/strong>Escuela Normal J.J de Urquiza<\/p>\n<p><strong>CIN\u00c9FILOS<\/strong><\/p>\n<p>Cantantes: H\u00e9ctor Manentti y Carolina Zabala. Show musical con canciones de pel\u00edculas como Shrek, Frozen, Rapunzel, entre otras.<\/p>\n<p><strong>12hs. <\/strong>Aula Mayor UNRC<\/p>\n<p><strong>LA FRANCE CHARMANTE (piano y canto)<\/strong><\/p>\n<p>Franco Berrotar\u00e1n (piano). Alicia Vergara (mezzosoprano)<\/p>\n<p>Concierto de m\u00fasica francesa para voz y piano.<\/p>\n<p>Obras de G. Faur\u00e9, F. Poulenc, H. Duparc y M. Ravel.<\/p>\n<p><strong>18hs.<\/strong> Conciertos solidarios en la Plaza del Pueblo<\/p>\n<p><strong>LA CANCI\u00d3N CERCANA Y OBRAS POPULARES <\/strong><\/p>\n<p>Mauro Gentile junto a cuarteto de cuerdas<\/p>\n<p>El artista local presenta un repertorio que viaja desde las canciones propias, inspiradas en las diversas expresiones de ra\u00edz del mundo, a las composiciones de nuestro cancionero popular. Bajo la producci\u00f3n musical de Federico Lucero, Mauro compartir\u00e1 escenario junto a un cuarteto de cuerdas de C\u00f3rdoba, con quienes llevar\u00e1 la m\u00fasica a texturas y colores \u00fanicos y caracter\u00edsticos de esta formaci\u00f3n.<\/p>\n<p><strong>18hs. <\/strong>Teatrino de la Trapalanda<\/p>\n<p><strong>TRAVIATA de Verdi<\/strong><\/p>\n<p>La mejor \u00f3pera del mundo \u201cThe MET live in HD\u201d<\/p>\n<p><strong>18hs<\/strong>. Teatro Municipal<\/p>\n<p><strong>MAGNIFICAT GOSPEL <\/strong><\/p>\n<p>Camerata Vocal Arsis. Dir. Juan Ignacio Noro\u00f1a<\/p>\n<p>M\u00fasicos invitados: Candela Sosa, Alejandro Sosa y Nicol\u00e1s Torres<\/p>\n<p>Magnificat Gospel es un concierto integrado por obras que celebran el milagro de la vida, en este caso tomando como elemento inspirador el pasaje del texto b\u00edblico del Canto Mariano &#8220;Magnificat&#8221;. La Camerata presenta al principio una versi\u00f3n acad\u00e9mica de H\u00e9ctor Villa Lobos y otra al final con una visi\u00f3n &#8220;Gospel&#8221; de Robert Ray para coro, solistas y trio jazz.<\/p>\n<p>El resto de las obras apoyan la idea central a trav\u00e9s de composiciones de Linda Alexandersson, Rosephannye Powell y Andre thomas, entre otros.<\/p>\n<p><strong>20hs.<\/strong> Anfiteatro. Homenaje al Rock Nacional<\/p>\n<p><strong>SER\u00da GIR\u00c1N SINF\u00d3NICO<\/strong><\/p>\n<p>Orquesta Filarm\u00f3nica de R\u00edo Cuarto. Dir. Eduardo Lhez<\/p>\n<p>La Orquesta Filarm\u00f3nica R\u00edo Cuarto toma su nombre de la primera agrupaci\u00f3n Sinf\u00f3nica de la ciudad que surge desde el Conservatorio el 14 de noviembre 1942.<\/p>\n<p>Volver a plantear la posibilidad de una agrupaci\u00f3n con esas caracter\u00edsticas en la ciudad fue un desaf\u00edo que asumi\u00f3 la Fundaci\u00f3n por la Cultura en acuerdo con el Conservatorio Superior de M\u00fasica Juli\u00e1n Aguirre en octubre del a\u00f1o 2021, poniendo en valor la labor que desde hace 96 a\u00f1os esta instituci\u00f3n viene desarrollando en la ciudad y regi\u00f3n.<\/p>\n<p>La primera presentaci\u00f3n de la Filarm\u00f3nica fue con la m\u00fasica de la serie Games of Thrones a fines de ese a\u00f1o<\/p>\n<p>La Filarm\u00f3nica est\u00e1 integrada por los m\u00fasicos de la Orquesta de C\u00e1mara Municipal, estudiantes y docentes del Conservatorio que desde este a\u00f1o se desempe\u00f1an como como jefes de fila asumiendo roles protag\u00f3nicos en la formaci\u00f3n de los estudiantes como integrantes de la orquesta. Ellos son Pamela Baldassarre, en flauta; Leandro Daghero en saxos, y Julio Escudero en percusi\u00f3n. Se suman adem\u00e1s egresados del Conservatorio y m\u00fasicos de la ciudad con el objetivo de que R\u00edo Cuarto tenga su elenco Sinf\u00f3nico<\/p>\n<p>La Direcci\u00f3n de la Orquesta est\u00e1 a cargo de Eduardo Lhez quien dirige la Orquesta de C\u00e1mara Municipal y a su vez est\u00e1 a cargo de la Orquesta del Conservatorio.<\/p>\n<p>En esta ocasi\u00f3n la Orquesta presenta un repertorio sinf\u00f3nico de la Banda emblem\u00e1tica del rock nacional Ser\u00fa Gir\u00e1n participando as\u00ed de los festejos del cumplea\u00f1os de la ciudad. Los int\u00e9rpretes vocales de los temas son Ail\u00edn Sgrazutti, Sebasti\u00e1n Tornatore y Diego Pereyra, estudiantes del profesorado de M\u00fasica de la instituci\u00f3n.<\/p>\n<p><strong>21.30hs.<\/strong> Anfiteatro<\/p>\n<p><strong>PEDRO AZNAR SINF\u00d3NICO <\/strong><\/p>\n<p>Orquesta Acad\u00e9mica del Teatro del Libertador. Dir. Hadrian Avila Arzuza<\/p>\n<p>El talentoso y popular cantautor argentino, realizar\u00e1 un recorrido por toda su discograf\u00eda, incluyendo su \u00faltimo \u00e1lbum doble, El mundo no se hizo en dos d\u00edas, y compartir\u00e1 varios momentos con la orquesta, en versiones sinf\u00f3nicas de algunas canciones emblem\u00e1ticas de su repertorio.<\/p>\n","protected":false},"excerpt":{"rendered":"\n<p>Desde hoy y hasta el domingo se realiza la quinta edici\u00f3n del exitoso evento riocuartense. Esta noche, Ser\u00fa Gir\u00e1n Sinf\u00f3nico y Pedro Aznar junto a la Orquesta Acad\u00e9mica del Teatro del Libertador<\/p>\n","protected":false},"author":1,"featured_media":21369,"comment_status":"closed","ping_status":"closed","sticky":false,"template":"","format":"standard","meta":[],"categories":[14],"tags":[],"_links":{"self":[{"href":"https:\/\/latecordoba.com\/index.php\/wp-json\/wp\/v2\/posts\/21368"}],"collection":[{"href":"https:\/\/latecordoba.com\/index.php\/wp-json\/wp\/v2\/posts"}],"about":[{"href":"https:\/\/latecordoba.com\/index.php\/wp-json\/wp\/v2\/types\/post"}],"author":[{"embeddable":true,"href":"https:\/\/latecordoba.com\/index.php\/wp-json\/wp\/v2\/users\/1"}],"replies":[{"embeddable":true,"href":"https:\/\/latecordoba.com\/index.php\/wp-json\/wp\/v2\/comments?post=21368"}],"version-history":[{"count":0,"href":"https:\/\/latecordoba.com\/index.php\/wp-json\/wp\/v2\/posts\/21368\/revisions"}],"wp:featuredmedia":[{"embeddable":true,"href":"https:\/\/latecordoba.com\/index.php\/wp-json\/wp\/v2\/media\/21369"}],"wp:attachment":[{"href":"https:\/\/latecordoba.com\/index.php\/wp-json\/wp\/v2\/media?parent=21368"}],"wp:term":[{"taxonomy":"category","embeddable":true,"href":"https:\/\/latecordoba.com\/index.php\/wp-json\/wp\/v2\/categories?post=21368"},{"taxonomy":"post_tag","embeddable":true,"href":"https:\/\/latecordoba.com\/index.php\/wp-json\/wp\/v2\/tags?post=21368"}],"curies":[{"name":"wp","href":"https:\/\/api.w.org\/{rel}","templated":true}]}}