{"id":21333,"date":"2024-03-21T20:13:33","date_gmt":"2024-03-21T20:13:33","guid":{"rendered":"https:\/\/www.eldiariodeturismo.com.ar\/?p=243681"},"modified":"2024-03-21T20:13:33","modified_gmt":"2024-03-21T20:13:33","slug":"avianca-recibio-el-reconocimiento-como-la-aerolinea-global-mas-puntual-del-mundo-en-2023","status":"publish","type":"post","link":"https:\/\/latecordoba.com\/index.php\/2024\/03\/21\/avianca-recibio-el-reconocimiento-como-la-aerolinea-global-mas-puntual-del-mundo-en-2023\/","title":{"rendered":"Avianca recibi\u00f3 el reconocimiento como la aerol\u00ednea global m\u00e1s puntual del mundo en 2023\u00a0"},"content":{"rendered":"<br \/>\n<h4><strong><span><i>Con la presencia del CEO de Cirium:<\/i><\/span><\/strong><\/h4>\n<div>\n<ul>\n<li>\n<h5><strong><i>Durante la ceremonia, Avianca devel\u00f3 un avi\u00f3n Airbus 320 con un livery conmemorativo de este logro.<\/i><\/strong><\/h5>\n<\/li>\n<li>\n<h5><strong><i>Avianca logr\u00f3 esta distinci\u00f3n tras alcanzar un \u00edndice de puntualidad del 85,73% el a\u00f1o pasado.<\/i><\/strong><\/h5>\n<\/li>\n<\/ul>\n<\/div>\n<h2><\/h2>\n<p><img loading=\"lazy\" decoding=\"async\" class=\"aligncenter wp-image-243686 size-full\" src=\"http:\/\/latecordoba.com\/wp-content\/uploads\/2024\/03\/avianca-recibio-el-reconocimiento-como-la-aerolinea-global-mas-puntual-del-mundo-en-2023.jpg\" alt width=\"500\" height=\"281\" srcset=\"http:\/\/latecordoba.com\/wp-content\/uploads\/2024\/03\/avianca-recibio-el-reconocimiento-como-la-aerolinea-global-mas-puntual-del-mundo-en-2023.jpg 500w, https:\/\/www.eldiariodeturismo.com.ar\/wp-content\/uploads\/2024\/03\/2024-avianca-cirium-1-300x169.jpg 300w\" sizes=\"(max-width: 500px) 100vw, 500px\"><\/p>\n<p>Avianca recibi\u00f3 oficialmente el reconocimiento que la acredita como la aerol\u00ednea global m\u00e1s puntual del mundo en 2023, por parte de la firma de datos de aviaci\u00f3n Cirium.<\/p>\n<p>Jeremy Bowen, presidente ejecutivo de Cirium, entreg\u00f3 esta distinci\u00f3n al equipo de Avianca, en un evento que se llev\u00f3 a cabo en el hangar Sim\u00f3n Bol\u00edvar, en Bogot\u00e1, durante el cual se devel\u00f3 un avi\u00f3n con un&nbsp;<i>livery<\/i>&nbsp;conmemorativo de este reconocimiento.<\/p>\n<p><img loading=\"lazy\" decoding=\"async\" class=\"aligncenter wp-image-243684 size-full\" src=\"http:\/\/latecordoba.com\/wp-content\/uploads\/2024\/03\/avianca-recibio-el-reconocimiento-como-la-aerolinea-global-mas-puntual-del-mundo-en-2023-1.jpg\" alt width=\"500\" height=\"281\" srcset=\"http:\/\/latecordoba.com\/wp-content\/uploads\/2024\/03\/avianca-recibio-el-reconocimiento-como-la-aerolinea-global-mas-puntual-del-mundo-en-2023-2.jpg 500w, https:\/\/www.eldiariodeturismo.com.ar\/wp-content\/uploads\/2024\/03\/2024-avianca-cirium-3-300x169.jpg 300w\" sizes=\"(max-width: 500px) 100vw, 500px\"><\/p>\n<p><i>\u201cSe requiere mucho esfuerzo y trabajo en equipo para llevar a cabo operaciones a\u00e9reas a tiempo teniendo en cuenta todos los factores externos: el clima, la escasez de personal, problemas mec\u00e1nicos, entre otros. Y, especialmente, en 2023 cuando la demanda aument\u00f3. Adem\u00e1s, las posiciones en la parte superior del ranking a menudo solo est\u00e1n separadas por fracciones de porcentaje. Avianca gan\u00f3 la categor\u00eda global con un OTP del 85.73%, un 0.2% m\u00e1s alto que la aerol\u00ednea en segundo lugar. Pero el cambio en el rendimiento de Avianca, desde antes de la pandemia a c\u00f3mo est\u00e1 funcionando ahora, es de lo que deber\u00edan estar m\u00e1s orgullosos. La cifra OTP de 2023 es m\u00e1s de un 10% m\u00e1s alta que en 2019 y un 2% m\u00e1s alta que en 2022. \u00a1El cambio de tendencia es verdaderamente notable!\u201d<\/i>, se\u00f1al\u00f3 Bowen.<\/p>\n<p><i>\u201cDetr\u00e1s de este logro est\u00e1 el compromiso de m\u00e1s de 14.000 personas del equipo Avianca que, en coordinaci\u00f3n con autoridades y aliados, trabajan para que nuestros clientes lleguen a sus destinos de forma segura, a tiempo y con sus maletas. Y por supuesto, agradecemos a los m\u00e1s de 32 millones de pasajeros que confiaron en nosotros para volar durante el 2023. Estamos orgullosos de este reconocimiento que nos pone a la altura de aerol\u00edneas de talla mundial y a Colombia como un referente internacional en el sector de la aviaci\u00f3n<\/i>\u201d, afirm\u00f3 Frederico Pedreira, CEO de Avianca.<\/p>\n<p>Durante 2023, la aerol\u00ednea obtuvo un \u00edndice de puntualidad (OTP, por las siglas de&nbsp;<i>On-Time Performance<\/i>) de 85,73%, tras ocupar la primera posici\u00f3n del ranking global (para aerol\u00edneas que operan en al menos tres regiones) en mayo, junio, agosto y septiembre, y mantenerse entre los primeros cinco lugares de forma consistente entre febrero y octubre.<\/p>\n<p>En la actualidad, Avianca cuenta con una red de m\u00e1s de 140 rutas que conectan con 75 destinos en 25 pa\u00edses de Am\u00e9rica y Europa.<\/p>\n<p>.<\/p>\n<p>FUENTE: avianca<\/p>\n","protected":false},"excerpt":{"rendered":"<p> Con la presencia del CEO de Cirium: Durante la ceremonia, Avianca devel\u00f3 un avi\u00f3n Airbus 320 con un livery conmemorativo  <\/p>\n","protected":false},"author":1,"featured_media":21334,"comment_status":"open","ping_status":"closed","sticky":false,"template":"","format":"standard","meta":[],"categories":[19],"tags":[],"_links":{"self":[{"href":"https:\/\/latecordoba.com\/index.php\/wp-json\/wp\/v2\/posts\/21333"}],"collection":[{"href":"https:\/\/latecordoba.com\/index.php\/wp-json\/wp\/v2\/posts"}],"about":[{"href":"https:\/\/latecordoba.com\/index.php\/wp-json\/wp\/v2\/types\/post"}],"author":[{"embeddable":true,"href":"https:\/\/latecordoba.com\/index.php\/wp-json\/wp\/v2\/users\/1"}],"replies":[{"embeddable":true,"href":"https:\/\/latecordoba.com\/index.php\/wp-json\/wp\/v2\/comments?post=21333"}],"version-history":[{"count":0,"href":"https:\/\/latecordoba.com\/index.php\/wp-json\/wp\/v2\/posts\/21333\/revisions"}],"wp:featuredmedia":[{"embeddable":true,"href":"https:\/\/latecordoba.com\/index.php\/wp-json\/wp\/v2\/media\/21334"}],"wp:attachment":[{"href":"https:\/\/latecordoba.com\/index.php\/wp-json\/wp\/v2\/media?parent=21333"}],"wp:term":[{"taxonomy":"category","embeddable":true,"href":"https:\/\/latecordoba.com\/index.php\/wp-json\/wp\/v2\/categories?post=21333"},{"taxonomy":"post_tag","embeddable":true,"href":"https:\/\/latecordoba.com\/index.php\/wp-json\/wp\/v2\/tags?post=21333"}],"curies":[{"name":"wp","href":"https:\/\/api.w.org\/{rel}","templated":true}]}}