{"id":21314,"date":"2024-03-21T12:04:00","date_gmt":"2024-03-21T12:04:00","guid":{"rendered":"https:\/\/www.puntal.com.ar\/el-teorema-marguerite-se-estrena-el-favio-n213678"},"modified":"2024-03-21T12:04:00","modified_gmt":"2024-03-21T12:04:00","slug":"el-teorema-de-marguerite-se-estrena-en-el-favio","status":"publish","type":"post","link":"https:\/\/latecordoba.com\/index.php\/2024\/03\/21\/el-teorema-de-marguerite-se-estrena-en-el-favio\/","title":{"rendered":"El Teorema de Marguerite se estrena en el Favio"},"content":{"rendered":"\n<div><img decoding=\"async\" src=\"http:\/\/latecordoba.com\/wp-content\/uploads\/2024\/03\/el-teorema-de-marguerite-se-estrena-en-el-favio.jpg\" class=\"ff-og-image-inserted\"><\/div>\n<div class=\"cuerpo\" data-twitter-link readability=\"17\">\n<div contenteditable=\"false\" class=\"embed_cont type_freetext\" rel=\"freetext\" id=\"embed6762_wrap\" data-provider=\"YouTube\" readability=\"32\">\n<p>Embed &#8211; EL TEOREMA DE MARGUERITE trailer<span onclick=\"parent.parent.TinyMCETdcuerpo.preview_embed('embed6762')\" class=\"embed_colapse less\" id=\"embed6762_colapse\"><\/span><span onclick=\"parent.parent.TinyMCETdcuerpo.delete_embed('embed6762')\" class=\"embed_delete less\" id=\"embed6762_delete\"><\/span><\/p>\n<div id=\"embed6762_content\" class=\"embed_content\">\n<p> <iframe loading=\"lazy\" width=\"200\" height=\"113\" src=\"https:\/\/www.youtube.com\/embed\/eO6AN3eAIYg?feature=oembed\" frameborder=\"0\" allow=\"accelerometer; autoplay; clipboard-write; encrypted-media; gyroscope; picture-in-picture; web-share\" allowfullscreen title=\"EL TEOREMA DE MARGUERITE trailer\">[embedded content]<\/iframe><\/p>\n<\/p><\/div>\n<\/p><\/div>\n<p>Sinopsis: Marguerite es una brillante estudiante de matem\u00e1ticas de la prestigiosa Escuela Superior de Lyon. Todo parece ir perfectamente mientras prepara la exposici\u00f3n de su tesis. En el d\u00eda clave, un error pone su situaci\u00f3n al borde del abismo y hace tambalear todas las certezas de su planificada vida. Marguerite entonces decide dejar todo y empezar de nuevo. Entrada gral. $1000, estudiantes y jubilados $500. Repite viernes 22, s\u00e1bado 23, martes 26 y jueves 28 a las 21hs, lunes 25, mi\u00e9rcoles 27 y s\u00e1bado 30 a las 18.30hs.<\/p>\n<\/div>\n","protected":false},"excerpt":{"rendered":"\n<p>La pel\u00edcula franco-suiza dirigida por Anne Novion, se podr\u00e1 ver desde hoy a las 21hs. <\/p>\n","protected":false},"author":1,"featured_media":21315,"comment_status":"closed","ping_status":"closed","sticky":false,"template":"","format":"standard","meta":[],"categories":[14],"tags":[],"_links":{"self":[{"href":"https:\/\/latecordoba.com\/index.php\/wp-json\/wp\/v2\/posts\/21314"}],"collection":[{"href":"https:\/\/latecordoba.com\/index.php\/wp-json\/wp\/v2\/posts"}],"about":[{"href":"https:\/\/latecordoba.com\/index.php\/wp-json\/wp\/v2\/types\/post"}],"author":[{"embeddable":true,"href":"https:\/\/latecordoba.com\/index.php\/wp-json\/wp\/v2\/users\/1"}],"replies":[{"embeddable":true,"href":"https:\/\/latecordoba.com\/index.php\/wp-json\/wp\/v2\/comments?post=21314"}],"version-history":[{"count":0,"href":"https:\/\/latecordoba.com\/index.php\/wp-json\/wp\/v2\/posts\/21314\/revisions"}],"wp:featuredmedia":[{"embeddable":true,"href":"https:\/\/latecordoba.com\/index.php\/wp-json\/wp\/v2\/media\/21315"}],"wp:attachment":[{"href":"https:\/\/latecordoba.com\/index.php\/wp-json\/wp\/v2\/media?parent=21314"}],"wp:term":[{"taxonomy":"category","embeddable":true,"href":"https:\/\/latecordoba.com\/index.php\/wp-json\/wp\/v2\/categories?post=21314"},{"taxonomy":"post_tag","embeddable":true,"href":"https:\/\/latecordoba.com\/index.php\/wp-json\/wp\/v2\/tags?post=21314"}],"curies":[{"name":"wp","href":"https:\/\/api.w.org\/{rel}","templated":true}]}}