{"id":21261,"date":"2024-03-18T22:31:00","date_gmt":"2024-03-18T22:31:00","guid":{"rendered":"https:\/\/www.iprofesional.com\/vinos\/402322-luigi-bosca-presente-en-la-ultima-edicion-de-la-feria-de-vinos-prowein"},"modified":"2024-03-18T22:31:00","modified_gmt":"2024-03-18T22:31:00","slug":"luigi-bosca-presente-en-la-ultima-edicion-de-la-feria-de-vinos-prowein","status":"publish","type":"post","link":"https:\/\/latecordoba.com\/index.php\/2024\/03\/18\/luigi-bosca-presente-en-la-ultima-edicion-de-la-feria-de-vinos-prowein\/","title":{"rendered":"Luigi Bosca, presente en la \u00faltima edici\u00f3n de la feria de vinos ProWein"},"content":{"rendered":"\n<div class=\"media_block\"><img decoding=\"async\" src=\"http:\/\/latecordoba.com\/wp-content\/uploads\/2024\/03\/luigi-bosca-presente-en-la-ultima-edicion-de-la-feria-de-vinos-prowein.jpg\"><\/div>\n<div id>\n<p> En la celebraci\u00f3n del 30\u00b0 aniversario de la feria, la bodega&nbsp;cont\u00f3 con stand propio, donde ofreci\u00f3 degustaciones de todos los vinos de su portfolio <\/p>\n<p><strong>18\/03\/2024<\/strong> &#8211; 19:31hs<\/p>\n<div class=\"image-container img-wide padding-b\"> <picture><source media=\"(min-width:650px)\" srcset=\"http:\/\/latecordoba.com\/wp-content\/uploads\/2024\/03\/luigi-bosca-presente-en-la-ultima-edicion-de-la-feria-de-vinos-prowein.webp\" data-srcset=\"http:\/\/latecordoba.com\/wp-content\/uploads\/2024\/03\/luigi-bosca-presente-en-la-ultima-edicion-de-la-feria-de-vinos-prowein.webp\" class><source media=\"(min-width:465px)\" srcset=\"http:\/\/latecordoba.com\/wp-content\/uploads\/2024\/03\/luigi-bosca-presente-en-la-ultima-edicion-de-la-feria-de-vinos-prowein.webp\" data-srcset=\"http:\/\/latecordoba.com\/wp-content\/uploads\/2024\/03\/luigi-bosca-presente-en-la-ultima-edicion-de-la-feria-de-vinos-prowein.webp\" class><img decoding=\"async\" loading=\"lazy\" src=\"http:\/\/latecordoba.com\/wp-content\/uploads\/2024\/03\/luigi-bosca-presente-en-la-ultima-edicion-de-la-feria-de-vinos-prowein.webp\" data-src=\"http:\/\/latecordoba.com\/wp-content\/uploads\/2024\/03\/luigi-bosca-presente-en-la-ultima-edicion-de-la-feria-de-vinos-prowein.webp\" class alt=\"Luigi Bosca, presente en la \u00faltima edici\u00f3n de la feria de vinos ProWein\" width=\"1280px\" height=\"720px\"> <\/picture> <\/div>\n<\/p><\/div>\n<div readability=\"53.463753723932\">\n<p><strong>Luigi Bosca<\/strong> estuvo presente en ProWein D\u00fcsseldorf 2024, la feria de vinos y bebidas espirituosas m\u00e1s importante a nivel mundial, que se llev\u00f3 adelante del 10 al 12 de marzo en la ciudad alemana. En la celebraci\u00f3n del 30\u00b0 aniversario de la feria, <span>la bodega&nbsp;cont\u00f3 con stand propio, ubicado en el hall 13 del predio, donde ofreci\u00f3 degustaciones de todos los vinos de su portfolio.<\/span>\n<\/p>\n<p>La feria busca profundizar las relaciones comerciales entre las bodegas y los importadores y&nbsp;distribuidores internacionales de vino.\n<\/p>\n<div class=\"imagen\"><img decoding=\"async\" loading=\"lazy\" class=\"lazyload\" src=\"http:\/\/latecordoba.com\/wp-content\/uploads\/2024\/03\/luigi-bosca-presente-en-la-ultima-edicion-de-la-feria-de-vinos-prowein-1.jpg\" alt width=\"1280\" height=\"720\"> <\/div>\n<p>Este a\u00f1o participaron m\u00e1s de 5.700 expositores de m\u00e1s de 60 pa\u00edses, entre los que <strong>Argentina<\/strong> integra el top<strong> 10 en<\/strong> el ranking de cantidad de firmas participantes.\n<\/p>\n<p>&#8220;Un a\u00f1o m\u00e1s estuvimos presentes en la <strong>feria l\u00edder del sector<\/strong>, una gran vidriera que nos permite llegar&nbsp;con m\u00e1s fuerza al trade y de esta manera seguir trabajando en pos de nuestro objetivo de&nbsp;internacionalizaci\u00f3n de la marca&#8221;, destac\u00f3 Alberto Arizu (h), CEO de Bodega Luigi Bosca.<\/p>\n<\/p><\/div>\n","protected":false},"excerpt":{"rendered":"\n<div class=\"media_block\"><img decoding=\"async\" src=\"http:\/\/latecordoba.com\/wp-content\/uploads\/2024\/03\/luigi-bosca-presente-en-la-ultima-edicion-de-la-feria-de-vinos-prowein.jpg\"><\/div>\n<p> En la celebraci\u00f3n del 30\u00b0 aniversario de la feria, la bodega\u00a0cont\u00f3 con stand propio, donde ofreci\u00f3 degustaciones de todos los vinos de su portfolio <iframe width=\"0\" height=\"0\" border=\"0\"> <script> (function(i,s,o,g,r,a,m){i['GoogleAnalyticsObject']=r;i[r]=i[r]||function(){ (i[r].q=i[r].q||[]).push(arguments)},i[r].l=1*new Date();a=s.createElement(o), m=s.getElementsByTagName(o)[0];a.async=1;a.src=g;m.parentNode.insertBefore(a,m) })(window,document,'script','https:\/\/www.google-analytics.com\/analytics.js','ga'); ga('create', 'GTM-5LW5KQD', 'auto'); ga('require', 'displayfeatures'); ga('set', 'campaignSource', 'RSS Client for iProfesional'); ga('set', 'campaignMedium', 'RSS Client for iProfesional'); ga('set', {\"dataSource\": \"rss.atom.iprofesional.com\"}); ga('set', {\"referrer\": \"rss.atom.iprofesional.com\"}); ga('set', 'title', 'RSS Client for iProfesional'); ga('send', 'pageview'); <\/script> <!-- Begin comScore Tag --> <script> var _comscore = _comscore || []; _comscore.push({ c1: \"2\", c2: \"16597048\" }); (function() { var s = document.createElement(\"script\"), el = document.getElementsByTagName(\"script\")[0]; s.async = true; s.src = \"https:\/\/sb.scorecardresearch.com\/cs\/16597048\/beacon.js\"; el.parentNode.insertBefore(s, el); })(); <\/script> <noscript> <img decoding=\"async\" src=\"http:\/\/latecordoba.com\/wp-content\/uploads\/2024\/03\/luigi-bosca-presente-en-la-ultima-edicion-de-la-feria-de-vinos-prowein.gif\"> <\/noscript> <!-- End comScore Tag --> <\/iframe> <iframe border=\"0px\" style=\"display: none\" width=0 height=0 src=\"https:\/\/www.iprofesional.com\/ga4.html?gtag_id=G-N13KWJP8BK&amp;title=Luigi Bosca, presente en la \u00faltima edici\u00f3n de la feria de vinos ProWein&amp;location=https:\/\/www.iprofesional.com\/vinos\/402322-luigi-bosca-presente-en-la-ultima-edicion-de-la-feria-de-vinos-prowein&amp;referrer=rss.atom.iprofesional.com&amp;ci=RSS Client for iProfesional&amp;cs=RSS Client for iProfesional&amp;cm=RSS&amp;cn=RSS Client for iProfesional&amp;cc=RSS Client for iProfesional\"><\/iframe>  <\/p>\n","protected":false},"author":1,"featured_media":21262,"comment_status":"open","ping_status":"closed","sticky":false,"template":"","format":"standard","meta":[],"categories":[19],"tags":[],"_links":{"self":[{"href":"https:\/\/latecordoba.com\/index.php\/wp-json\/wp\/v2\/posts\/21261"}],"collection":[{"href":"https:\/\/latecordoba.com\/index.php\/wp-json\/wp\/v2\/posts"}],"about":[{"href":"https:\/\/latecordoba.com\/index.php\/wp-json\/wp\/v2\/types\/post"}],"author":[{"embeddable":true,"href":"https:\/\/latecordoba.com\/index.php\/wp-json\/wp\/v2\/users\/1"}],"replies":[{"embeddable":true,"href":"https:\/\/latecordoba.com\/index.php\/wp-json\/wp\/v2\/comments?post=21261"}],"version-history":[{"count":0,"href":"https:\/\/latecordoba.com\/index.php\/wp-json\/wp\/v2\/posts\/21261\/revisions"}],"wp:featuredmedia":[{"embeddable":true,"href":"https:\/\/latecordoba.com\/index.php\/wp-json\/wp\/v2\/media\/21262"}],"wp:attachment":[{"href":"https:\/\/latecordoba.com\/index.php\/wp-json\/wp\/v2\/media?parent=21261"}],"wp:term":[{"taxonomy":"category","embeddable":true,"href":"https:\/\/latecordoba.com\/index.php\/wp-json\/wp\/v2\/categories?post=21261"},{"taxonomy":"post_tag","embeddable":true,"href":"https:\/\/latecordoba.com\/index.php\/wp-json\/wp\/v2\/tags?post=21261"}],"curies":[{"name":"wp","href":"https:\/\/api.w.org\/{rel}","templated":true}]}}