{"id":21257,"date":"2024-03-20T21:19:00","date_gmt":"2024-03-20T21:19:00","guid":{"rendered":"https:\/\/www.iprofesional.com\/economia\/402525-bcra-retomo-racha-compradora-cuantos-millones-de-dolares-lleva-con-javier-milei"},"modified":"2024-03-20T21:19:00","modified_gmt":"2024-03-20T21:19:00","slug":"el-banco-central-retomo-su-racha-compradora-ya-acumulo-casi-us11-000-millones-en-la-era-milei","status":"publish","type":"post","link":"https:\/\/latecordoba.com\/index.php\/2024\/03\/20\/el-banco-central-retomo-su-racha-compradora-ya-acumulo-casi-us11-000-millones-en-la-era-milei\/","title":{"rendered":"El Banco Central retom\u00f3 su racha compradora: ya acumul\u00f3 casi u$s11.000 millones en la era Milei"},"content":{"rendered":"\n<div class=\"media_block\"><img decoding=\"async\" src=\"http:\/\/latecordoba.com\/wp-content\/uploads\/2024\/03\/el-banco-central-retomo-su-racha-compradora-ya-acumulo-casi-us11-000-millones-en-la-era-milei.jpg\"><\/div>\n<div id>\n<p> El BCRA tuvo un saldo neto comprador de u$s121 millones en el mercado cambiario, con lo cual acumula compras netas por u$s10.760 millones en la era Milei <\/p>\n<p><strong>20\/03\/2024<\/strong> &#8211; 18:19hs<\/p>\n<div class=\"image-container img-wide padding-b\"> <picture><source media=\"(min-width:650px)\" srcset=\"http:\/\/latecordoba.com\/wp-content\/uploads\/2024\/03\/el-banco-central-retomo-su-racha-compradora-ya-acumulo-casi-us11-000-millones-en-la-era-milei.webp\" data-srcset=\"http:\/\/latecordoba.com\/wp-content\/uploads\/2024\/03\/el-banco-central-retomo-su-racha-compradora-ya-acumulo-casi-us11-000-millones-en-la-era-milei.webp\" class><source media=\"(min-width:465px)\" srcset=\"http:\/\/latecordoba.com\/wp-content\/uploads\/2024\/03\/el-banco-central-retomo-su-racha-compradora-ya-acumulo-casi-us11-000-millones-en-la-era-milei.webp\" data-srcset=\"http:\/\/latecordoba.com\/wp-content\/uploads\/2024\/03\/el-banco-central-retomo-su-racha-compradora-ya-acumulo-casi-us11-000-millones-en-la-era-milei.webp\" class><img decoding=\"async\" loading=\"lazy\" src=\"http:\/\/latecordoba.com\/wp-content\/uploads\/2024\/03\/el-banco-central-retomo-su-racha-compradora-ya-acumulo-casi-us11-000-millones-en-la-era-milei.webp\" data-src=\"http:\/\/latecordoba.com\/wp-content\/uploads\/2024\/03\/el-banco-central-retomo-su-racha-compradora-ya-acumulo-casi-us11-000-millones-en-la-era-milei.webp\" class alt=\"El Banco Central retom\u00f3 su racha compradora: ya acumul\u00f3 casi u$s11.000 millones en la era Milei\" width=\"1280px\" height=\"720px\"> <\/picture> <\/div>\n<\/p><\/div>\n<div readability=\"104.6193134245\">\n<p>El <strong>Banco Centra<span>l<\/span><\/strong><span> retom\u00f3 este mi\u00e9rcoles la postura compradora al registrar un saldo favorable de u$s121 millones<\/span> por su intervenci\u00f3n en el mercado cambiario luego de que en la v\u00edspera hab\u00eda vendido u$s73 millones con lo cual <a href=\"https:\/\/www.iprofesional.com\/economia\/402413-reservas-bcra-corto-racha-compradora-de-12-ruedas\" target=\"_blank\" rel=\"noopener noreferrer\">hab\u00eda quebrado una racha positiva 12 jornadas consecutivas.<\/a>\n<\/p>\n<p>De esta manera, el <strong>stock de reservas brutas<\/strong> internacionales volvi\u00f3 a superar la barrera de los u$s28.000 millones, aunque qued\u00f3 apenas por arriba. Alcanz\u00f3 un nivel de <strong>u$s28.047 millones<\/strong> con lo cual evidenci\u00f3 una suba diaria de u$s67 millones.\n<\/p>\n<p>Desde la devaluaci\u00f3n, el BCRA exhibi\u00f3 una racha compradora que tuvo solo tres interrupciones por ventas: el 31 de de enero por u$s10 millones, el 29 de febrero por u$s142 millones, y la de ayer por u$s73 millones. En este \u00faltimo caso, en el mercado estimaron que pod\u00eda estar vinculado a demanda por pagos de deudas provinciales, y tambi\u00e9n a que en la jornada se verific\u00f3 una menor liquidaci\u00f3n, la m\u00e1s baja desde el 1 de febrero.\n<\/p>\n<p>Los analistas plantean que la racha compradora predominante desde que asumi\u00f3 Milei es producto de la devaluaci\u00f3n y la mayor oferta de divisas impulsada por el d\u00f3lar blend o exportador pero fundamentalmente por la demanda restringida de importadores por un esquema de pagos en cuatro cuotas, a costa de un crecimiento de la deuda comercial. Tambi\u00e9n influye la ca\u00edda de las importaciones por la recesi\u00f3n. En<a href=\"https:\/\/www.iprofesional.com\/economia\/402417-el-lado-b-de-la-paz-del-dolar-importaciones-cayeron-con-fuerza\" target=\"_blank\" rel=\"noopener noreferrer\">&nbsp;febrero fue notoria la ca\u00edda de las importaciones <\/a>que se derrumbaron 18,6%.\n<\/p>\n<p>Eso qued\u00f3 reflejado en el resultado del intercambio de la balanza comercial del<span> <\/span><strong>primer bimestre, que arroj\u00f3 un super\u00e1vit comercial superior a u$s2.200<\/strong><span><strong> <\/strong>millones<\/span>. La consultora <strong>Outlier<\/strong> asegur\u00f3 que <span>&#8220;este saldo positivo explica, en parte, la buena performance compradora del BCRA; la otra parte son los plazos para acceder al mercado de cambios, el BOPREAL, y una balanza de pagos a\u00fan encepada&#8221;.<\/span>\n<\/p>\n<p>Los analistas estiman que la recomposici\u00f3n de reservas netas lograda permitir\u00e1 el sobrecumplimiento de la meta de acumulaci\u00f3n prevista con el FMI para el primer trimestre fijada en u$s6.000 millones.\n<\/p>\n<div class=\"imagen\" readability=\"7\"><img decoding=\"async\" loading=\"lazy\" class=\"lazyload\" src=\"http:\/\/latecordoba.com\/wp-content\/uploads\/2024\/03\/el-banco-central-retomo-su-racha-compradora-ya-acumulo-casi-us11-000-millones-en-la-era-milei-1.jpg\" alt=\"El BCRA acumula compras netas por m\u00e1s de u$s10.760 millones en la era Milei\" width=\"880\" height=\"495\"><\/p>\n<p>El BCRA acumula compras netas por m\u00e1s de u$s10.760 millones en la era Milei<\/p>\n<\/div>\n<h2>BCRA: vuelve a terreno comprador<\/h2>\n<p>El BCRA verific\u00f3 este mi\u00e9rcoles un saldo neto comprador de u$s121 millones, con lo cual revirti\u00f3 la venta de u$s73 millones de la rueda previa, en una jornada donde el <a href=\"https:\/\/www.iprofesional.com\/finanzas\/402484-anticipan-que-tan-cerca-esta-el-final-del-cepo-al-dolar-un-objetivo-de-mediano-plazo\" target=\"_blank\" rel=\"noopener noreferrer\">d\u00f3lar blue<\/a> baj\u00f3 al cerrar en $1.030.&nbsp;\n<\/p>\n<p>La entidad monetaria volvi\u00f3 a terreno comprador, pese el operador<strong> Gustavo Quintana<\/strong> coment\u00f3 que <span>&#8220;hoy hubo un mercado con bajo volumen de negocios, el segundo m\u00e1s bajo del mes<\/span>&#8220;. Seg\u00fan indic\u00f3, el volumen operado en el segmento de contado fue de u$s282,961 frente a los u$s316,294 millones negociados en la rueda previa.\n<\/p>\n<p><span>&#8220;Luego de la interrupci\u00f3n de ayer, la autoridad monetaria retom\u00f3 el sendero de resultados positivos por su intervenci\u00f3n cambiaria. Todo parece indicar que las ventas de ayer respondieron a operaciones puntuales de cancelaci\u00f3n de deudas provinciales cuyos montos sobrepasaron la oferta de divisas&#8221;,<\/span> se\u00f1al\u00f3.\n<\/p>\n<p>De esta forma, la entidad monetaria suma en lo que va de esta semana compras netas por u$s115 millones, y <span>acumula desde la devaluaci\u00f3n un resultado positivo de u$s2.233 millones.<\/span>\n<\/p>\n<p>Quintana sostuvo que &#8220;el escenario local no muestra signos de cambios importantes y los analistas descartan nuevas compras oficiales que lleven los resultados a marcar nuevos r\u00e9cords por ese concepto en lo que resta del mes&#8221;.&nbsp;\n<\/p>\n<p>Con el saldo favorable de hoy, el <span>BCRA acumula compras netas por u$s10.760 millones desde la asunci\u00f3n de Milei.<\/span><\/p>\n<\/p><\/div>\n","protected":false},"excerpt":{"rendered":"\n<div class=\"media_block\"><img decoding=\"async\" src=\"http:\/\/latecordoba.com\/wp-content\/uploads\/2024\/03\/el-banco-central-retomo-su-racha-compradora-ya-acumulo-casi-us11-000-millones-en-la-era-milei.jpg\"><\/div>\n<p> El BCRA tuvo un saldo neto comprador de u$s121 millones en el mercado cambiario, con lo cual acumula compras netas por u$s10.760 millones en la era Milei <iframe width=\"0\" height=\"0\" border=\"0\"> <script> (function(i,s,o,g,r,a,m){i['GoogleAnalyticsObject']=r;i[r]=i[r]||function(){ (i[r].q=i[r].q||[]).push(arguments)},i[r].l=1*new Date();a=s.createElement(o), m=s.getElementsByTagName(o)[0];a.async=1;a.src=g;m.parentNode.insertBefore(a,m) })(window,document,'script','https:\/\/www.google-analytics.com\/analytics.js','ga'); ga('create', 'GTM-5LW5KQD', 'auto'); ga('require', 'displayfeatures'); ga('set', 'campaignSource', 'RSS Client for iProfesional'); ga('set', 'campaignMedium', 'RSS Client for iProfesional'); ga('set', {\"dataSource\": \"rss.atom.iprofesional.com\"}); ga('set', {\"referrer\": \"rss.atom.iprofesional.com\"}); ga('set', 'title', 'RSS Client for iProfesional'); ga('send', 'pageview'); <\/script> <!-- Begin comScore Tag --> <script> var _comscore = _comscore || []; _comscore.push({ c1: \"2\", c2: \"16597048\" }); (function() { var s = document.createElement(\"script\"), el = document.getElementsByTagName(\"script\")[0]; s.async = true; s.src = \"https:\/\/sb.scorecardresearch.com\/cs\/16597048\/beacon.js\"; el.parentNode.insertBefore(s, el); })(); <\/script> <noscript> <img decoding=\"async\" src=\"http:\/\/latecordoba.com\/wp-content\/uploads\/2024\/03\/el-banco-central-retomo-su-racha-compradora-ya-acumulo-casi-us11-000-millones-en-la-era-milei.gif\"> <\/noscript> <!-- End comScore Tag --> <\/iframe> <iframe border=\"0px\" style=\"display: none\" width=0 height=0 src=\"https:\/\/www.iprofesional.com\/ga4.html?gtag_id=G-N13KWJP8BK&amp;title=El Banco Central retom\u00f3 su racha compradora: ya acumul\u00f3 casi u$s11.000 millones en la era Milei&amp;location=https:\/\/www.iprofesional.com\/economia\/402525-bcra-retomo-racha-compradora-cuantos-millones-de-dolares-lleva-con-javier-milei&amp;referrer=rss.atom.iprofesional.com&amp;ci=RSS Client for iProfesional&amp;cs=RSS Client for iProfesional&amp;cm=RSS&amp;cn=RSS Client for iProfesional&amp;cc=RSS Client for iProfesional\"><\/iframe>  <\/p>\n","protected":false},"author":1,"featured_media":21258,"comment_status":"closed","ping_status":"closed","sticky":false,"template":"","format":"standard","meta":[],"categories":[18],"tags":[],"_links":{"self":[{"href":"https:\/\/latecordoba.com\/index.php\/wp-json\/wp\/v2\/posts\/21257"}],"collection":[{"href":"https:\/\/latecordoba.com\/index.php\/wp-json\/wp\/v2\/posts"}],"about":[{"href":"https:\/\/latecordoba.com\/index.php\/wp-json\/wp\/v2\/types\/post"}],"author":[{"embeddable":true,"href":"https:\/\/latecordoba.com\/index.php\/wp-json\/wp\/v2\/users\/1"}],"replies":[{"embeddable":true,"href":"https:\/\/latecordoba.com\/index.php\/wp-json\/wp\/v2\/comments?post=21257"}],"version-history":[{"count":0,"href":"https:\/\/latecordoba.com\/index.php\/wp-json\/wp\/v2\/posts\/21257\/revisions"}],"wp:featuredmedia":[{"embeddable":true,"href":"https:\/\/latecordoba.com\/index.php\/wp-json\/wp\/v2\/media\/21258"}],"wp:attachment":[{"href":"https:\/\/latecordoba.com\/index.php\/wp-json\/wp\/v2\/media?parent=21257"}],"wp:term":[{"taxonomy":"category","embeddable":true,"href":"https:\/\/latecordoba.com\/index.php\/wp-json\/wp\/v2\/categories?post=21257"},{"taxonomy":"post_tag","embeddable":true,"href":"https:\/\/latecordoba.com\/index.php\/wp-json\/wp\/v2\/tags?post=21257"}],"curies":[{"name":"wp","href":"https:\/\/api.w.org\/{rel}","templated":true}]}}