{"id":21253,"date":"2024-03-20T20:26:17","date_gmt":"2024-03-20T20:26:17","guid":{"rendered":"http:\/\/a3044637ba84d3741b0742304aa68e21"},"modified":"2024-03-20T20:26:17","modified_gmt":"2024-03-20T20:26:17","slug":"senales-del-gobierno-en-busca-de-algun-atajo-para-liberar-a-los-genocidas","status":"publish","type":"post","link":"https:\/\/latecordoba.com\/index.php\/2024\/03\/20\/senales-del-gobierno-en-busca-de-algun-atajo-para-liberar-a-los-genocidas\/","title":{"rendered":"Se\u00f1ales del Gobierno en busca de alg\u00fan atajo para liberar a los genocidas"},"content":{"rendered":"\n<div class=\"media_block\"><img decoding=\"async\" src=\"http:\/\/latecordoba.com\/wp-content\/uploads\/2024\/03\/senales-del-gobierno-en-busca-de-algun-atajo-para-liberar-a-los-genocidas.jpg\"><\/div>\n<p>En el Gobierno corre fuerte la versi\u00f3n que indica que Javier Milei est\u00e1 buscando un \u00e1ngulo para liberar a los genocidas de la \u00faltima dictadura militar, a d\u00edas del 24 de marzo.<\/p>\n<p>El presidente, que lleg\u00f3 a negar hasta en el debate presidencial el n\u00famero de 30 mil desaparecidos, intenta hacer un gui\u00f1o a su compa\u00f1era de f\u00f3rmula.<\/p>\n<p>Victoria Villarruel tiene un compromiso con el sector castrense y construy\u00f3 su carrera como presidenta del Centro de Estudios Legales sobre el Terrorismo y sus V\u00edctimas (Celtyv), una organizaci\u00f3n que reclama investigar episodios de violencia y muerte en manos de los movimientos revolucionarios previos al golpe de Estado de 1976.<\/p>\n<p>De todos modos, durante la campa\u00f1a Villarruel aclar\u00f3 que no piensa en indulto ni amnist\u00eda, sino en &#8220;reclamar justicia con celeridad para los cr\u00edmenes del terrorismo&#8221;.<\/p>\n<p>Es que la figura del indulto, que s\u00f3lo puede aplicar el presidente, es cuestionada por la Justicia en materia de delitos de lesa humanidad y est\u00e1 prohibida por la <a href=\"https:\/\/servicios.infoleg.gob.ar\/infolegInternet\/anexos\/245000-249999\/249820\/norma.htm\" target=\"_blank\" rel=\"noopener\">ley 27.516<\/a>&nbsp;para esos casos.&nbsp;<\/p>\n<p>De hecho este mismo mi\u00e9rcoles, acaso previendo novedades en el corto plazo, la C\u00e1mara de Casaci\u00f3n emiti\u00f3 un fallo con el que record\u00f3 que el indulto es &#8220;incompatible&#8221; en casos de lesa humanidad.<\/p>\n<p>Lo hizo al confirmar las condenas impuestas a 19 represores por cr\u00edmenes cometidos en perjuicio de 105 v\u00edctimas en los centros clandestinos de detenci\u00f3n &#8220;La Escuelita&#8221;, el Batall\u00f3n de Comunicaciones 181, Unidad Penitenciaria N\u00b0 4, Delegaci\u00f3n de Viedma de la Polic\u00eda Federal, Unidad Penitenciaria N\u00b0 9 y &#8220;la Escuelita&#8221; de Neuqu\u00e9n.<\/p>\n<p>Los jueces Alejandro Slokar, Angela Ledesma y Guillermo Yacobucci confirmaron las condenas para integrantes del V Cuerpo del Ej\u00e9rcito, autoridades policiales y del Servicio Penitenciario Bonaerense por delitos de lesa humanidad cometidos en esa jurisdicci\u00f3n. <\/p>\n<p><a href=\"https:\/\/www.lapoliticaonline.com\/tools\/redirect.php?t=3&amp;i=285105&amp;s=bdfc45daf661b8958da6fe4ccf9574cc\" target=\"_blank\" class=\"link-type-content content-type-noticia-ar\" rel=\"noopener\">Llaryora apela a los derechos humanos para diferenciarse de Milei: &#8220;Fueron 30 mil&#8221;<\/a><\/p>\n<p>El fallo destac\u00f3 que &#8220;el Comit\u00e9 contra la Tortura se ha expedido en contra de las medidas de impunidad en la Argentina y en sus precedentes ha recordado su jurisprudencia seg\u00fan la cual los Estados Partes tienen la obligaci\u00f3n de sancionar a las personas consideradas responsables de la comisi\u00f3n de actos de tortura&#8221;.<\/p>\n<p>&#8220;La imposici\u00f3n de penas menos severas y la concesi\u00f3n del indulto son incompatibles con la obligaci\u00f3n de imponer penas adecuadas&#8221;, dijeron los jueces.<\/p>\n<figure class=\"vsmimage\" contenteditable=\"false\"><img decoding=\"async\" loading=\"lazy\" alt=\"Petri con Pando y otras mujeres que reclaman la libertad de los genocidas. \" data-vsmid=\"220617\" data-owidth=\"960\" data-oheight=\"640\" src=\"data:image\/png;base64,iVBORw0KGgoAAAANSUhEUgAAAx4AAAIOAQMAAAAMVUlSAAAAA1BMVEUAAACnej3aAAAAAXRSTlMAQObYZgAAAElJREFUeJztwQEBAAAAgiD\/r25IQAEAAAAAAAAAAAAAAAAAAAAAAAAAAAAAAAAAAAAAAAAAAAAAAAAAAAAAAAAAAAAAAAAAAPBjz4YAAXoxaWgAAAAASUVORK5CYII=\" vsmidos=\"1\" vsmsrc=\"\/files\/image\/220\/220617\/65fb53c002af3_798_526!.jpg?s=5f1286bf37290ed2c6850984534b351a&amp;d=1710969795\" width=\"798\" height=\"526\" contenteditable=\"false\"><\/figure>\n<p>Por eso otra diagonal que busca el Gobierno es el beneficio del arresto domiciliario para los represores mayores de 70 a\u00f1os, si bien la gran mayor\u00eda de los condenados cumple las condenas fuera de la c\u00e1rcel.<\/p>\n<p>Ese es un reclamo que viene haciendo desde hace a\u00f1os Cecilia Pando, que est\u00e1 distanciada de Villarruel pero en las \u00faltimas horas consigui\u00f3 una foto con Luis Petri.<\/p>\n<p>El ministro de Defensa recibi\u00f3 a un grupo de esposas de genocidas condenados por cr\u00edmenes de lesa humanidad y pronunci\u00f3 una frase que estremecer\u00e1 a sus correligionarios de la UCR que impulsaron el juicio a las Juntas: &#8220;Algunos dirigentes demonizaron a las Fuerzas Armadas que actuaron en la d\u00e9cada del \u201870&#8221;, dijo Petri, que luego public\u00f3 <a href=\"https:\/\/twitter.com\/luispetri\/status\/1770482878473707590?s=48\" target=\"_blank\" rel=\"noopener\">un video<\/a> con m\u00fasica b\u00e9lica subiendo a un helic\u00f3ptero.<\/p>\n<figure class=\"vsmwidget widget-type-iframe\" vsmtype=\"iframe\" contenteditable=\"false\"><\/figure>\n","protected":false},"excerpt":{"rendered":"\n<div class=\"media_block\"><img decoding=\"async\" src=\"http:\/\/latecordoba.com\/wp-content\/uploads\/2024\/03\/senales-del-gobierno-en-busca-de-algun-atajo-para-liberar-a-los-genocidas.jpg\"><\/div>\n<p>Versiones indican que Milei quiere anunciar un indulto para cumplir con Villarruel. Petri reivindic\u00f3 la dictadura y Casaci\u00f3n aclaro que no se indultan los delitos de lesa humanidad.  <\/p>\n","protected":false},"author":1,"featured_media":21254,"comment_status":"closed","ping_status":"closed","sticky":false,"template":"","format":"standard","meta":[],"categories":[18],"tags":[],"_links":{"self":[{"href":"https:\/\/latecordoba.com\/index.php\/wp-json\/wp\/v2\/posts\/21253"}],"collection":[{"href":"https:\/\/latecordoba.com\/index.php\/wp-json\/wp\/v2\/posts"}],"about":[{"href":"https:\/\/latecordoba.com\/index.php\/wp-json\/wp\/v2\/types\/post"}],"author":[{"embeddable":true,"href":"https:\/\/latecordoba.com\/index.php\/wp-json\/wp\/v2\/users\/1"}],"replies":[{"embeddable":true,"href":"https:\/\/latecordoba.com\/index.php\/wp-json\/wp\/v2\/comments?post=21253"}],"version-history":[{"count":0,"href":"https:\/\/latecordoba.com\/index.php\/wp-json\/wp\/v2\/posts\/21253\/revisions"}],"wp:featuredmedia":[{"embeddable":true,"href":"https:\/\/latecordoba.com\/index.php\/wp-json\/wp\/v2\/media\/21254"}],"wp:attachment":[{"href":"https:\/\/latecordoba.com\/index.php\/wp-json\/wp\/v2\/media?parent=21253"}],"wp:term":[{"taxonomy":"category","embeddable":true,"href":"https:\/\/latecordoba.com\/index.php\/wp-json\/wp\/v2\/categories?post=21253"},{"taxonomy":"post_tag","embeddable":true,"href":"https:\/\/latecordoba.com\/index.php\/wp-json\/wp\/v2\/tags?post=21253"}],"curies":[{"name":"wp","href":"https:\/\/api.w.org\/{rel}","templated":true}]}}