{"id":21246,"date":"2024-03-20T13:48:55","date_gmt":"2024-03-20T13:48:55","guid":{"rendered":"https:\/\/www.radiourbanasf.com.ar\/?p=18673"},"modified":"2024-03-20T13:48:55","modified_gmt":"2024-03-20T13:48:55","slug":"virus-se-prepara-con-todo-para-subirse-al-escenario-del-arena","status":"publish","type":"post","link":"https:\/\/latecordoba.com\/index.php\/2024\/03\/20\/virus-se-prepara-con-todo-para-subirse-al-escenario-del-arena\/","title":{"rendered":"Virus se prepara con todo para subirse al escenario del Arena"},"content":{"rendered":"\n<div><img decoding=\"async\" src=\"http:\/\/latecordoba.com\/wp-content\/uploads\/2024\/03\/virus-se-prepara-con-todo-para-subirse-al-escenario-del-arena.jpg\" class=\"ff-og-image-inserted\"><\/div>\n<p>La ic\u00f3nica banda argentina se presentar\u00e1 el 12 de abril en CABA.<\/p>\n<div readability=\"43\">\n<p>Y ya se puede anticipar que ser\u00e1 una concierto memorable. \u00bfPor qu\u00e9? Porque a los hits que conocemos todos, la banda confirm\u00f3 que<strong>&nbsp;durante esa noche se grabar\u00e1 \u00a1su disco en vivo!<\/strong><\/p>\n<p>S\u00ed, a trav\u00e9s de sus redes sociales, los integrantes de la banda compartieron con sus fans imagenes de su reciente recorrido por el estadio del barrio porte\u00f1o de Villa Crespo y contaron c\u00f3mo se preparan para un show \u00fanico.<\/p>\n<p>\u00bfTodav\u00eda no ten\u00e9s tu entrada? Apurate. A\u00fan se pueden conseguir en el sitio web del estadio. Y&nbsp;<strong>los precios van desde los&nbsp;15.000 hasta los 32.000 pesos.<\/strong><\/p>\n<p>\u00bfTe lo vas a perder?<\/p>\n<\/div>\n","protected":false},"excerpt":{"rendered":"\n<div style=\"float:right;margin:0 0 20px 20px;\"><img decoding=\"async\" width=\"150\" height=\"150\" src=\"http:\/\/latecordoba.com\/wp-content\/uploads\/2024\/03\/virus-se-prepara-con-todo-para-subirse-al-escenario-del-arena-1.jpg\" class=\"attachment-thumbnail size-thumbnail wp-post-image\" alt=\"\" loading=\"lazy\" \/><\/div>\n<p>La ic\u00f3nica banda argentina se presentar\u00e1 el 12 de abril en CABA. Ya llega. Virus precalienta motores para su show del 12 de abril en el Arena\u00a0de Buenos Aires. Y ya se puede anticipar que ser\u00e1 una concierto memorable. \u00bfPor qu\u00e9? Porque a los hits que conocemos todos, la banda confirm\u00f3 que\u00a0durante esa noche se &#8230;  <\/p>\n","protected":false},"author":1,"featured_media":21247,"comment_status":"closed","ping_status":"closed","sticky":false,"template":"","format":"standard","meta":[],"categories":[20],"tags":[],"_links":{"self":[{"href":"https:\/\/latecordoba.com\/index.php\/wp-json\/wp\/v2\/posts\/21246"}],"collection":[{"href":"https:\/\/latecordoba.com\/index.php\/wp-json\/wp\/v2\/posts"}],"about":[{"href":"https:\/\/latecordoba.com\/index.php\/wp-json\/wp\/v2\/types\/post"}],"author":[{"embeddable":true,"href":"https:\/\/latecordoba.com\/index.php\/wp-json\/wp\/v2\/users\/1"}],"replies":[{"embeddable":true,"href":"https:\/\/latecordoba.com\/index.php\/wp-json\/wp\/v2\/comments?post=21246"}],"version-history":[{"count":0,"href":"https:\/\/latecordoba.com\/index.php\/wp-json\/wp\/v2\/posts\/21246\/revisions"}],"wp:featuredmedia":[{"embeddable":true,"href":"https:\/\/latecordoba.com\/index.php\/wp-json\/wp\/v2\/media\/21247"}],"wp:attachment":[{"href":"https:\/\/latecordoba.com\/index.php\/wp-json\/wp\/v2\/media?parent=21246"}],"wp:term":[{"taxonomy":"category","embeddable":true,"href":"https:\/\/latecordoba.com\/index.php\/wp-json\/wp\/v2\/categories?post=21246"},{"taxonomy":"post_tag","embeddable":true,"href":"https:\/\/latecordoba.com\/index.php\/wp-json\/wp\/v2\/tags?post=21246"}],"curies":[{"name":"wp","href":"https:\/\/api.w.org\/{rel}","templated":true}]}}