{"id":21244,"date":"2024-03-20T13:40:30","date_gmt":"2024-03-20T13:40:30","guid":{"rendered":"https:\/\/radioritmo.com.ar\/?p=16728"},"modified":"2024-03-20T13:40:30","modified_gmt":"2024-03-20T13:40:30","slug":"alma-la-hija-de-ulises-compartio-el-challenge-de-no-puedo-fingirlo","status":"publish","type":"post","link":"https:\/\/latecordoba.com\/index.php\/2024\/03\/20\/alma-la-hija-de-ulises-compartio-el-challenge-de-no-puedo-fingirlo\/","title":{"rendered":"Alma, la hija de Ulises, comparti\u00f3 el challenge de \u201cNo puedo fingirlo\u201d"},"content":{"rendered":"\n<div><img decoding=\"async\" src=\"http:\/\/latecordoba.com\/wp-content\/uploads\/2024\/03\/alma-la-hija-de-ulises-compartio-el-challenge-de-no-puedo-fingirlo.jpg\" class=\"ff-og-image-inserted\"><\/div>\n<h2 class=\"article__dropline\">Tras el \u00e9xito del videoclip, la adolescente mostr\u00f3 en su redes el trend de la canci\u00f3n que lanz\u00f3 su pap\u00e1 junto a DesaKTa2.<\/h2>\n<p class=\"paragraph\"><a href=\"https:\/\/eldoce.tv\/cuarteteando\/2024\/03\/07\/ulises-presento-su-nuevo-feat-con-desakta2-y-la-participacion-especial-de-sabrina-rojas\/\" target=\"_blank\" rel=\"noopener\"><i><b>No puedo fingirlo<\/b><\/i><\/a>&nbsp;se convirti\u00f3 en el nuevo feat que presentaron&nbsp;<b>Ulises Bueno<\/b>&nbsp;y&nbsp;<b>DesaKTa2.&nbsp;<\/b>La canci\u00f3n que fue un in\u00e9dito presentado en 2023 en la voz de&nbsp;<b>Fer Olmedo<\/b>&nbsp;tuvo se relanzamiento con una versi\u00f3n a d\u00fao y la participaci\u00f3n especial de la actriz&nbsp;<b>Sabrina Rojas<\/b>.<\/p>\n<p class=\"paragraph\">Como suele suceder en el mundo de la m\u00fasica, el estreno lleg\u00f3 con su propio \u201cchallenge\u201d y&nbsp;<b>Alma Bueno<\/b>, hija del Uli, se encarg\u00f3 de compartir el paso a paso a trav\u00e9s de sus redes sociales.<\/p>\n<p>Parece sencillo ya que son pocos segundos pero tiene sus complicaciones. En esta oportunidad, el baile necesita de la coordinaci\u00f3n de brazos y manos para lograr el objetivo&nbsp;<b>\u00bfTe anim\u00e1s a intentarlo?<\/b><\/p>\n<p class=\"paragraph\">La colaboraci\u00f3n de Ulises con Fer Olmedo super\u00f3 el mill\u00f3n de reproducciones a poco m\u00e1s de una semana y se mantiene entre las principales tendencias musicales de YouTube.<\/p>\n<h5 class=\"font--primary\"><b>Se viene una bomba<\/b><\/h5>\n<p class=\"paragraph\">El pasado fin de semana, el Uli y Luck Ra sorprendieron con un anuncio bomba. A trav\u00e9s de un video de lo que podr\u00eda ser el set de grabaci\u00f3n, ambos artistas&nbsp;<a href=\"https:\/\/eldoce.tv\/cuarteteando\/2024\/03\/16\/adelanto-luck-ra-anuncio-una-colaboracion-con-ulises-bueno\/\" target=\"_blank\" rel=\"noopener\"><b>confirmaron su primer trabajo en conjunto<\/b><\/a>&nbsp;y hasta adelantaron parte de la letra de lo que promete ser un nuevo hit cuartetero.<\/p>\n<p class=\"paragraph\"><i>\u201cEl alcohol me lastim\u00f3, por eso es que me enoje, domingo por la ma\u00f1ana dije basta y lo dej\u00e9. Hasta el martes todo bien, el jueves lo perdon\u00e9. Y el viernes por la noche le di un beso y me amigu\u00e9. Me lleg\u00f3 una noticia, le pregunt\u00e9 qu\u00e9 pasa, era uno de los pibes que hac\u00eda previa en su casa. Me puse la camisa, y me calc\u00e9 las zapas y con una sonrisa, me fui para su casa\u201d.<\/i><\/p>\n","protected":false},"excerpt":{"rendered":"<p> Tras el \u00e9xito del videoclip, la adolescente mostr\u00f3 en su redes el trend de la canci\u00f3n que lanz\u00f3 su pap\u00e1 junto a DesaKTa2. No puedo fingirlo\u00a0se convirti\u00f3 en el nuevo feat que presentaron\u00a0Ulises Bueno\u00a0y\u00a0DesaKTa2.\u00a0La canci\u00f3n que fue un in\u00e9dito presentado en 2023 en la voz de\u00a0Fer Olmedo\u00a0tuvo se relanzamiento con una versi\u00f3n a d\u00fao y &#8230;  <\/p>\n","protected":false},"author":1,"featured_media":21245,"comment_status":"closed","ping_status":"closed","sticky":false,"template":"","format":"standard","meta":[],"categories":[20],"tags":[],"_links":{"self":[{"href":"https:\/\/latecordoba.com\/index.php\/wp-json\/wp\/v2\/posts\/21244"}],"collection":[{"href":"https:\/\/latecordoba.com\/index.php\/wp-json\/wp\/v2\/posts"}],"about":[{"href":"https:\/\/latecordoba.com\/index.php\/wp-json\/wp\/v2\/types\/post"}],"author":[{"embeddable":true,"href":"https:\/\/latecordoba.com\/index.php\/wp-json\/wp\/v2\/users\/1"}],"replies":[{"embeddable":true,"href":"https:\/\/latecordoba.com\/index.php\/wp-json\/wp\/v2\/comments?post=21244"}],"version-history":[{"count":0,"href":"https:\/\/latecordoba.com\/index.php\/wp-json\/wp\/v2\/posts\/21244\/revisions"}],"wp:featuredmedia":[{"embeddable":true,"href":"https:\/\/latecordoba.com\/index.php\/wp-json\/wp\/v2\/media\/21245"}],"wp:attachment":[{"href":"https:\/\/latecordoba.com\/index.php\/wp-json\/wp\/v2\/media?parent=21244"}],"wp:term":[{"taxonomy":"category","embeddable":true,"href":"https:\/\/latecordoba.com\/index.php\/wp-json\/wp\/v2\/categories?post=21244"},{"taxonomy":"post_tag","embeddable":true,"href":"https:\/\/latecordoba.com\/index.php\/wp-json\/wp\/v2\/tags?post=21244"}],"curies":[{"name":"wp","href":"https:\/\/api.w.org\/{rel}","templated":true}]}}