{"id":21237,"date":"2024-03-20T12:24:00","date_gmt":"2024-03-20T12:24:00","guid":{"rendered":"https:\/\/www.puntal.com.ar\/musica\/los-cabrera-postulados-los-premios-gardel-n213597"},"modified":"2024-03-20T12:24:00","modified_gmt":"2024-03-20T12:24:00","slug":"los-de-cabrera-postulados-a-los-premios-gardel","status":"publish","type":"post","link":"https:\/\/latecordoba.com\/index.php\/2024\/03\/20\/los-de-cabrera-postulados-a-los-premios-gardel\/","title":{"rendered":"Los de Cabrera, postulados a los premios Gardel"},"content":{"rendered":"\n<div><img decoding=\"async\" src=\"http:\/\/latecordoba.com\/wp-content\/uploads\/2024\/03\/los-de-cabrera-postulados-a-los-premios-gardel.jpg\" class=\"ff-og-image-inserted\"><\/div>\n<div class=\"cuerpo\" data-twitter-link readability=\"20\">\n<p>El grupo folkl\u00f3rico <strong>Los de Cabrera<\/strong>, integrado en la actualidad por Juan Pablo Rivera, David Buffa, Luis Toledo, Santiago Llanes, Adri\u00e1n Ferrochio y Walter Ord\u00f3\u00f1ez, bajo el sello discogr\u00e1fico KM Music, por quinto a\u00f1o consecutivo fue postulado en los premios Gardel 2024, en esta oportunidad en la categor\u00eda V\u00eddeo clip corto, en la que llevan el folklore tradicional, en este caso con zamba La rubia moreno.<\/p>\n<\/div>\n","protected":false},"excerpt":{"rendered":"\n<p>El grupo folkl\u00f3rico fue incluido en la categor\u00eda V\u00eddeo clip corto con la zamba La rubia moreno<\/p>\n","protected":false},"author":1,"featured_media":21238,"comment_status":"closed","ping_status":"closed","sticky":false,"template":"","format":"standard","meta":[],"categories":[14],"tags":[],"_links":{"self":[{"href":"https:\/\/latecordoba.com\/index.php\/wp-json\/wp\/v2\/posts\/21237"}],"collection":[{"href":"https:\/\/latecordoba.com\/index.php\/wp-json\/wp\/v2\/posts"}],"about":[{"href":"https:\/\/latecordoba.com\/index.php\/wp-json\/wp\/v2\/types\/post"}],"author":[{"embeddable":true,"href":"https:\/\/latecordoba.com\/index.php\/wp-json\/wp\/v2\/users\/1"}],"replies":[{"embeddable":true,"href":"https:\/\/latecordoba.com\/index.php\/wp-json\/wp\/v2\/comments?post=21237"}],"version-history":[{"count":0,"href":"https:\/\/latecordoba.com\/index.php\/wp-json\/wp\/v2\/posts\/21237\/revisions"}],"wp:featuredmedia":[{"embeddable":true,"href":"https:\/\/latecordoba.com\/index.php\/wp-json\/wp\/v2\/media\/21238"}],"wp:attachment":[{"href":"https:\/\/latecordoba.com\/index.php\/wp-json\/wp\/v2\/media?parent=21237"}],"wp:term":[{"taxonomy":"category","embeddable":true,"href":"https:\/\/latecordoba.com\/index.php\/wp-json\/wp\/v2\/categories?post=21237"},{"taxonomy":"post_tag","embeddable":true,"href":"https:\/\/latecordoba.com\/index.php\/wp-json\/wp\/v2\/tags?post=21237"}],"curies":[{"name":"wp","href":"https:\/\/api.w.org\/{rel}","templated":true}]}}