{"id":21235,"date":"2024-03-19T16:37:00","date_gmt":"2024-03-19T16:37:00","guid":{"rendered":"https:\/\/www.iprofesional.com\/economia\/402394-alerta-empleados-publicos-el-gobierno-cerrara-dos-organismos-estatales"},"modified":"2024-03-19T16:37:00","modified_gmt":"2024-03-19T16:37:00","slug":"fuerte-ola-de-despidos-el-gobierno-cerrara-otros-dos-organismos-publicos-y-echara-a-900-empleados","status":"publish","type":"post","link":"https:\/\/latecordoba.com\/index.php\/2024\/03\/19\/fuerte-ola-de-despidos-el-gobierno-cerrara-otros-dos-organismos-publicos-y-echara-a-900-empleados\/","title":{"rendered":"Fuerte ola de despidos: el Gobierno cerrar\u00e1 otros dos organismos p\u00fablicos y echar\u00e1 a 900 empleados"},"content":{"rendered":"\n<div class=\"media_block\"><img decoding=\"async\" src=\"http:\/\/latecordoba.com\/wp-content\/uploads\/2024\/03\/fuerte-ola-de-despidos-el-gobierno-cerrara-otros-dos-organismos-publicos-y-echara-a-900-empleados.jpg\"><\/div>\n<p>El Gobierno confirm\u00f3 que cerrar\u00e1 otros dos organismos estatales, con lo que habr\u00e1 una <a href=\"https:\/\/www.iprofesional.com\/economia\/402123-estatales-se-moviliza-a-capital-humano-por-aumento-salarial-y-en-rechazo-a-despidos\" target=\"_blank\" rel=\"noopener noreferrer\">nueva ola de despidos<\/a>, ya que 900 empleados p\u00fablicos se quedar\u00e1n sin trabajo. As\u00ed lo inform\u00f3 el vocero presidencial, Manuel Adorni, quien dijo que se trata del Instituto de Agricultura Familiar, Campesina e Ind\u00edgena, y del Consejo Nacional de Agricultura Familiar.\n<\/p>\n<p>El funcionario ratific\u00f3 que esta resoluci\u00f3n se tom\u00f3 despu\u00e9s de haber revisado &#8220;datos calamitosos, profundamente desoladores&#8221; sobre <strong>ambos organismos que empleaban a 964 trabajadore<\/strong>s, lo que se redujo a direcci\u00f3n que nuclear\u00e1 a 64 empleados.\n<\/p>\n<p>&#8220;<strong>Se van a reducir 900 puestos de no trabajo<\/strong>. Esto va a significar <strong>un ahorro de 9.000 millones de pesos<\/strong>&#8220;, subray\u00f3 al respecto.\n<\/p>\n<p>El vocero presidencial alert\u00f3 sobre &#8220;la fiesta que hab\u00eda del gasto p\u00fablico&#8221; y plante\u00f3 que hab\u00eda &#8220;<span>160 delegaciones, dos sedes, una en Catamarca y otra en Santiago del Estero, y uno de cada tres empleados eran delegados. Ten\u00edan 204 veh\u00edculos y el 85% del presupuesto se dedicaba a pagar sueldos, casi una agencia de empleo pol\u00edtico<\/span>&#8220;.\n<\/p>\n<p>Adem\u00e1s, advirti\u00f3 que se transfer\u00edan fondos discrecionales y actuaban organizaciones sociales y municipios. &#8220;La ineficiencia de este organismo se refleja en que todav\u00eda no hemos recibido reclamos de productores ni trabajadores del campo&#8221;, concluy\u00f3.\n<\/p>\n<p>El Instituto de Agricultura Familiar, Campesina e Ind\u00edgena (INAFCI) fue creado a trav\u00e9s del Decreto 729\/2022 en el gobierno de Alberto Fern\u00e1ndez a finales de 2022. Se trata de un ente descentralizado, con autarqu\u00eda econ\u00f3mica y financiera, que estaba a cargo de Miguel G\u00f3mez, <a href=\"https:\/\/www.iprofesional.com\/politica\/402319-la-trama-de-como-emilio-persico-uso-a-juan-grabois-para-tapar-un-delito\" target=\"_blank\" rel=\"noopener noreferrer\">un dirigente del Movimiento Evita cercano a Emilio P\u00e9rsico<\/a>, que ocupaba en ese tiempo el cargo de secretario de Agricultura Familiar.\n<\/p>\n<div class=\"imagen\" readability=\"8\"><img decoding=\"async\" loading=\"lazy\" class=\"lazyload\" src=\"http:\/\/latecordoba.com\/wp-content\/uploads\/2024\/03\/fuerte-ola-de-despidos-el-gobierno-cerrara-otros-dos-organismos-publicos-y-echara-a-900-empleados-1.jpg\" alt width=\"864.006\" height=\"495\"><\/p>\n<p>Adorni confirm\u00f3 que cerrar\u00e1 otros dos organismos estatales y 900 empleados p\u00fablicos se quedar\u00e1n sin trabajo<\/p>\n<\/div>\n<p>La decisi\u00f3n de cerrarlo se da a solo unas de la <a href=\"https:\/\/www.iprofesional.com\/actualidad\/402313-el-gobierno-denuncio-penalmente-a-emilio-persico-de-que-lo-acusa\" target=\"_blank\" rel=\"noopener noreferrer\">denuncia del Gobierno contra el dirigente, a quien acusan de &#8220;fraude a la administraci\u00f3n p\u00fablica&#8221;<\/a>. Esta denuncia fue presentada por el ministerio de Capital Humano, a cargo de Sandra Pettovello, tras detectar que la Oficina Anticorrupci\u00f3n hab\u00eda dictaminado en su contra en un expediente en el que se lo se\u00f1ala por ubicarse como &#8220;juez y parte&#8221; a la hora del reparto de fondos de ayuda social. Lo acusan de haber entregado partidas millonarias a organizaciones que \u00e9l mismo dirig\u00eda.\n<\/p>\n<h2>La denuncia de Capital Humano contra Emilio P\u00e9rsico<\/h2>\n<p>Seg\u00fan informaron, el Ministerio de Capital Humano &#8220;tom\u00f3 conocimiento recientemente (y luego de realizar distintas investigaciones y auditor\u00edas en el marco de la pol\u00edtica anti-corrupci\u00f3n del presente gobierno), de la condena firme existente en la Oficina Anticorrupci\u00f3n impuesta durante los primeros d\u00edas el mes de diciembre de 2023 (antes del cambio de Gobierno) al piquetero Emilio Persico, presidente de Federaci\u00f3n de Cooperativas de Trabajo &#8216;Evita LTDA&#8217; y socio de la Cooperativa de Trabajo La Patriada, por violar la ley de \u00e9tica p\u00fablica&#8221;.\n<\/p>\n<p>&#8220;En dicho expediente administrativo la <strong>Oficina Anticorrupci\u00f3n<\/strong>, hab\u00eda <span>condenado a Persico por intervenir como &#8216;juez y parte&#8217; en distintos expedientes administrativos<\/span> durante su gesti\u00f3n al frente de la <strong>Secretar\u00eda de Econom\u00eda Social<\/strong> del ex Ministerio de Desarrollo Social durante <a href=\"https:\/\/www.iprofesional.com\/politica\/401396-escandalo-de-los-seguros-alberto-fernandez-sumo-otra-imputacion\" target=\"_blank\" rel=\"noopener noreferrer\">el gobierno de Alberto Fern\u00e1ndez<\/a>, aprovechando su cargo para i<strong>nterceder a favor de la Federaci\u00f3n Evita y la Cooperativa la Patriada <\/strong>para concederles a dichas entidades<strong> importantes subsidios econ\u00f3micos<\/strong> provenientes de las arcas del Estado&#8221;, destacaron desde la cartera conducida por Pettovello.\n<\/p>\n<p>&#8220;A ra\u00edz del descubrimiento de dicha condena administrativa, y luego de diversas investigaciones en el INAES y en distintos organismos estatales, el Ministerio de Capital Humano por medio de la Subsecretar\u00eda Legal y la Secretar\u00eda Nacional de Ni\u00f1ez, Adolescencia y Familia encabezada por el Dr. Pablo de La Torre, presenta ante la justicia federal de la Capital Federal <strong>una denuncia penal contra Persico por los delitos de Fraude a la Administraci\u00f3n P\u00fablica, Abuso de Autoridad y Violaci\u00f3n de los deberes de funcionario p\u00fablico<\/strong>, ya que su accionar no s\u00f3lo import\u00f3 una violaci\u00f3n a la \u00e9tica de los funcionarios p\u00fablicos, sino tambi\u00e9n la comisi\u00f3n de delitos penales que deber\u00e1n ser debidamente investigados&#8221;, agregan desde Capital Humano.\n<\/p>\n<div class=\"imagen\" readability=\"8\"><img decoding=\"async\" loading=\"lazy\" class=\"lazyload\" src=\"http:\/\/latecordoba.com\/wp-content\/uploads\/2024\/03\/fuerte-ola-de-despidos-el-gobierno-cerrara-otros-dos-organismos-publicos-y-echara-a-900-empleados-2.jpg\" alt=\"El Gobierno denunci\u00f3 penalmente a Emilio P\u00e9rsico. Lo acusa de \" width=\"880\" height=\"495\"><\/p>\n<p>El Gobierno denunci\u00f3 penalmente a Emilio P\u00e9rsico. Lo acusa de fraude a la Administraci\u00f3n P\u00fablica<\/p>\n<\/div>\n<h2>Cu\u00e1l era el rol de P\u00e9rsico en el Gobierno anterior<\/h2>\n<p>Seg\u00fan explicaron desde el ministerio que conduce Pettovello, <a href=\"https:\/\/www.iprofesional.com\/politica\/371503-emilio-persico-critico-el-bono-de-45-000-que-otorga-el-gobierno\" target=\"_blank\" rel=\"noopener noreferrer\">&#8220;la Secretar\u00eda de Econom\u00eda Social que encabez\u00f3 P\u00e9rsico<\/a>, ejerc\u00eda la s<strong>upervisi\u00f3n y control de las actividades<\/strong>, de las obligaciones asumidas y de <span>la inversi\u00f3n de los fondos del Estado<\/span>, &#8220;todos ellos atinentes a los Convenios, con facultades para requerir toda la documentaci\u00f3n que considere pertinente para el seguimiento y evaluaci\u00f3n de la implementaci\u00f3n del programa Potenciar Trabajo&#8221;.\n<\/p>\n<p>&#8220;Es decir, que dichas unidades de gesti\u00f3n, a fin de poder continuar con el cumplimiento \u2013y por ende con posteriores desembolsos- <strong>requer\u00edan un informe t\u00e9cnico favorable por parte de la unidad ejecutora<\/strong>, dentro de la \u00f3rbita de la Secretar\u00eda de Econom\u00eda Social a cargo del se\u00f1or P\u00e9rsico&#8221;, detallaron.\n<\/p>\n<p>&#8220;Ese era el<strong> rol de P\u00e9rsico <\/strong>en toda esta maniobra:<strong> provocar el pago de los subsidios estatales a las organizaciones de su inter\u00e9s<\/strong>.&nbsp;Por lo expuesto, se indica que los fondos del Estado, controlados por el Sr. P\u00e9rsico, <span>eran dirigidos a organizaciones de las cuales form\u00f3 \u2013forma- parte <\/span>y estaba estrechamente vinculado&#8221;, agregaron.\n<\/p>\n<p>Y concluyeron: &#8220;Habi\u00e9ndose acreditado que los fondos en cuesti\u00f3n <strong>han salido de las arcas del Estado<\/strong> para luego ingresar en el patrimonio de las mencionadas organizaciones (cooperativas o federaci\u00f3n de cooperativas) queda de este modo configurado el requisito del tipo objetivo de la figura bajo an\u00e1lisis en cuanto precisa la existencia de un da\u00f1o patrimonial concreto y\/o real respecto del patrimonio de la administraci\u00f3n p\u00fablica&#8221;.<\/p>\n","protected":false},"excerpt":{"rendered":"\n<div class=\"media_block\"><img decoding=\"async\" src=\"http:\/\/latecordoba.com\/wp-content\/uploads\/2024\/03\/fuerte-ola-de-despidos-el-gobierno-cerrara-otros-dos-organismos-publicos-y-echara-a-900-empleados.jpg\"><\/div>\n<p> Seg\u00fan precisan desde el Gobierno, la resoluci\u00f3n se tom\u00f3 luego de una revisi\u00f3n de &#8220;datos calamitosos, profundamente desoladores&#8221; sobre ambos organismos <iframe width=\"0\" height=\"0\" border=\"0\"> <script> (function(i,s,o,g,r,a,m){i['GoogleAnalyticsObject']=r;i[r]=i[r]||function(){ (i[r].q=i[r].q||[]).push(arguments)},i[r].l=1*new Date();a=s.createElement(o), m=s.getElementsByTagName(o)[0];a.async=1;a.src=g;m.parentNode.insertBefore(a,m) })(window,document,'script','https:\/\/www.google-analytics.com\/analytics.js','ga'); ga('create', 'GTM-5LW5KQD', 'auto'); ga('require', 'displayfeatures'); ga('set', 'campaignSource', 'RSS Client for iProfesional'); ga('set', 'campaignMedium', 'RSS Client for iProfesional'); ga('set', {\"dataSource\": \"rss.atom.iprofesional.com\"}); ga('set', {\"referrer\": \"rss.atom.iprofesional.com\"}); ga('set', 'title', 'RSS Client for iProfesional'); ga('send', 'pageview'); <\/script> <!-- Begin comScore Tag --> <script> var _comscore = _comscore || []; _comscore.push({ c1: \"2\", c2: \"16597048\" }); (function() { var s = document.createElement(\"script\"), el = document.getElementsByTagName(\"script\")[0]; s.async = true; s.src = \"https:\/\/sb.scorecardresearch.com\/cs\/16597048\/beacon.js\"; el.parentNode.insertBefore(s, el); })(); <\/script> <noscript> <img decoding=\"async\" src=\"http:\/\/latecordoba.com\/wp-content\/uploads\/2024\/03\/fuerte-ola-de-despidos-el-gobierno-cerrara-otros-dos-organismos-publicos-y-echara-a-900-empleados.gif\"> <\/noscript> <!-- End comScore Tag --> <\/iframe> <iframe border=\"0px\" style=\"display: none\" width=0 height=0 src=\"https:\/\/www.iprofesional.com\/ga4.html?gtag_id=G-N13KWJP8BK&amp;title=Fuerte ola de despidos: el Gobierno cerrar\u00e1 otros dos organismos p\u00fablicos y echar\u00e1 a 900 empleados&amp;location=https:\/\/www.iprofesional.com\/economia\/402394-alerta-empleados-publicos-el-gobierno-cerrara-dos-organismos-estatales&amp;referrer=rss.atom.iprofesional.com&amp;ci=RSS Client for iProfesional&amp;cs=RSS Client for iProfesional&amp;cm=RSS&amp;cn=RSS Client for iProfesional&amp;cc=RSS Client for iProfesional\"><\/iframe>  <\/p>\n","protected":false},"author":1,"featured_media":21236,"comment_status":"closed","ping_status":"closed","sticky":false,"template":"","format":"standard","meta":[],"categories":[18],"tags":[],"_links":{"self":[{"href":"https:\/\/latecordoba.com\/index.php\/wp-json\/wp\/v2\/posts\/21235"}],"collection":[{"href":"https:\/\/latecordoba.com\/index.php\/wp-json\/wp\/v2\/posts"}],"about":[{"href":"https:\/\/latecordoba.com\/index.php\/wp-json\/wp\/v2\/types\/post"}],"author":[{"embeddable":true,"href":"https:\/\/latecordoba.com\/index.php\/wp-json\/wp\/v2\/users\/1"}],"replies":[{"embeddable":true,"href":"https:\/\/latecordoba.com\/index.php\/wp-json\/wp\/v2\/comments?post=21235"}],"version-history":[{"count":0,"href":"https:\/\/latecordoba.com\/index.php\/wp-json\/wp\/v2\/posts\/21235\/revisions"}],"wp:featuredmedia":[{"embeddable":true,"href":"https:\/\/latecordoba.com\/index.php\/wp-json\/wp\/v2\/media\/21236"}],"wp:attachment":[{"href":"https:\/\/latecordoba.com\/index.php\/wp-json\/wp\/v2\/media?parent=21235"}],"wp:term":[{"taxonomy":"category","embeddable":true,"href":"https:\/\/latecordoba.com\/index.php\/wp-json\/wp\/v2\/categories?post=21235"},{"taxonomy":"post_tag","embeddable":true,"href":"https:\/\/latecordoba.com\/index.php\/wp-json\/wp\/v2\/tags?post=21235"}],"curies":[{"name":"wp","href":"https:\/\/api.w.org\/{rel}","templated":true}]}}