{"id":21231,"date":"2024-03-19T16:31:44","date_gmt":"2024-03-19T16:31:44","guid":{"rendered":"http:\/\/433a0324d43c796317aeb38cfb8393b3"},"modified":"2024-03-19T16:31:44","modified_gmt":"2024-03-19T16:31:44","slug":"milei-sigue-con-el-operativo-contencion-de-villarruel","status":"publish","type":"post","link":"https:\/\/latecordoba.com\/index.php\/2024\/03\/19\/milei-sigue-con-el-operativo-contencion-de-villarruel\/","title":{"rendered":"Milei sigue con el operativo contenci\u00f3n de Villarruel"},"content":{"rendered":"\n<div class=\"media_block\"><img decoding=\"async\" src=\"http:\/\/latecordoba.com\/wp-content\/uploads\/2024\/03\/milei-sigue-con-el-operativo-contencion-de-villarruel.jpg\"><\/div>\n<div><img decoding=\"async\" src=\"http:\/\/latecordoba.com\/wp-content\/uploads\/2024\/03\/milei-sigue-con-el-operativo-contencion-de-villarruel-1.jpg\" class=\"ff-og-image-inserted\"><\/div>\n<p>Javier Milei continu\u00f3 este martes con el operativo contenci\u00f3n de Victoria Villarruel, tras la crisis por el rechazo del DNU en el Senado.<\/p>\n<p>La vice volvi\u00f3 a la reuni\u00f3n de gabinete y el presidente exager\u00f3 la reconciliaci\u00f3n con una foto abrazados para Instagram. Villarruel comparti\u00f3 otra imagen &#8220;de la post reuni\u00f3n&#8221;. &#8220;Los que est\u00e1n peleados!&#8221;, ironiz\u00f3.<\/p>\n<p>&nbsp;La foto de hoy es la continuidad de la que el lunes se sacaron en el acto de la Embajada de Israel, que <a href=\"https:\/\/www.lapoliticaonline.com\/politica\/milei-forzo-una-foto-con-villarruel-para-bajar-la-tension\/\" target=\"_blank\" rel=\"noopener\">como cont\u00f3 LPO<\/a> fue el \u00faltimo de la serie de pasos que hizo Milei para bajar la confrontaci\u00f3n con Villarruel, tras<a href=\"https:\/\/www.lapoliticaonline.com\/tools\/redirect.php?t=3&amp;i=284761&amp;s=73a060cfb71a1b775cf87dcf1e1154fe\" target=\"_blank\" rel=\"noopener\"> mandarle los trolls<\/a> y acusarla en un comunicado de &#8220;avanzar con una agenda propia e inconsulta&#8221;, luego de que la vice habilitara por las suyas el tratamiento del DNU.&nbsp;<\/p>\n<p><a href=\"https:\/\/www.lapoliticaonline.com\/tools\/redirect.php?t=3&amp;i=285277&amp;s=be706d1664db22b343ff12ba61c7a144\" target=\"_blank\" class=\"link-type-content content-type-noticia-ar\" rel=\"noopener\">Milei forz\u00f3 una foto con Villarruel para bajar la tensi\u00f3n<\/a><\/p>\n<p>A contramano de otras peleas que mantiene, en este caso Milei extra\u00f1amente apret\u00f3 el freno y eligi\u00f3 no profundizar la crisis con su vice. La semana pasada el presidente&nbsp;mand\u00f3 a Adorni a decir que Villarruel no era la aludida en el comunicado y luego filtr\u00f3 en los medios que se reuni\u00f3 con ella tras la sesi\u00f3n.<\/p>\n<figure class=\"vsmwidget widget-type-twitter\" vsmtype=\"twitter\" contenteditable=\"false\" readability=\"-14.25\">\n<blockquote class=\"twitter-tweet\" readability=\"3.6382978723404\">\n<p lang=\"es\" dir=\"ltr\">Los que est\u00e1n peleados&#8230;!!! <a href=\"https:\/\/t.co\/SKc8pbv0Ma\">https:\/\/t.co\/SKc8pbv0Ma<\/a>\u2014 Javier Milei (@JMilei) <a href=\"https:\/\/twitter.com\/JMilei\/status\/1770091443668865259?ref_src=twsrc%5Etfw\">March 19, 2024<\/a><\/p>\n<\/blockquote>\n<\/figure>\n","protected":false},"excerpt":{"rendered":"\n<div class=\"media_block\"><img decoding=\"async\" src=\"http:\/\/latecordoba.com\/wp-content\/uploads\/2024\/03\/milei-sigue-con-el-operativo-contencion-de-villarruel.jpg\"><\/div>\n<p>La vice volvi\u00f3 a la reuni\u00f3n de gabinete y el Presidente la abraz\u00f3 para una foto en Instagram.  <\/p>\n","protected":false},"author":1,"featured_media":21232,"comment_status":"closed","ping_status":"closed","sticky":false,"template":"","format":"standard","meta":[],"categories":[18],"tags":[],"_links":{"self":[{"href":"https:\/\/latecordoba.com\/index.php\/wp-json\/wp\/v2\/posts\/21231"}],"collection":[{"href":"https:\/\/latecordoba.com\/index.php\/wp-json\/wp\/v2\/posts"}],"about":[{"href":"https:\/\/latecordoba.com\/index.php\/wp-json\/wp\/v2\/types\/post"}],"author":[{"embeddable":true,"href":"https:\/\/latecordoba.com\/index.php\/wp-json\/wp\/v2\/users\/1"}],"replies":[{"embeddable":true,"href":"https:\/\/latecordoba.com\/index.php\/wp-json\/wp\/v2\/comments?post=21231"}],"version-history":[{"count":0,"href":"https:\/\/latecordoba.com\/index.php\/wp-json\/wp\/v2\/posts\/21231\/revisions"}],"wp:featuredmedia":[{"embeddable":true,"href":"https:\/\/latecordoba.com\/index.php\/wp-json\/wp\/v2\/media\/21232"}],"wp:attachment":[{"href":"https:\/\/latecordoba.com\/index.php\/wp-json\/wp\/v2\/media?parent=21231"}],"wp:term":[{"taxonomy":"category","embeddable":true,"href":"https:\/\/latecordoba.com\/index.php\/wp-json\/wp\/v2\/categories?post=21231"},{"taxonomy":"post_tag","embeddable":true,"href":"https:\/\/latecordoba.com\/index.php\/wp-json\/wp\/v2\/tags?post=21231"}],"curies":[{"name":"wp","href":"https:\/\/api.w.org\/{rel}","templated":true}]}}