{"id":21224,"date":"2024-03-18T11:56:14","date_gmt":"2024-03-18T11:56:14","guid":{"rendered":"https:\/\/www.radiourbanasf.com.ar\/?p=18669"},"modified":"2024-03-18T11:56:14","modified_gmt":"2024-03-18T11:56:14","slug":"la-renga-vuelve-a-tocar-en-mayo-en-el-estadio-unico-diego-armando-maradona-de-la-plata","status":"publish","type":"post","link":"https:\/\/latecordoba.com\/index.php\/2024\/03\/18\/la-renga-vuelve-a-tocar-en-mayo-en-el-estadio-unico-diego-armando-maradona-de-la-plata\/","title":{"rendered":"La Renga vuelve a tocar en mayo en el Estadio \u00danico Diego Armando Maradona de La Plata"},"content":{"rendered":"\n<div><img decoding=\"async\" src=\"http:\/\/latecordoba.com\/wp-content\/uploads\/2024\/03\/la-renga-vuelve-a-tocar-en-mayo-en-el-estadio-unico-diego-armando-maradona-de-la-plata.jpg\" class=\"ff-og-image-inserted\"><\/div>\n<p><!-- .share-post --> <!-- WhatsApp Share Button for WordPress: http:\/\/peadig.com\/wordpress-plugins\/whatsapp-share-button\/ --><\/p>\n<p>Tete Iglesias, bajista del grupo de Mataderos, lo anunci\u00f3 en un programa de radio. Este jueves la banda estrena Totalmente pose\u00eddos, su nueva road movie.<\/p>\n<p><strong>Tete Iglesias<\/strong>, bajista de&nbsp;<strong>La Renga<\/strong>, anunci\u00f3 en<a href=\"https:\/\/www.instagram.com\/tiempoderockoficial\/\">&nbsp;<strong>Tiempo de rock<\/strong><\/a>, el programa conducido por Cristian \u201cLombriz\u201d Cires, Florencia Macchi, Santiago Sorroche y Maxi Pelado Broinsky, que sale los martes por&nbsp;<strong>Emisora Pirata<\/strong>&nbsp;y va por su decimotercera temporada, que el grupo de Mataderos se presentar\u00e1 en mayo en el Estadio \u00danico Diego Armando Maradona de La Plata. As\u00ed se lo confirm\u00f3 a&nbsp;<strong>ROLLING STONE<\/strong>,&nbsp;<strong>Gabriel Goncalves<\/strong>, hist\u00f3rico manager de la banda. Aunque falta definir la fecha, ser\u00e1 en los primeros d\u00edas del mes.<\/p>\n<p>Antes, el s\u00e1bado 13 de abril, la banda tiene previsto cruzar el R\u00edo de la Plata, para ofrecer un show en el Parque Roosevelt, en Canelones, Uruguay. Por otro lado, ma\u00f1ana se estrena&nbsp;<em><strong>Totalmente pose\u00eddos<\/strong><\/em>, la road movie que registra la gira Alejado de la red, en los cines de Argentina.<\/p>\n<p>Fue un comienzo de a\u00f1o intenso para&nbsp;<strong>La Renga<\/strong>, que empez\u00f3 el a\u00f1o con una seguidilla de cuatro conciertos en el estadio Presidente Per\u00f3n, la cancha de Racing, en Avellaneda.<\/p>\n<p><!-- WhatsApp Share Button for WordPress: http:\/\/peadig.com\/wordpress-plugins\/whatsapp-share-button\/ -->  <\/p>\n","protected":false},"excerpt":{"rendered":"\n<div style=\"float:right;margin:0 0 20px 20px;\"><img decoding=\"async\" width=\"150\" height=\"150\" src=\"http:\/\/latecordoba.com\/wp-content\/uploads\/2024\/03\/la-renga-vuelve-a-tocar-en-mayo-en-el-estadio-unico-diego-armando-maradona-de-la-plata-1.jpg\" class=\"attachment-thumbnail size-thumbnail wp-post-image\" alt=\"\" loading=\"lazy\" \/><\/div>\n<p>Tete Iglesias, bajista del grupo de Mataderos, lo anunci\u00f3 en un programa de radio. Este jueves la banda estrena Totalmente pose\u00eddos, su nueva road movie. Tete Iglesias, bajista de\u00a0La Renga, anunci\u00f3 en\u00a0Tiempo de rock, el programa conducido por Cristian \u201cLombriz\u201d Cires, Florencia Macchi, Santiago Sorroche y Maxi Pelado Broinsky, que sale los martes por\u00a0Emisora Pirata\u00a0y &#8230;  <\/p>\n","protected":false},"author":1,"featured_media":21225,"comment_status":"closed","ping_status":"closed","sticky":false,"template":"","format":"standard","meta":[],"categories":[20],"tags":[],"_links":{"self":[{"href":"https:\/\/latecordoba.com\/index.php\/wp-json\/wp\/v2\/posts\/21224"}],"collection":[{"href":"https:\/\/latecordoba.com\/index.php\/wp-json\/wp\/v2\/posts"}],"about":[{"href":"https:\/\/latecordoba.com\/index.php\/wp-json\/wp\/v2\/types\/post"}],"author":[{"embeddable":true,"href":"https:\/\/latecordoba.com\/index.php\/wp-json\/wp\/v2\/users\/1"}],"replies":[{"embeddable":true,"href":"https:\/\/latecordoba.com\/index.php\/wp-json\/wp\/v2\/comments?post=21224"}],"version-history":[{"count":0,"href":"https:\/\/latecordoba.com\/index.php\/wp-json\/wp\/v2\/posts\/21224\/revisions"}],"wp:featuredmedia":[{"embeddable":true,"href":"https:\/\/latecordoba.com\/index.php\/wp-json\/wp\/v2\/media\/21225"}],"wp:attachment":[{"href":"https:\/\/latecordoba.com\/index.php\/wp-json\/wp\/v2\/media?parent=21224"}],"wp:term":[{"taxonomy":"category","embeddable":true,"href":"https:\/\/latecordoba.com\/index.php\/wp-json\/wp\/v2\/categories?post=21224"},{"taxonomy":"post_tag","embeddable":true,"href":"https:\/\/latecordoba.com\/index.php\/wp-json\/wp\/v2\/tags?post=21224"}],"curies":[{"name":"wp","href":"https:\/\/api.w.org\/{rel}","templated":true}]}}