{"id":21222,"date":"2024-03-18T12:15:32","date_gmt":"2024-03-18T12:15:32","guid":{"rendered":"https:\/\/radioritmo.com.ar\/?p=16685"},"modified":"2024-03-18T12:15:32","modified_gmt":"2024-03-18T12:15:32","slug":"exito-total-de-dale-q-va-en-nuestra-ciudad","status":"publish","type":"post","link":"https:\/\/latecordoba.com\/index.php\/2024\/03\/18\/exito-total-de-dale-q-va-en-nuestra-ciudad\/","title":{"rendered":"\u00c9xito total de Dale Q` Va en nuestra ciudad"},"content":{"rendered":"\n<p>El grupo musical se present\u00f3 este s\u00e1bado en nuestra ciudad, en el sal\u00f3n del Gigante de Bomberos Voluntarios que estuvo repleto de p\u00fablico.<\/p>\n<p>Luego del show los m\u00fasicos agradecieron en sus redes posteando tres fotos que dan cuenta de la cantidad de gente y el aliento que les proporcionaron durante todo el evento bailable.<\/p>\n<p>El grupo cuarteto est\u00e1 pasando un de sus mejores momentos tanto en producci\u00f3n musical como en seguidores que se acrecientan d\u00eda a d\u00eda.<\/p>\n<p>Dale Q\u2019 Va es un d\u00fao de cuarteto cordob\u00e9s creado en el a\u00f1o 2017 en la ciudad de C\u00f3rdoba. El mismo est\u00e1 integrado por Neno Aguirre ( ex Trulal\u00e1 y Banda Express) y David Ortiz (ex Trulal\u00e1 y Sabroso).<\/p>\n<p>El 15 de septiembre de 2023 lanzan el single \u201cTe portaste mal\u201d junto a Angela Leiva.<br \/>El 27 de septiembre lanzan el single \u201cPositivo\u201d con la colaboraci\u00f3n de Diego Granad\u00e9 de La K`onga.<br \/>El 18 de octubre lanzan el single y videoclip \u201cDe adentro pa afuera\u201d.<br \/>El 1 de diciembre lanzan el single \u201cTe portaste mal (En vivo)\u201d junto a \u00c1ngela Leiva.<\/p>\n<p>El 1 de febrero de 2024 lanza el EP \u201cQuesigalagira#9\u201d junto a Le Pleyer.<\/p>\n<p><img loading=\"lazy\" fetchpriority=\"high\" decoding=\"async\" class=\"alignnone size-full wp-image-16686\" src=\"http:\/\/latecordoba.com\/wp-content\/uploads\/2024\/03\/exito-total-de-dale-q-va-en-nuestra-ciudad.jpg\" alt width=\"899\" height=\"1600\" srcset=\"http:\/\/latecordoba.com\/wp-content\/uploads\/2024\/03\/exito-total-de-dale-q-va-en-nuestra-ciudad.jpg 899w, http:\/\/latecordoba.com\/wp-content\/uploads\/2024\/03\/exito-total-de-dale-q-va-en-nuestra-ciudad-1.jpg 169w, http:\/\/latecordoba.com\/wp-content\/uploads\/2024\/03\/exito-total-de-dale-q-va-en-nuestra-ciudad-2.jpg 575w, http:\/\/latecordoba.com\/wp-content\/uploads\/2024\/03\/exito-total-de-dale-q-va-en-nuestra-ciudad-3.jpg 768w, https:\/\/radioritmo.com.ar\/wp-content\/uploads\/2024\/03\/WhatsApp-Image-2024-03-17-at-11.56.31-AM-863x1536.jpeg 863w\" sizes=\"(max-width: 899px) 100vw, 899px\"><\/p>\n","protected":false},"excerpt":{"rendered":"<p> El grupo musical se present\u00f3 este s\u00e1bado en nuestra ciudad, en el sal\u00f3n del Gigante de Bomberos Voluntarios que estuvo repleto de p\u00fablico. Luego del show los m\u00fasicos agradecieron en sus redes posteando tres fotos que dan cuenta de la cantidad de gente y el aliento que les proporcionaron durante todo el evento bailable. El &#8230;  <\/p>\n","protected":false},"author":1,"featured_media":21223,"comment_status":"closed","ping_status":"closed","sticky":false,"template":"","format":"standard","meta":[],"categories":[20],"tags":[],"_links":{"self":[{"href":"https:\/\/latecordoba.com\/index.php\/wp-json\/wp\/v2\/posts\/21222"}],"collection":[{"href":"https:\/\/latecordoba.com\/index.php\/wp-json\/wp\/v2\/posts"}],"about":[{"href":"https:\/\/latecordoba.com\/index.php\/wp-json\/wp\/v2\/types\/post"}],"author":[{"embeddable":true,"href":"https:\/\/latecordoba.com\/index.php\/wp-json\/wp\/v2\/users\/1"}],"replies":[{"embeddable":true,"href":"https:\/\/latecordoba.com\/index.php\/wp-json\/wp\/v2\/comments?post=21222"}],"version-history":[{"count":0,"href":"https:\/\/latecordoba.com\/index.php\/wp-json\/wp\/v2\/posts\/21222\/revisions"}],"wp:featuredmedia":[{"embeddable":true,"href":"https:\/\/latecordoba.com\/index.php\/wp-json\/wp\/v2\/media\/21223"}],"wp:attachment":[{"href":"https:\/\/latecordoba.com\/index.php\/wp-json\/wp\/v2\/media?parent=21222"}],"wp:term":[{"taxonomy":"category","embeddable":true,"href":"https:\/\/latecordoba.com\/index.php\/wp-json\/wp\/v2\/categories?post=21222"},{"taxonomy":"post_tag","embeddable":true,"href":"https:\/\/latecordoba.com\/index.php\/wp-json\/wp\/v2\/tags?post=21222"}],"curies":[{"name":"wp","href":"https:\/\/api.w.org\/{rel}","templated":true}]}}