{"id":21216,"date":"2024-03-18T12:33:00","date_gmt":"2024-03-18T12:33:00","guid":{"rendered":"https:\/\/www.puntal.com.ar\/festival-otono-polifonico\/eruca-sativa-es-una-celebracion-estar-juntos-n213459"},"modified":"2024-03-18T12:33:00","modified_gmt":"2024-03-18T12:33:00","slug":"eruca-sativa-es-una-celebracion-estar-juntos","status":"publish","type":"post","link":"https:\/\/latecordoba.com\/index.php\/2024\/03\/18\/eruca-sativa-es-una-celebracion-estar-juntos\/","title":{"rendered":"Eruca Sativa: &#8220;Es una celebraci\u00f3n estar juntos&#8221;"},"content":{"rendered":"\n<div><img decoding=\"async\" src=\"http:\/\/latecordoba.com\/wp-content\/uploads\/2024\/03\/eruca-sativa-es-una-celebracion-estar-juntos.png\" class=\"ff-og-image-inserted\"><\/div>\n<p> Este viernes 22 de marzo a las 21.30hs. en el Anfiteatro del Parque Sarmiento, el popular y excelente power tr\u00edo rockero <strong>Eruca Sativa<\/strong>, se presentar\u00e1 en la segunda noche de la quinta edici\u00f3n del <strong>Festival Oto\u00f1o Polif\u00f3nico, <\/strong>acompa\u00f1ado por el<strong><\/strong><strong> Cuarteto de Cuerdas Luque.<\/strong><\/p>\n<p>En di\u00e1logo con Puntal, Lula Bertoldi, compositora, cantante y guitarrista de la banda que se completa con <strong>Brenda Mart\u00edn<\/strong> (bajo y coros) y <strong>Gabriel Pedernera<\/strong> (bater\u00eda), adelanta ese especial concierto, repasa la prol\u00edfica carrera del grupo y cuenta de su \u00faltimo disco de versiones.<\/p>\n<p><strong>-Vuelven a R\u00edo Cuarto pero en esta oportunidad para participar del Oto\u00f1o Polif\u00f3nico. \u00bfQu\u00e9 saben del festival riocuartense, un evento \u00fanico en el pa\u00eds que conjuga lo sinf\u00f3nico con lo popular?<\/strong><\/p>\n<p>-Bueno, sab\u00edamos de otras ediciones, yo vi el concierto de Lisandro Aristimu\u00f1o y es muy lindo en este marco. Me parece una propuesta buen\u00edsima para ofrecer m\u00fasica y un espacio distinto, shows distintos tambi\u00e9n, porque los artistas nos vemos en la necesidad de generar nueva informaci\u00f3n musical para este espect\u00e1culo, as\u00ed que para nosotros es s\u00faper motivador, nos encant\u00f3 armar este show, con arreglos que para colmo nosotros ya ten\u00edamos porque hemos hecho varias veces shows con cuerdas, con vientos, en este caso ser\u00e1 solo con cuerdas, pero es una hermos\u00edsima oportunidad para sacar a relucir esos arreglos hermosos que tenemos guardados ah\u00ed en el caj\u00f3n.<\/p>\n<p><strong>-\u00bfC\u00f3mo surge la uni\u00f3n con el Cuarteto de Cuerdas Luque, tambi\u00e9n cordobeses. C\u00f3mo van los ensayos y c\u00f3mo se est\u00e1n preparando para este concierto tan especial?<\/strong><\/p>\n<p>-Al Cuarteto de Cuerdas Luque no lo conocemos personalmente, si no que fue una propuesta del festival, nos encanta porque tambi\u00e9n nos gusta mucho cruzarnos con m\u00fasicos que no conocemos y nos parece una hermosa experiencia. Y ensayaremos ese d\u00eda, el d\u00eda que llegamos. De todas formas, los m\u00fasicos de sinf\u00f3nica tienen la carpeta y lo particular de que leen y para ellos leer ya es como ensayar, as\u00ed que es distinto de ensayar con un m\u00fasico por ah\u00ed m\u00e1s de m\u00fasica popular porque ven\u00eds como de otra escuela. Los m\u00fasicos que tocan instrumentos en sinf\u00f3nicas o en ensambles, tienen como otra formaci\u00f3n que es de la lectura, algunos m\u00fasicos de primera vista, que se dice, y ya tocan. Va a ser especial, va a ser muy lindo.<\/p>\n<p><strong>-\u00bfQu\u00e9 pueden adelantar de lo que vamos a escuchar el viernes 22?<\/strong><\/p>\n<p>-Vamos a hacer temas arreglados especialmente que hemos estrenados en otros shows, por ejemplo, el show de Huellas Digitales, que los arreglos fueron hechos por Nicol\u00e1s Sor\u00edn y que hemos hecho tambi\u00e9n en el Auditorio Mayor del Centro Cultural Kirchner, donde tocamos Seremos primavera en un formato con cuerdas y vientos y los arreglos fueron hechos por Irene Cadario. Vamos a hacer temas de esos dos shows, y algunos temas en tr\u00edo tambi\u00e9n. As\u00ed que va a ser una linda compilaci\u00f3n de momentos de nuestra historia.<\/p>\n<p><strong>-\u00bfC\u00f3mo naci\u00f3 la idea de Dopelganga y c\u00f3mo fue la selecci\u00f3n de versiones de temas de la m\u00fasica argentina y latinoamericana?<\/strong><\/p>\n<p>-Dopelganga es nuestro \u00faltimo disco de estudio, es un disco de versiones de temas nacionales y de temas latinoamericanos, de habla hispana en realidad. Surge de la necesidad de encontrarnos en el estudio, fue nuestro primer disco post pandemia, ven\u00edamos medio distanciados, no distanciados, pero s\u00ed con una sensaci\u00f3n de que todo costaba mucho y necesit\u00e1bamos encontrarnos en el estudio para hacer m\u00fasica y lo lindo de hacer versiones es que por ah\u00ed te sac\u00e1s un poco la presi\u00f3n de tener que componer, sin embargo el trabajo de versionar fue todo un desaf\u00edo porque las versiones son muy distintas de las originales y hubo que hacer todo un trabajo de creatividad, no de componer, pero s\u00ed de arreglar, que llev\u00f3 pocos d\u00edas porque fue muy efervescente, en cinco d\u00edas ten\u00edamos el disco listo, fue hermoso, fue un lindo ejercicio, a nosotros nos divierte much\u00edsimo versionar canciones, as\u00ed que fue una cuesti\u00f3n muy l\u00fadica, muy hermosa.<\/p>\n<div contenteditable=\"false\" class=\"embed_cont type_freetext\" rel=\"freetext\" id=\"embed1352_wrap\" data-provider=\"YouTube\" readability=\"32\">\n<p> Eruca Sativa &#8211; Coraz\u00f3n Delator (Official Video)<span onclick=\"parent.parent.TinyMCETdcuerpo.preview_embed('embed1352')\" class=\"embed_colapse less\" id=\"embed1352_colapse\"><\/span><span onclick=\"parent.parent.TinyMCETdcuerpo.delete_embed('embed1352')\" class=\"embed_delete less\" id=\"embed1352_delete\"><\/span><\/p>\n<div id=\"embed1352_content\" class=\"embed_content\">\n<p> <iframe loading=\"lazy\" width=\"200\" height=\"113\" src=\"https:\/\/www.youtube.com\/embed\/EcxUotsFWyA?feature=oembed\" frameborder=\"0\" allow=\"accelerometer; autoplay; clipboard-write; encrypted-media; gyroscope; picture-in-picture; web-share\" allowfullscreen title=\"Eruca Sativa - Coraz\u00f3n Delator (Official Video)\">[embedded content]<\/iframe><\/p>\n<\/p><\/div>\n<\/p><\/div>\n<p><strong> -Las versiones de Ojal\u00e1 y Coraz\u00f3n delator son excelentes. \u00bfC\u00f3mo se sintieron a la hora de interpretarlas?<\/strong><\/p>\n<p>-Bueno, muchas gracias. Nos sentimos muy bien, la verdad que las versiones que quedaron en el disco fueron porque realmente sent\u00edamos que eran distintas y propon\u00edan una nueva mirada sobre esas canciones, si no, creo que para no proponer nada diferente o una nueva visi\u00f3n sobre el tema, es mejor siempre la original. No quiero decir que en estos casos las nuestras sean mejores que las originales, no, en absoluto, lo que s\u00ed proponen es otra mirada sobre esta composici\u00f3n, que era la idea de esos arreglos.<\/p>\n<div contenteditable=\"false\" class=\"embed_cont type_freetext\" rel=\"freetext\" id=\"embed7996_wrap\" data-provider=\"YouTube\" readability=\"32\">\n<p> Eruca Sativa &#8211; Ojal\u00e1 (Official Audio)<span onclick=\"parent.parent.TinyMCETdcuerpo.preview_embed('embed7996')\" class=\"embed_colapse less\" id=\"embed7996_colapse\"><\/span><span onclick=\"parent.parent.TinyMCETdcuerpo.delete_embed('embed7996')\" class=\"embed_delete less\" id=\"embed7996_delete\"><\/span><\/p>\n<div id=\"embed7996_content\" class=\"embed_content\">\n<p> <iframe loading=\"lazy\" width=\"200\" height=\"113\" src=\"https:\/\/www.youtube.com\/embed\/DkuJdVqRZVs?feature=oembed\" frameborder=\"0\" allow=\"accelerometer; autoplay; clipboard-write; encrypted-media; gyroscope; picture-in-picture; web-share\" allowfullscreen title=\"Eruca Sativa - Ojal\u00e1 (Official Audio)\">[embedded content]<\/iframe><\/p>\n<\/p><\/div>\n<\/p><\/div>\n<p><strong> -\u00bfCu\u00e1les fueron, en general, las devoluciones de ese disco?<\/strong><\/p>\n<p>-La verdad que muy buenas. Obviamente que tambi\u00e9n se toca una fibra muy \u00edntima de las personas que son fan\u00e1ticas de esos artistas, como por ejemplo de Sosa St\u00e9reo y hacer una versi\u00f3n de Coraz\u00f3n delator, m\u00e1s una versi\u00f3n tan jugada, no es tibio, es como que o les encanta y la aman o la odian. En general la amaron, hubo un par de cr\u00edticas de fans que te dicen Cerati y no s\u00e9 qu\u00e9. Pero la verdad que en general fue muy buena la repercusi\u00f3n, nos abri\u00f3 much\u00edsimas puertas a nivel latinoamericano, imag\u00ednate que hacer temas de Colombia, de M\u00e9xico, llam\u00f3 la atenci\u00f3n, tuvo su relevamiento. Por ejemplo, Afuera, que es de Caifanes, que es un hitazo mexicano, tuvo mucho eco en medios mexicanos especializados de rock, as\u00ed que estuvo buen\u00edsimo.<\/p>\n<p><span class=\"embed_cont type_highlight inlinehighlight\" rel=\"highlight\" id=\"embed9elfx2e4o2l_wrap\"> <span class=\"embed_options highlight inlinehighlight\" rel=\"opt\" id=\"embed9elfx2e4o2l_opts\">Dopelganga es nuestro \u00faltimo disco de estudio, es un disco de versiones de temas nacionales y de temas latinoamericanos, de habla hispana en realidad. Surge de la necesidad de encontrarnos en el estudio, fue nuestro primer disco post pandemia, ven\u00edamos medio distanciados, no distanciados, pero s\u00ed con una sensaci\u00f3n de que todo costaba mucho y necesit\u00e1bamos encontrarnos en el estudio para hacer m\u00fasica y lo lindo de hacer versiones es que por ah\u00ed te sac\u00e1s un poco la presi\u00f3n de tener que componer, sin embargo el trabajo de versionar fue todo un desaf\u00edo porque las versiones son muy distintas de las originales y hubo que hacer todo un trabajo de creatividad, no de componer, pero s\u00ed de arreglar, que llev\u00f3 pocos d\u00edas porque fue muy efervescente, en cinco d\u00edas ten\u00edamos el disco listo, fue hermoso, fue un lindo ejercicio, a nosotros nos divierte much\u00edsimo versionar canciones, as\u00ed que fue una cuesti\u00f3n muy l\u00fadica, muy hermosa <span onclick=\"parent.parent.TinyMCETdcuerpo.removeHighlight('embed9elfx2e4o2l')\" class=\"embed_colapse inlinehighlight less\" id=\"embed9elfx2e4o2l_colapse\"><\/span> <\/span> <span class=\"embed_content inlinehighlight\" id=\"embed9elfx2e4o2l_content\">Dopelganga es nuestro \u00faltimo disco de estudio, es un disco de versiones de temas nacionales y de temas latinoamericanos, de habla hispana en realidad. Surge de la necesidad de encontrarnos en el estudio, fue nuestro primer disco post pandemia, ven\u00edamos medio distanciados, no distanciados, pero s\u00ed con una sensaci\u00f3n de que todo costaba mucho y necesit\u00e1bamos encontrarnos en el estudio para hacer m\u00fasica y lo lindo de hacer versiones es que por ah\u00ed te sac\u00e1s un poco la presi\u00f3n de tener que componer, sin embargo el trabajo de versionar fue todo un desaf\u00edo porque las versiones son muy distintas de las originales y hubo que hacer todo un trabajo de creatividad, no de componer, pero s\u00ed de arreglar, que llev\u00f3 pocos d\u00edas porque fue muy efervescente, en cinco d\u00edas ten\u00edamos el disco listo, fue hermoso, fue un lindo ejercicio, a nosotros nos divierte much\u00edsimo versionar canciones, as\u00ed que fue una cuesti\u00f3n muy l\u00fadica, muy hermosa<\/span><\/span><\/p>\n<p><strong> -\u00bfC\u00f3mo result\u00f3 la experiencia del primer Movistar Arena?<\/strong><\/p>\n<p>-Hermoso, la verdad que es un lugar incre\u00edble y fue un cierre de a\u00f1o muy arriba, cerramos un gran a\u00f1o en un gran lugar, as\u00ed que fue hermoso ya estar celebrando nuestros 16 a\u00f1os de banda en un arena como ese, en un espacio incre\u00edble para ver y tocar.<\/p>\n<p><strong>-S\u00e9 que no es sencillo, pero si tuvieran que elegir una de sus canciones para sintetizar el arte de Eruca, \u00bfcu\u00e1l ser\u00eda y por qu\u00e9?<\/strong><\/p>\n<p>-S\u00ed, es muy dif\u00edcil esa pregunta. Yo creo Magoo es un gran tema que es como una ecuaci\u00f3n perfecta de la personalidad del tr\u00edo, que es funk, rock, no s\u00e9, es una canci\u00f3n que va muy al hueso del ADN de Eruca.<\/p>\n<div contenteditable=\"false\" class=\"embed_cont type_freetext\" rel=\"freetext\" id=\"embed2257_wrap\" data-provider=\"YouTube\" readability=\"32\">\n<p> ERUCA SATIVA &#8211; &#8220;MAGOO&#8221; &#8211; ES (2010)<span onclick=\"parent.parent.TinyMCETdcuerpo.preview_embed('embed2257')\" class=\"embed_colapse less\" id=\"embed2257_colapse\"><\/span><span onclick=\"parent.parent.TinyMCETdcuerpo.delete_embed('embed2257')\" class=\"embed_delete less\" id=\"embed2257_delete\"><\/span><\/p>\n<div id=\"embed2257_content\" class=\"embed_content\">\n<p> <iframe loading=\"lazy\" width=\"200\" height=\"113\" src=\"https:\/\/www.youtube.com\/embed\/X3OMM0osjlk?feature=oembed\" frameborder=\"0\" allow=\"accelerometer; autoplay; clipboard-write; encrypted-media; gyroscope; picture-in-picture; web-share\" allowfullscreen title=\"ERUCA SATIVA - &quot;MAGOO&quot; - ES (2010)\">[embedded content]<\/iframe><\/p>\n<\/p><\/div>\n<\/p><\/div>\n<p><strong> -Por \u00faltimo, \u00bfCu\u00e1ndo empezaron hace 16 a\u00f1os en C\u00f3rdoba imaginaban todo lo bueno que han cosechado? <\/strong><\/p>\n<p>-No, obviamente no, simplemente nos juntamos porque nos gustaba mucho tocar juntos y sent\u00edamos que hab\u00eda una energ\u00eda muy especial y eso fue lo que nos fue llevando hasta hoy, hasta esos 16 a\u00f1os y cada d\u00eda que pasa es una celebraci\u00f3n de estar juntos, que es lo m\u00e1s importante, sentir manteni\u00e9ndonos juntos, unidos, con los mismos objetivos y respetando siempre mucho uno al otro, admir\u00e1ndonos mucho entre nosotros, la verdad que es una construcci\u00f3n diaria, de respeto, de comunicaci\u00f3n, de trabajo y de amor hacia lo que hacemos. Y son 16 a\u00f1os incre\u00edbles, parece que fueran muchos m\u00e1s, esperamos que s\u00ed y siempre le vamos a poner todo el amor para que eso siga floreciendo.<\/p>\n","protected":false},"excerpt":{"rendered":"<p>\nLula Bertoldi, cantante y guitarrista del excelente tr\u00edo rockero argentino, repasa 16 a\u00f1os de exitosa carrera, cuenta de su \u00faltimo disco de versiones y adelanta el concierto sinf\u00f3nico que presentar\u00e1 el viernes 22 en el Anfiteatro del Parque Sarmiento, en la segunda noche de la quinta edici\u00f3n del Festival Oto\u00f1o Polif\u00f3nico  <\/p>\n","protected":false},"author":1,"featured_media":21217,"comment_status":"closed","ping_status":"closed","sticky":false,"template":"","format":"standard","meta":[],"categories":[14],"tags":[],"_links":{"self":[{"href":"https:\/\/latecordoba.com\/index.php\/wp-json\/wp\/v2\/posts\/21216"}],"collection":[{"href":"https:\/\/latecordoba.com\/index.php\/wp-json\/wp\/v2\/posts"}],"about":[{"href":"https:\/\/latecordoba.com\/index.php\/wp-json\/wp\/v2\/types\/post"}],"author":[{"embeddable":true,"href":"https:\/\/latecordoba.com\/index.php\/wp-json\/wp\/v2\/users\/1"}],"replies":[{"embeddable":true,"href":"https:\/\/latecordoba.com\/index.php\/wp-json\/wp\/v2\/comments?post=21216"}],"version-history":[{"count":0,"href":"https:\/\/latecordoba.com\/index.php\/wp-json\/wp\/v2\/posts\/21216\/revisions"}],"wp:featuredmedia":[{"embeddable":true,"href":"https:\/\/latecordoba.com\/index.php\/wp-json\/wp\/v2\/media\/21217"}],"wp:attachment":[{"href":"https:\/\/latecordoba.com\/index.php\/wp-json\/wp\/v2\/media?parent=21216"}],"wp:term":[{"taxonomy":"category","embeddable":true,"href":"https:\/\/latecordoba.com\/index.php\/wp-json\/wp\/v2\/categories?post=21216"},{"taxonomy":"post_tag","embeddable":true,"href":"https:\/\/latecordoba.com\/index.php\/wp-json\/wp\/v2\/tags?post=21216"}],"curies":[{"name":"wp","href":"https:\/\/api.w.org\/{rel}","templated":true}]}}