{"id":21205,"date":"2024-03-15T15:57:41","date_gmt":"2024-03-15T15:57:41","guid":{"rendered":"https:\/\/www.eldiariodeturismo.com.ar\/?p=243367"},"modified":"2024-03-15T15:57:41","modified_gmt":"2024-03-15T15:57:41","slug":"culmino-de-manera-exitosa-la-primera-jornada-del-24-encuentro-de-municipios-turisticos","status":"publish","type":"post","link":"https:\/\/latecordoba.com\/index.php\/2024\/03\/15\/culmino-de-manera-exitosa-la-primera-jornada-del-24-encuentro-de-municipios-turisticos\/","title":{"rendered":"Culmin\u00f3 de manera exitosa la primera jornada del 24\u00b0 Encuentro de Municipios Tur\u00edsticos"},"content":{"rendered":"\n<p class=\"normal\"><span lang=\"es\">Con m\u00e1s de 80 municipios presentes y la participaci\u00f3n de representantes de Chile, el d\u00eda comenz\u00f3 con la apertura del Encuentro, que en esta ocasi\u00f3n fue de car\u00e1cter binacional.<\/span><\/p>\n<p class=\"normal\"><span lang=\"es\">Formaron parte de la misma, la Directora de Promoci\u00f3n Estrat\u00e9gica de Turismo de la Naci\u00f3n, Romina Sorrentino; el Gobernador de la Provincia de San Luis, Claudio Poggi; el Ministro de Turismo y Cultura de la provincia, Juan Manuel Rigau; Ministro de Gobierno Facundo Endeiza; Director de Promoci\u00f3n de Turismo y Cultura Ignacio Morris; Subdirectora de Marketing y Promoci\u00f3n Tur\u00edstica Luciana Trobo y Subdirectora de Promoci\u00f3n Territorial Stella Maris Cuello; Senador Provincial Sergio Guardia; Diputada Provincial Gabriela Mancilla; adem\u00e1s de las autoridades locales: Intendente Juan \u00c1lvarez Pinto; Secretario de Gesti\u00f3n, Calidad y Productos Tur\u00edsticos, Santiago Trobo, y el Presidente de la Red Federal, Pablo Sgubini, qui\u00e9n realiz\u00f3 la presentaci\u00f3n de la misma.<\/span><\/p>\n<p><img loading=\"lazy\" decoding=\"async\" class=\"aligncenter wp-image-243372 size-full\" src=\"http:\/\/latecordoba.com\/wp-content\/uploads\/2024\/03\/culmino-de-manera-exitosa-la-primera-jornada-del-24-encuentro-de-municipios-turisticos.jpg\" alt width=\"500\" height=\"333\" srcset=\"http:\/\/latecordoba.com\/wp-content\/uploads\/2024\/03\/culmino-de-manera-exitosa-la-primera-jornada-del-24-encuentro-de-municipios-turisticos.jpg 500w, https:\/\/www.eldiariodeturismo.com.ar\/wp-content\/uploads\/2024\/03\/ENCUENTRO-24-DIA-1-2-300x200.jpeg 300w\" sizes=\"(max-width: 500px) 100vw, 500px\"><\/p>\n<p class=\"normal\"><span lang=\"es\">En representaci\u00f3n de Chile, estuvo presente el Director de Turismo de Puchuncav\u00ed Carlos Manzo Vega; Director General de FITVAL (Feria Internacional de Turismo de Valpara\u00edso) Marco Brauchy; Secretario de la C\u00e1mara de Comercio de Valpara\u00edso, Jaime Morales; presidente de APTUR (Asociaci\u00f3n de Periodistas Tur\u00edsticos de Chile); Directora de Capacitaci\u00f3n de APTUR, Paola Fern\u00e1ndez y Gerente de INKALTRAVEL, Claudia Carmona. <\/span><\/p>\n<p class=\"normal\"><span lang=\"es\"> <img loading=\"lazy\" decoding=\"async\" class=\"aligncenter wp-image-243371 size-full\" src=\"http:\/\/latecordoba.com\/wp-content\/uploads\/2024\/03\/culmino-de-manera-exitosa-la-primera-jornada-del-24-encuentro-de-municipios-turisticos-1.jpg\" alt width=\"500\" height=\"333\" srcset=\"http:\/\/latecordoba.com\/wp-content\/uploads\/2024\/03\/culmino-de-manera-exitosa-la-primera-jornada-del-24-encuentro-de-municipios-turisticos-2.jpg 500w, https:\/\/www.eldiariodeturismo.com.ar\/wp-content\/uploads\/2024\/03\/ENCUENTRO-24-DIA-1-300x200.jpeg 300w\" sizes=\"(max-width: 500px) 100vw, 500px\"><\/span><\/p>\n<p class=\"normal\"><span lang=\"es\">Con una gran convocatoria y en la que participaron todas las provincias, se di\u00f3 comienzo a la Conformaci\u00f3n del Consejo de Destinos Tur\u00edsticos de la Red Federal, que result\u00f3 fruct\u00edfera, brindando un espacio de intercambio entre los Intendentes y Secretarios de Turismo del pa\u00eds<\/span><\/p>\n<p class=\"normal\"><span lang=\"es\">Se contin\u00fao con el Taller de la Red Federal de Turismo, donde se realiz\u00f3 una puesta en com\u00fan abordando diferentes temas y fomentando el debate y mutuo acuerdo entre municipios.<\/span><\/p>\n<p class=\"normal\"><span lang=\"es\">En representaci\u00f3n de Mar del Plata, disert\u00f3 el Presidente del Ente Municipal de Turismo y Cultura, Bernardo Mart\u00edn y en representaci\u00f3n de Jes\u00fas Mar\u00eda el Intendente Federico Z\u00e1rate y Huerto Perricone, del \u00e1rea de Promoci\u00f3n y Eventos. <\/span><\/p>\n<p class=\"normal\"><span lang=\"es\">En paralelo a estas disertaciones que se realizaron en el patio de la Casa del Poeta, se llev\u00f3 a cabo en la Sala de Conferencias, la reuni\u00f3n entre C\u00e1maras de Comercio y entidades privadas de Argentina y Chile; en la que particip\u00f3 la C\u00e1mara de Comercio,Turismo, Hoteler\u00eda e Industria del Valle presidida por el presidente Marcos Dominguez y Secretario Yari Vilaboa, C\u00e1maras de Comercio de Tigre, Maip\u00fa y Chile; y asociaciones privadas de Villa de Merlo: Asociaci\u00f3n Hotelera, presidida por Silvina Ripke; ACAMI por Alejandro Novoa; ACUM por su presidente Sergio L\u00f3pez; AGUITUR, APTAM y Presidente de la Asociaci\u00f3n de Agencias de Viajes, Eduardo Torres.<\/span><\/p>\n<p class=\"normal\"><span lang=\"es\">&nbsp;<\/span><\/p>\n<p class=\"normal\"><span lang=\"es\">La jornada concluy\u00f3 con m\u00fasica y danza en vivo, donde los asistentes tuvieron la oportunidad de disfrutar del talento de artistas locales, d\u00e1ndole as\u00ed un brillante cierre a este importante encuentro tur\u00edstico y federal.<\/span><\/p>\n<p class=\"normal\"><span lang=\"es\">&nbsp;<\/span><\/p>\n<p>.<\/p>\n<p>FUENTE: RED DE MUNICIPIOS TUR\u00cdSTICOS<\/p>\n","protected":false},"excerpt":{"rendered":"<p> Con m\u00e1s de 80 municipios presentes y la participaci\u00f3n de representantes de Chile, el d\u00eda comenz\u00f3 con la apertura del  <\/p>\n","protected":false},"author":1,"featured_media":21206,"comment_status":"open","ping_status":"closed","sticky":false,"template":"","format":"standard","meta":[],"categories":[19],"tags":[],"_links":{"self":[{"href":"https:\/\/latecordoba.com\/index.php\/wp-json\/wp\/v2\/posts\/21205"}],"collection":[{"href":"https:\/\/latecordoba.com\/index.php\/wp-json\/wp\/v2\/posts"}],"about":[{"href":"https:\/\/latecordoba.com\/index.php\/wp-json\/wp\/v2\/types\/post"}],"author":[{"embeddable":true,"href":"https:\/\/latecordoba.com\/index.php\/wp-json\/wp\/v2\/users\/1"}],"replies":[{"embeddable":true,"href":"https:\/\/latecordoba.com\/index.php\/wp-json\/wp\/v2\/comments?post=21205"}],"version-history":[{"count":0,"href":"https:\/\/latecordoba.com\/index.php\/wp-json\/wp\/v2\/posts\/21205\/revisions"}],"wp:featuredmedia":[{"embeddable":true,"href":"https:\/\/latecordoba.com\/index.php\/wp-json\/wp\/v2\/media\/21206"}],"wp:attachment":[{"href":"https:\/\/latecordoba.com\/index.php\/wp-json\/wp\/v2\/media?parent=21205"}],"wp:term":[{"taxonomy":"category","embeddable":true,"href":"https:\/\/latecordoba.com\/index.php\/wp-json\/wp\/v2\/categories?post=21205"},{"taxonomy":"post_tag","embeddable":true,"href":"https:\/\/latecordoba.com\/index.php\/wp-json\/wp\/v2\/tags?post=21205"}],"curies":[{"name":"wp","href":"https:\/\/api.w.org\/{rel}","templated":true}]}}