{"id":21203,"date":"2024-03-18T00:48:31","date_gmt":"2024-03-18T00:48:31","guid":{"rendered":"https:\/\/www.diariocronica.com.ar\/noticias\/2024\/03\/17\/93811-se-suspendio-estudiantes--boca-convulsiono-javier-altamirano-en-pleno-partido"},"modified":"2024-03-18T00:48:31","modified_gmt":"2024-03-18T00:48:31","slug":"se-suspendio-estudiantes-boca-convulsiono-javier-altamirano-en-pleno-partido","status":"publish","type":"post","link":"https:\/\/latecordoba.com\/index.php\/2024\/03\/18\/se-suspendio-estudiantes-boca-convulsiono-javier-altamirano-en-pleno-partido\/","title":{"rendered":"Se suspendi\u00f3 Estudiantes &#8211; Boca: Convulsion\u00f3 Javier Altamirano en pleno partido"},"content":{"rendered":"\n<div class=\"media_block\"><a href=\"http:\/\/latecordoba.com\/wp-content\/uploads\/2024\/03\/se-suspendio-estudiantes-boca-convulsiono-javier-altamirano-en-pleno-partido.jpg\"><img decoding=\"async\" src=\"http:\/\/latecordoba.com\/wp-content\/uploads\/2024\/03\/se-suspendio-estudiantes-boca-convulsiono-javier-altamirano-en-pleno-partido.jpg\" class=\"media_thumbnail\"><\/a><\/div>\n<div><img decoding=\"async\" src=\"http:\/\/latecordoba.com\/wp-content\/uploads\/2024\/03\/se-suspendio-estudiantes-boca-convulsiono-javier-altamirano-en-pleno-partido-1.jpg\" class=\"ff-og-image-inserted\"><\/div>\n<p>\nSe hab\u00edan disputado solo 27 minutos del encuentro.\n<\/p>\n<div readability=\"34\">\n<p>El futbolista de Estudiantes, Javer Altamirano, se desvaneci\u00f3 en medio del campo de juego y el \u00e1rbitro Fernando Echenique decidi\u00f3 suspender el encuentro que estaba disputando ante Boca por la und\u00e9cima fecha de la Copa de la Liga.<\/p>\n<h4>S\u00edntesis de Estudiantes vs. Boca por la Copa de la Liga Profesional<\/h4>\n<p><strong>Copa de la Liga Profesional.<\/strong><br \/><strong>Fecha 11.<\/strong><br \/><strong>Estudiantes &#8211; Boca.<\/strong><br \/><strong>Estadio:<\/strong>&nbsp;Jorge Luis Hirschi.<br \/><strong>\u00c1rbitro:<\/strong>&nbsp;Fernando Echenique.<br \/><strong>VAR:<\/strong>&nbsp;Jorge Bali\u00f1o.<\/p>\n<p><strong>Estudiantes:<\/strong>&nbsp;Mat\u00edas Mansilla; Eros Mancuso, Zaid Romero, Federico Fern\u00e1ndez, Eric Meza; Jos\u00e9 Sosa, Santiago Ascacibar, Enzo P\u00e9rez, Javier Altamirano; Javier Correa y Edwin Cetr\u00e9.&nbsp;<strong>DT:<\/strong>&nbsp;Eduardo Dom\u00ednguez.<\/p>\n<p><strong>Boca:<\/strong>&nbsp;Leandro Brey; Luis Adv\u00edncula, Cristian Lema, Nicol\u00e1s Valentini, Lautaro Blanco; Lucas Blondel, Jorman Campuzano, Cristian Medina, Kevin Zenon; Edinson Cavani y Luca Langoni.&nbsp;<strong>DT:<\/strong>&nbsp;Diego Mart\u00ednez. (NA)<\/p>\n<\/div>\n","protected":false},"excerpt":{"rendered":"\n<div class=\"media_block\"><a href=\"http:\/\/latecordoba.com\/wp-content\/uploads\/2024\/03\/se-suspendio-estudiantes-boca-convulsiono-javier-altamirano-en-pleno-partido.jpg\"><img decoding=\"async\" src=\"http:\/\/latecordoba.com\/wp-content\/uploads\/2024\/03\/se-suspendio-estudiantes-boca-convulsiono-javier-altamirano-en-pleno-partido.jpg\" class=\"media_thumbnail\"><\/a><\/div>\n<p>Se hab\u00edan disputado solo 27 minutos del encuentro. <\/p>\n","protected":false},"author":1,"featured_media":21204,"comment_status":"closed","ping_status":"closed","sticky":false,"template":"","format":"standard","meta":[],"categories":[17],"tags":[],"_links":{"self":[{"href":"https:\/\/latecordoba.com\/index.php\/wp-json\/wp\/v2\/posts\/21203"}],"collection":[{"href":"https:\/\/latecordoba.com\/index.php\/wp-json\/wp\/v2\/posts"}],"about":[{"href":"https:\/\/latecordoba.com\/index.php\/wp-json\/wp\/v2\/types\/post"}],"author":[{"embeddable":true,"href":"https:\/\/latecordoba.com\/index.php\/wp-json\/wp\/v2\/users\/1"}],"replies":[{"embeddable":true,"href":"https:\/\/latecordoba.com\/index.php\/wp-json\/wp\/v2\/comments?post=21203"}],"version-history":[{"count":0,"href":"https:\/\/latecordoba.com\/index.php\/wp-json\/wp\/v2\/posts\/21203\/revisions"}],"wp:featuredmedia":[{"embeddable":true,"href":"https:\/\/latecordoba.com\/index.php\/wp-json\/wp\/v2\/media\/21204"}],"wp:attachment":[{"href":"https:\/\/latecordoba.com\/index.php\/wp-json\/wp\/v2\/media?parent=21203"}],"wp:term":[{"taxonomy":"category","embeddable":true,"href":"https:\/\/latecordoba.com\/index.php\/wp-json\/wp\/v2\/categories?post=21203"},{"taxonomy":"post_tag","embeddable":true,"href":"https:\/\/latecordoba.com\/index.php\/wp-json\/wp\/v2\/tags?post=21203"}],"curies":[{"name":"wp","href":"https:\/\/api.w.org\/{rel}","templated":true}]}}