{"id":21193,"date":"2024-03-04T15:20:38","date_gmt":"2024-03-04T15:20:38","guid":{"rendered":"https:\/\/elnoticierodigital.com.ar\/?p=1922615"},"modified":"2024-03-04T15:20:38","modified_gmt":"2024-03-04T15:20:38","slug":"brenda-asnicar-conto-por-que-decidio-separarse-de-carlos-tevez","status":"publish","type":"post","link":"https:\/\/latecordoba.com\/index.php\/2024\/03\/04\/brenda-asnicar-conto-por-que-decidio-separarse-de-carlos-tevez\/","title":{"rendered":"Brenda Asnicar cont\u00f3 por qu\u00e9 decidi\u00f3 separarse de Carlos T\u00e9vez"},"content":{"rendered":"<p> <!-- image --><\/p>\n<div class=\"td-post-featured-image\"><a href=\"https:\/\/i0.wp.com\/elnoticierodigital.com.ar\/wp-content\/uploads\/2024\/03\/1922615.jpg?fit=1200%2C630&amp;ssl=1\" data-caption><img decoding=\"async\" loading=\"lazy\" width=\"696\" height=\"365\" class=\"entry-thumb td-modal-image\" src=\"http:\/\/latecordoba.com\/wp-content\/uploads\/2024\/03\/brenda-asnicar-conto-por-que-decidio-separarse-de-carlos-tevez.jpg\" srcset=\"http:\/\/latecordoba.com\/wp-content\/uploads\/2024\/03\/brenda-asnicar-conto-por-que-decidio-separarse-de-carlos-tevez-1.jpg 1200w, http:\/\/latecordoba.com\/wp-content\/uploads\/2024\/03\/brenda-asnicar-conto-por-que-decidio-separarse-de-carlos-tevez-2.jpg 300w, http:\/\/latecordoba.com\/wp-content\/uploads\/2024\/03\/brenda-asnicar-conto-por-que-decidio-separarse-de-carlos-tevez-3.jpg 1024w, http:\/\/latecordoba.com\/wp-content\/uploads\/2024\/03\/brenda-asnicar-conto-por-que-decidio-separarse-de-carlos-tevez-4.jpg 768w, http:\/\/latecordoba.com\/wp-content\/uploads\/2024\/03\/brenda-asnicar-conto-por-que-decidio-separarse-de-carlos-tevez-5.jpg 150w, http:\/\/latecordoba.com\/wp-content\/uploads\/2024\/03\/brenda-asnicar-conto-por-que-decidio-separarse-de-carlos-tevez.jpg 696w, https:\/\/i0.wp.com\/elnoticierodigital.com.ar\/wp-content\/uploads\/2024\/03\/1922615.jpg?resize=1068%2C561&amp;ssl=1 1068w\" sizes=\"(max-width: 696px) 100vw, 696px\" alt title=\"1922615\"><\/a><\/div>\n<p> <!-- content --><\/p>\n<article readability=\"54\">En 2010, el futbolista Carlos Tevez y la actriz Brenda Asnicar protagonizaron una de las parejas m\u00e1s comentadas del espect\u00e1culo argentino. Con una diferencia de edad significativa, realizaron diversos viajes y vivieron intensos momentos juntos.<\/p>\n<p>Sin embargo, su relaci\u00f3n lleg\u00f3 a su fin despu\u00e9s de un a\u00f1o, generando pol\u00e9micas y especulaciones sobre los motivos de la separaci\u00f3n. De eso se habl\u00f3 hace un tiempo, y se sigue hablando hoy por todos lados.<\/p>\n<p>La joven actriz, conocida por su participaci\u00f3n en la tira Patito Feo, revel\u00f3 detalles in\u00e9ditos sobre su romance con el Apache en una reciente entrevista en La Noche Al Dente. Asnicar admiti\u00f3 que le atrajo el talento futbol\u00edstico de Tevez: \u201cA m\u00ed me gusta mucho el talento. Juega mucho al f\u00fatbol, jugaba mucho al f\u00fatbol. Fue como un gran crossover\u201d.<\/p>\n<p>La exposici\u00f3n medi\u00e1tica y la diferencia de edad fueron temas recurrentes durante su relaci\u00f3n, pero Brenda aprendi\u00f3 a lidiar con la presi\u00f3n medi\u00e1tica. En referencia a los comentarios negativos, expres\u00f3: \u201cGracias a dios no recibo tanto hate, como he recibido en otros momentos por c\u00f3mo te ves, tu cuerpo, si est\u00e1s flaco, si no est\u00e1s flaco. Esas cosas en alg\u00fan momento s\u00ed me dolieron, pero tambi\u00e9n me ense\u00f1aron de m\u00ed\u201d.<\/p>\n<p>La ruptura, que fue abrupta y se llev\u00f3 a cabo por tel\u00e9fono debido a la distancia entre ambos, seg\u00fan relat\u00f3 la actriz, fue explicada por ella misma: \u201cNos dijimos adi\u00f3s a pesar del amor que nos ten\u00edamos y eso me sirvi\u00f3. Cada uno quer\u00eda seguir con su carrera\u201d.<\/p>\n<p>Adem\u00e1s, Brenda destac\u00f3 que la separaci\u00f3n fue en buenos t\u00e9rminos y que ambos compart\u00edan risas incluso despu\u00e9s de la ruptura. Es el d\u00eda de hoy que ella sigue tir\u00e1ndole buena onda, m\u00e1s all\u00e1 que \u00e9l volvi\u00f3 con su ex.<\/p>\n<p>El romance entre Carlos T\u00e9vez y Brenda Asnicar fue una amalgama de emociones y experiencias, marcando un cap\u00edtulo inolvidable en la vida de ambos, del que se vieron fotos por todo el mundo.<\/p>\n<p>La actriz, al recordar este pasaje de su pasado, destac\u00f3 la personalidad encantadora del futbolista: \u201cEs un excelente futbolista, una gran persona y todas las veces que salimos por la calle se vio, nosotros nos re\u00edamos, era salir del supermercado y una foto. Es inc\u00f3modo\u201d.<\/p>\n<\/article>\n<p>Fuente: <a href=\"https:\/\/www.paparazzi.com.ar\/romances\/brenda-asnicar-conto-por-que-decidio-separarse-de-carlos-tevez\/\">https:\/\/www.paparazzi.com.ar\/<\/a><\/p>\n","protected":false},"excerpt":{"rendered":"<p> En 2010, el futbolista Carlos Tevez y la actriz Brenda Asnicar protagonizaron una de las parejas m\u00e1s comentadas del espect\u00e1culo argentino. Con una diferencia de edad significativa, realizaron diversos viajes y vivieron intensos momentos juntos. Sin embargo, su relaci\u00f3n lleg\u00f3 a su fin despu\u00e9s de un a\u00f1o, generando pol\u00e9micas y especulaciones sobre los motivos de [&#8230;]  <\/p>\n","protected":false},"author":1,"featured_media":21194,"comment_status":"closed","ping_status":"closed","sticky":false,"template":"","format":"standard","meta":[],"categories":[14],"tags":[],"_links":{"self":[{"href":"https:\/\/latecordoba.com\/index.php\/wp-json\/wp\/v2\/posts\/21193"}],"collection":[{"href":"https:\/\/latecordoba.com\/index.php\/wp-json\/wp\/v2\/posts"}],"about":[{"href":"https:\/\/latecordoba.com\/index.php\/wp-json\/wp\/v2\/types\/post"}],"author":[{"embeddable":true,"href":"https:\/\/latecordoba.com\/index.php\/wp-json\/wp\/v2\/users\/1"}],"replies":[{"embeddable":true,"href":"https:\/\/latecordoba.com\/index.php\/wp-json\/wp\/v2\/comments?post=21193"}],"version-history":[{"count":0,"href":"https:\/\/latecordoba.com\/index.php\/wp-json\/wp\/v2\/posts\/21193\/revisions"}],"wp:featuredmedia":[{"embeddable":true,"href":"https:\/\/latecordoba.com\/index.php\/wp-json\/wp\/v2\/media\/21194"}],"wp:attachment":[{"href":"https:\/\/latecordoba.com\/index.php\/wp-json\/wp\/v2\/media?parent=21193"}],"wp:term":[{"taxonomy":"category","embeddable":true,"href":"https:\/\/latecordoba.com\/index.php\/wp-json\/wp\/v2\/categories?post=21193"},{"taxonomy":"post_tag","embeddable":true,"href":"https:\/\/latecordoba.com\/index.php\/wp-json\/wp\/v2\/tags?post=21193"}],"curies":[{"name":"wp","href":"https:\/\/api.w.org\/{rel}","templated":true}]}}