{"id":21190,"date":"2024-03-15T13:49:33","date_gmt":"2024-03-15T13:49:33","guid":{"rendered":"https:\/\/www.radiourbanasf.com.ar\/?p=18659"},"modified":"2024-03-15T13:49:33","modified_gmt":"2024-03-15T13:49:33","slug":"skay-beilinson-llega-al-luna-park","status":"publish","type":"post","link":"https:\/\/latecordoba.com\/index.php\/2024\/03\/15\/skay-beilinson-llega-al-luna-park\/","title":{"rendered":"Skay Beilinson llega al Luna Park"},"content":{"rendered":"\n<div><img decoding=\"async\" src=\"http:\/\/latecordoba.com\/wp-content\/uploads\/2024\/03\/skay-beilinson-llega-al-luna-park.jpg\" class=\"ff-og-image-inserted\"><\/div>\n<p><!-- .share-post --> <!-- WhatsApp Share Button for WordPress: http:\/\/peadig.com\/wordpress-plugins\/whatsapp-share-button\/ --><\/p>\n<h2>El guitarrista argentino anuncio a trav\u00e9s de sus redes sociales un concierto en el emblem\u00e1tico estadio Luna Park para junio de este a\u00f1o, te contamos los detalles en esta nota.<\/h2>\n<p>El m\u00fasico argentino <a href=\"https:\/\/www.cmtv.com.ar\/biografia\/show.php?bnid=275&amp;banda=Skay_Beilinson\"><b>Skay Beilinson<\/b><\/a>, conocido por ser leyenda viva del rock nacional y participante vital en lo que fue&nbsp;<a href=\"https:\/\/www.cmtv.com.ar\/biografia\/show.php?bnid=234&amp;banda=Patricio_Rey_y_Sus_Redonditos_de_Ricota\"><b>Patricio Rey y Sus Redonditos de Ricota<\/b><\/a>&nbsp;se presentara con su banda,&nbsp;<b>Los Fakires<\/b>, en el Estadio Luna Park de la Ciudad de Buenos Aires.<\/p>\n<p>La cita ser\u00e1 el pr\u00f3ximo viernes 7 de junio a las 21 horas. Las entradas ya se encuentran a la venta por sistema&nbsp;<i>TicketPortal&nbsp;<\/i>o en las boleter\u00edas del estadio.<\/p>\n<p>Adem\u00e1s de esta fecha, que ser\u00e1 una de las m\u00e1s importantes del a\u00f1o, el guitarrista tambi\u00e9n tocara en vivo en La Rioja y Bah\u00eda Blanca.<\/p>\n<p><!-- WhatsApp Share Button for WordPress: http:\/\/peadig.com\/wordpress-plugins\/whatsapp-share-button\/ -->  <\/p>\n","protected":false},"excerpt":{"rendered":"\n<div style=\"float:right;margin:0 0 20px 20px;\"><img decoding=\"async\" width=\"150\" height=\"150\" src=\"http:\/\/latecordoba.com\/wp-content\/uploads\/2024\/03\/skay-beilinson-llega-al-luna-park-1.jpg\" class=\"attachment-thumbnail size-thumbnail wp-post-image\" alt=\"\" loading=\"lazy\" \/><\/div>\n<p>El guitarrista argentino anuncio a trav\u00e9s de sus redes sociales un concierto en el emblem\u00e1tico estadio Luna Park para junio de este a\u00f1o, te contamos los detalles en esta nota. El m\u00fasico argentino Skay Beilinson, conocido por ser leyenda viva del rock nacional y participante vital en lo que fue\u00a0Patricio Rey y Sus Redonditos de &#8230;  <\/p>\n","protected":false},"author":1,"featured_media":21191,"comment_status":"closed","ping_status":"closed","sticky":false,"template":"","format":"standard","meta":[],"categories":[20],"tags":[],"_links":{"self":[{"href":"https:\/\/latecordoba.com\/index.php\/wp-json\/wp\/v2\/posts\/21190"}],"collection":[{"href":"https:\/\/latecordoba.com\/index.php\/wp-json\/wp\/v2\/posts"}],"about":[{"href":"https:\/\/latecordoba.com\/index.php\/wp-json\/wp\/v2\/types\/post"}],"author":[{"embeddable":true,"href":"https:\/\/latecordoba.com\/index.php\/wp-json\/wp\/v2\/users\/1"}],"replies":[{"embeddable":true,"href":"https:\/\/latecordoba.com\/index.php\/wp-json\/wp\/v2\/comments?post=21190"}],"version-history":[{"count":0,"href":"https:\/\/latecordoba.com\/index.php\/wp-json\/wp\/v2\/posts\/21190\/revisions"}],"wp:featuredmedia":[{"embeddable":true,"href":"https:\/\/latecordoba.com\/index.php\/wp-json\/wp\/v2\/media\/21191"}],"wp:attachment":[{"href":"https:\/\/latecordoba.com\/index.php\/wp-json\/wp\/v2\/media?parent=21190"}],"wp:term":[{"taxonomy":"category","embeddable":true,"href":"https:\/\/latecordoba.com\/index.php\/wp-json\/wp\/v2\/categories?post=21190"},{"taxonomy":"post_tag","embeddable":true,"href":"https:\/\/latecordoba.com\/index.php\/wp-json\/wp\/v2\/tags?post=21190"}],"curies":[{"name":"wp","href":"https:\/\/api.w.org\/{rel}","templated":true}]}}