{"id":21186,"date":"2024-03-12T14:23:27","date_gmt":"2024-03-12T14:23:27","guid":{"rendered":"https:\/\/www.puntal.com.ar\/centro-cultural-leonardo-favio\/vuelve-el-cine-la-diversidad-n213048"},"modified":"2024-03-12T14:23:27","modified_gmt":"2024-03-12T14:23:27","slug":"vuelve-el-cine-por-la-diversidad","status":"publish","type":"post","link":"https:\/\/latecordoba.com\/index.php\/2024\/03\/12\/vuelve-el-cine-por-la-diversidad\/","title":{"rendered":"Vuelve el Cine por la Diversidad"},"content":{"rendered":"\n<div><img decoding=\"async\" src=\"http:\/\/latecordoba.com\/wp-content\/uploads\/2024\/03\/vuelve-el-cine-por-la-diversidad.jpg\" class=\"ff-og-image-inserted\"><\/div>\n<div class=\"cuerpo\" data-twitter-link readability=\"14\">\n<div contenteditable=\"false\" class=\"embed_cont type_freetext\" rel=\"freetext\" id=\"embed3838_wrap\" data-provider=\"YouTube\" readability=\"32\">\n<p> Adios a la memoria -Trailer oficial<span onclick=\"parent.parent.TinyMCETdcuerpo.preview_embed('embed3838')\" class=\"embed_colapse less\" id=\"embed3838_colapse\"><\/span><span onclick=\"parent.parent.TinyMCETdcuerpo.delete_embed('embed3838')\" class=\"embed_delete less\" id=\"embed3838_delete\"><\/span><\/p>\n<div id=\"embed3838_content\" class=\"embed_content\">\n<p> <iframe loading=\"lazy\" width=\"200\" height=\"150\" src=\"https:\/\/www.youtube.com\/embed\/A0VbbzR3028?feature=oembed\" frameborder=\"0\" allow=\"accelerometer; autoplay; clipboard-write; encrypted-media; gyroscope; picture-in-picture; web-share\" allowfullscreen title=\"Adios a la memoria -Trailer oficial\">[embedded content]<\/iframe><\/p>\n<\/p><\/div>\n<\/p><\/div>\n<p>Sinopsis: Un padre ha perdido la memoria, mientras en su pa\u00eds el Gobierno promulga el olvido. Su hijo construye su propia memoria en las pel\u00edculas familiares que film\u00f3 el padre, mientras, entre los dos, subyace el recuerdo de la madre y esposa desaparecida.<\/p>\n<\/div>\n","protected":false},"excerpt":{"rendered":"<p>\nEl ciclo comienza su temporada 2024, esta noche en el C.C. Leonardo Favio  <\/p>\n","protected":false},"author":1,"featured_media":21187,"comment_status":"closed","ping_status":"closed","sticky":false,"template":"","format":"standard","meta":[],"categories":[14],"tags":[],"_links":{"self":[{"href":"https:\/\/latecordoba.com\/index.php\/wp-json\/wp\/v2\/posts\/21186"}],"collection":[{"href":"https:\/\/latecordoba.com\/index.php\/wp-json\/wp\/v2\/posts"}],"about":[{"href":"https:\/\/latecordoba.com\/index.php\/wp-json\/wp\/v2\/types\/post"}],"author":[{"embeddable":true,"href":"https:\/\/latecordoba.com\/index.php\/wp-json\/wp\/v2\/users\/1"}],"replies":[{"embeddable":true,"href":"https:\/\/latecordoba.com\/index.php\/wp-json\/wp\/v2\/comments?post=21186"}],"version-history":[{"count":0,"href":"https:\/\/latecordoba.com\/index.php\/wp-json\/wp\/v2\/posts\/21186\/revisions"}],"wp:featuredmedia":[{"embeddable":true,"href":"https:\/\/latecordoba.com\/index.php\/wp-json\/wp\/v2\/media\/21187"}],"wp:attachment":[{"href":"https:\/\/latecordoba.com\/index.php\/wp-json\/wp\/v2\/media?parent=21186"}],"wp:term":[{"taxonomy":"category","embeddable":true,"href":"https:\/\/latecordoba.com\/index.php\/wp-json\/wp\/v2\/categories?post=21186"},{"taxonomy":"post_tag","embeddable":true,"href":"https:\/\/latecordoba.com\/index.php\/wp-json\/wp\/v2\/tags?post=21186"}],"curies":[{"name":"wp","href":"https:\/\/api.w.org\/{rel}","templated":true}]}}