{"id":21176,"date":"2024-03-17T15:55:03","date_gmt":"2024-03-17T15:55:03","guid":{"rendered":"https:\/\/viapais.com.ar\/buenos-aires\/un-nuevo-aniversario-del-atentado-a-la-embajada-de-israel\/"},"modified":"2024-03-17T15:55:03","modified_gmt":"2024-03-17T15:55:03","slug":"argentina-reafirma-su-condena-al-terrorismo-en-un-nuevo-aniversario-del-atentado-a-la-embajada-de-israel","status":"publish","type":"post","link":"https:\/\/latecordoba.com\/index.php\/2024\/03\/17\/argentina-reafirma-su-condena-al-terrorismo-en-un-nuevo-aniversario-del-atentado-a-la-embajada-de-israel\/","title":{"rendered":"Argentina reafirma su condena al terrorismo en un nuevo aniversario del atentado a la Embajada de Israel"},"content":{"rendered":"\n<p>Este domingo se cumple <b>32 a\u00f1os del <\/b><a href=\"https:\/\/viapais.com.ar\/informacion-general\/30-anos-del-atentado-a-la-embajada-de-israel-homenajearan-a-las-victimas-con-un-acto-presencial\/\" target=\"_blank\" rel=\"noopener\"><b>atentado a la Embajada de Israel<\/b><\/a>, situada en el barrio de Retiro de la Ciudad de Buenos Aires, que <b>caus\u00f3 la muerte de 22 personas y dej\u00f3 un saldo de 242 heridos.<\/b><\/p>\n<article class=\"article card \">\n<div class=\"article-inner \">\n<div class=\"article-image \"><a href=\"https:\/\/viapais.com.ar\/politica\/salio-a-la-luz-el-informe-exclusivo-del-mossad-sobre-el-ataque-a-la-embajada-de-israel-en-la-argentina\/\" title=\"Atentado_Embajada_Israel\"><\/p>\n<figure><picture><img alt=\"Atentado_Embajada_Israel\" class=\" block \" src=\"http:\/\/latecordoba.com\/wp-content\/uploads\/2024\/03\/argentina-reafirma-su-condena-al-terrorismo-en-un-nuevo-aniversario-del-atentado-a-la-embajada-de-israel.jpg\" sizes=\"auto\" loading=\"lazy\" data-src=\"http:\/\/latecordoba.com\/wp-content\/uploads\/2024\/03\/argentina-reafirma-su-condena-al-terrorismo-en-un-nuevo-aniversario-del-atentado-a-la-embajada-de-israel.jpg\" width=\"307px\" fetchpriority=\"low\" decoding=\"async\" height=\"173px\"><\/picture><\/figure>\n<p><\/a><\/div>\n<\/div>\n<\/article>\n<p>El ataque terrorista fue contempor\u00e1neo de otro similar, pero de mayor magnitud, que se recuerda como el atentado a la mutual jud\u00eda AMIA (18 de julio de 1994). <b>El atentando a la Embajada de Israel sucedi\u00f3 el 17 de marzo de 1992<\/b>, dos a\u00f1os y tres meses antes.<\/p>\n<figure><picture><img alt=\"El atentado a la Embajada de Israel se llev\u00f3 a cabo el 17 de marzo de 1992.\" class=\" block \" src=\"http:\/\/latecordoba.com\/wp-content\/uploads\/2024\/03\/argentina-reafirma-su-condena-al-terrorismo-en-un-nuevo-aniversario-del-atentado-a-la-embajada-de-israel-1.jpg\" sizes=\"auto\" loading=\"lazy\" data-src=\"http:\/\/latecordoba.com\/wp-content\/uploads\/2024\/03\/argentina-reafirma-su-condena-al-terrorismo-en-un-nuevo-aniversario-del-atentado-a-la-embajada-de-israel-1.jpg\" width=\"1023px\" fetchpriority=\"low\" decoding=\"async\" height=\"767px\"><\/picture><figcaption class>El atentado a la Embajada de Israel se llev\u00f3 a cabo el 17 de marzo de 1992. Foto: Gov.il<\/figcaption><\/figure>\n<p>El ataque destruy\u00f3 de manera completa a la sede de la embajada y del consulado, los cuales estaban ubicados en los n\u00fameros 910 y 916 de la calle Arroyo del mencionado barrio de Retiro.<\/p>\n<h2 class>Condena \u201cen\u00e9rgica\u201d al terrorismo<\/h2>\n<p>Con motivo de este nuevo aniversario, <b>el Gobierno emiti\u00f3 su \u201cen\u00e9rgica\u201d condena al terrorismo.<\/b> \u201dA 32 a\u00f1os del atentado a la Embajada de Israel, recordamos a sus v\u00edctimas y acompa\u00f1amos a sus familiares\u201d, expres\u00f3 la Canciller\u00eda argentina en un mensaje publicado en redes sociales.<\/p>\n<p>El Gobierno de Javier Milei se\u00f1al\u00f3 que \u201cen esta fecha, y a\u00fan conmovidos por los sucesos del pasado 7 de octubre\u201d -d\u00eda de los ataques de Ham\u00e1s en Israel- y \u201csus consecuencias\u201d, reitera su <b>\u201cm\u00e1s en\u00e9rgica condena a toda forma de terrorismo\u201d.<\/b><\/p>\n<p><b>\u201dReafirmamos nuestro compromiso de continuar trabajando activamente, tanto a nivel nacional como en el \u00e1mbito regional y multilateral, para prevenir y erradicar ese flagelo. Extendemos un abrazo solidario y fraterno al pueblo y Gobierno de Israel. No nos olvidamos\u201d<\/b>, a\u00f1ade el mensaje.<\/p>\n<h2 class>Investigaci\u00f3n del atentado a la Embajada de Israel<\/h2>\n<p>De manera inmediata, lo sucedido fue investigado por <b>la Corte Suprema de Justicia, pero no se logr\u00f3 identificar a ning\u00fan sospechoso, por lo que permanece sin elevarse a juicio la causa.<\/b><\/p>\n<p>En 2022, y a trav\u00e9s de una investigaci\u00f3n del Mossad -una agencia de inteligencia de Israel-, se lleg\u00f3 a desligar a la Rep\u00fablica Isl\u00e1mica de Ir\u00e1n de actuar con agentes operativos en los ataques de la embajada y de la AMIA y logr\u00f3 identificar a los terroristas que integraron el grupo de ataque.<\/p>\n<h2 class>C\u00f3mo fue el atentado a la Embajada de Israel: los detalles<\/h2>\n<p>Ese martes 17 de marzo de 1992, a las 14:45 h, <b>una camioneta Ford F-100 conducida por un terrorista suicida y repleta de explosivos se estrell\u00f3 contra el frente del edificio<\/b> generando el tan lamentado suceso.<\/p>\n<p>Por este accionar murieron 22 personas y resultaron heridas otras 242. Result\u00f3 ser el peor ataque contra una misi\u00f3n diplom\u00e1tica israel\u00ed y en la Argentina, el segundo peor atentado que se sufri\u00f3 (despu\u00e9s de la AMIA).<\/p>\n<p>Las sospechas que se barajaron luego en la investigaci\u00f3n dan como indicios que los terroristas habr\u00edan ingresado al pa\u00eds a trav\u00e9s de la triple frontera (en la provincia de Misiones, que es lindera con Paraguay y Brasil).<\/p>\n<figure><picture><img alt=\"El atentado en la AMIA fue en 1994 y dej\u00f3 85 v\u00edctimas. Foto: Web\" class=\" block \" src=\"http:\/\/latecordoba.com\/wp-content\/uploads\/2024\/03\/argentina-reafirma-su-condena-al-terrorismo-en-un-nuevo-aniversario-del-atentado-a-la-embajada-de-israel.webp\" sizes=\"auto\" loading=\"lazy\" data-src=\"http:\/\/latecordoba.com\/wp-content\/uploads\/2024\/03\/argentina-reafirma-su-condena-al-terrorismo-en-un-nuevo-aniversario-del-atentado-a-la-embajada-de-israel.webp\" width=\"1023px\" fetchpriority=\"low\" decoding=\"async\" height=\"575px\"><\/picture><figcaption class>El atentado en la AMIA fue en 1994 y dej\u00f3 85 v\u00edctimas. Foto: Web<\/figcaption><\/figure>\n<p>Pese a estas consideraciones, una investigaci\u00f3n del ataque realizada por Estados Unidos a trav\u00e9s del FBI determin\u00f3 en 2008 que Ir\u00e1n deb\u00eda indemnizar a los familiares de las v\u00edctimas y que el ataque fue llevado a cabo por la organizaci\u00f3n Hezbollah con el apoyo de este pa\u00eds.<\/p>\n<h2 class>La justificaci\u00f3n de Carlos Memem, presidente en ejercicio durante los atentados<\/h2>\n<p>En el a\u00f1o 2004, el expresidente <b>Carlos Menem<\/b> (1989-1999) realiz\u00f3 una serie de declaraciones en donde <b>infiri\u00f3 que el ataque se pudo deber a que hasta ese momento hab\u00eda sido el \u00fanico presidente argentino que visit\u00f3 Israel<\/b> (Javier Milei emul\u00f3 esa visita) y eso, supuestamente, habr\u00eda generado la ofensa de determinadas organizaciones terroristas.<\/p>\n<p><b>\u201cLo otro que puede ser es el env\u00edo de las naves argentinas al Golfo con motivo de la invasi\u00f3n de Irak a Kuwait\u201d<\/b>, explic\u00f3 Menem en ese momento.<\/p>\n<p>Este env\u00edo tuvo raz\u00f3n de ser para reforzar la coalici\u00f3n encabezada por los Estados Unidos contra Irak, y const\u00f3 de don buques de guerra que fueron al Golfo P\u00e9rsico en 1991.<\/p>\n<figure><picture><img alt=\"Carlos Sa\u00fal Menem (Anillaco, La Rioja; 2 de julio de 1930-Buenos Aires, 14 de febrero de 2021), presidente de la Naci\u00f3n Argentina entre 1989 y 1999 y gobernador de la provincia de La Rioja en los per\u00edodos 1973-1976 y 1983-1989. Desde 2005 hasta 2021 fue senador nacional, en representaci\u00f3n de la provincia de La Rioja.\" class=\" block \" src=\"http:\/\/latecordoba.com\/wp-content\/uploads\/2024\/03\/argentina-reafirma-su-condena-al-terrorismo-en-un-nuevo-aniversario-del-atentado-a-la-embajada-de-israel-2.jpg\" sizes=\"auto\" loading=\"lazy\" data-src=\"http:\/\/latecordoba.com\/wp-content\/uploads\/2024\/03\/argentina-reafirma-su-condena-al-terrorismo-en-un-nuevo-aniversario-del-atentado-a-la-embajada-de-israel-2.jpg\" width=\"1023px\" fetchpriority=\"low\" decoding=\"async\" height=\"562px\"><\/picture><figcaption class>Carlos Sa\u00fal Menem (Anillaco, La Rioja; 2 de julio de 1930-Buenos Aires, 14 de febrero de 2021), presidente de la Naci\u00f3n Argentina entre 1989 y 1999 y gobernador de la provincia de La Rioja en los per\u00edodos 1973-1976 y 1983-1989. Desde 2005 hasta 2021 fue senador nacional, en representaci\u00f3n de la provincia de La Rioja. Foto: AP <\/figcaption><\/figure>\n<h2 class>Recuerdo del atentado a la Embajada de Israel<\/h2>\n<p>En la actualidad, en el sitio donde estaba emplazado el edificio de la Embajada de Israel hay monumentos que preservan el lugar para la memoria. Incluso se conserva parte del muro original de aquel edificio.<\/p>\n<p>Tambi\u00e9n figuran los nombres de los fallecidos en diferentes placas y se plantaron dos hileras de \u00e1rboles, representando a las v\u00edctimas.<\/p>\n<p>Operativamente, la nueva Embajada de Israel funciona en el d\u00e9cimo piso de la Torre La Buenos Aires, sobre la Avenida de Mayo.<\/p>\n","protected":false},"excerpt":{"rendered":"<p>Este domingo se cumple 32 a\u00f1os del atentado a la Embajada de Israel, situada en el barrio de Retiro de la Ciudad de Buenos Aires, que caus\u00f3 la muerte de 22 personas y dej\u00f3 un saldo de 242 heridos. El ataque terrorista fue contempor\u00e1neo de otro similar, pero de mayor magnitud, que se recuerda como [&hellip;]<\/p>\n","protected":false},"author":1,"featured_media":21177,"comment_status":"closed","ping_status":"closed","sticky":false,"template":"","format":"standard","meta":[],"categories":[15],"tags":[],"_links":{"self":[{"href":"https:\/\/latecordoba.com\/index.php\/wp-json\/wp\/v2\/posts\/21176"}],"collection":[{"href":"https:\/\/latecordoba.com\/index.php\/wp-json\/wp\/v2\/posts"}],"about":[{"href":"https:\/\/latecordoba.com\/index.php\/wp-json\/wp\/v2\/types\/post"}],"author":[{"embeddable":true,"href":"https:\/\/latecordoba.com\/index.php\/wp-json\/wp\/v2\/users\/1"}],"replies":[{"embeddable":true,"href":"https:\/\/latecordoba.com\/index.php\/wp-json\/wp\/v2\/comments?post=21176"}],"version-history":[{"count":0,"href":"https:\/\/latecordoba.com\/index.php\/wp-json\/wp\/v2\/posts\/21176\/revisions"}],"wp:featuredmedia":[{"embeddable":true,"href":"https:\/\/latecordoba.com\/index.php\/wp-json\/wp\/v2\/media\/21177"}],"wp:attachment":[{"href":"https:\/\/latecordoba.com\/index.php\/wp-json\/wp\/v2\/media?parent=21176"}],"wp:term":[{"taxonomy":"category","embeddable":true,"href":"https:\/\/latecordoba.com\/index.php\/wp-json\/wp\/v2\/categories?post=21176"},{"taxonomy":"post_tag","embeddable":true,"href":"https:\/\/latecordoba.com\/index.php\/wp-json\/wp\/v2\/tags?post=21176"}],"curies":[{"name":"wp","href":"https:\/\/api.w.org\/{rel}","templated":true}]}}