{"id":21170,"date":"2024-03-16T15:59:00","date_gmt":"2024-03-16T15:59:00","guid":{"rendered":"https:\/\/www.iprofesional.com\/economia\/402195-alerta-para-empleados-de-comercio-quieren-postergar-aumentos-de-sueldo"},"modified":"2024-03-16T15:59:00","modified_gmt":"2024-03-16T15:59:00","slug":"alerta-para-empleados-de-comercio-empresarios-quieren-postergar-aumentos-de-sueldo-por-4-meses","status":"publish","type":"post","link":"https:\/\/latecordoba.com\/index.php\/2024\/03\/16\/alerta-para-empleados-de-comercio-empresarios-quieren-postergar-aumentos-de-sueldo-por-4-meses\/","title":{"rendered":"Alerta para empleados de Comercio: empresarios quieren postergar aumentos de sueldo por 4 meses"},"content":{"rendered":"\n<div class=\"media_block\"><img decoding=\"async\" src=\"http:\/\/latecordoba.com\/wp-content\/uploads\/2024\/03\/alerta-para-empleados-de-comercio-empresarios-quieren-postergar-aumentos-de-sueldo-por-4-meses.jpg\"><\/div>\n<p>Frente a la problem\u00e1tica econ\u00f3mica que se vive en el pa\u00eds, los empresarios del <strong>sector comercial<\/strong> quieren postergar cualquier tipo de <a href=\"https:\/\/www.iprofesional.com\/economia\/401615-empleados-de-comercio-cerro-otra-paritaria-en-rama-clave-de-cuanto-es-el-sueldo-basico\" target=\"_blank\" rel=\"noopener noreferrer\"><strong>aumento de sueldo<\/strong> para los empleados de Comercio<\/a> por al menos 120 d\u00edas a fin de lograr que los negocios puedan reacomodar sus finanzas.\n<\/p>\n<p>As\u00ed lo dijo Juan Keulian, director de un centro comercial de La Rioja, en una entrevista radial en la que se refiri\u00f3 a la solicitud de postergar incrementos salariales para empleados de comercio durante <strong>cuatro meses<\/strong>.\n<\/p>\n<p>Esto es as\u00ed, ya que, seg\u00fan argument\u00f3, las convenciones colectivas, establecidas en Buenos Aires, no consideran las realidades econ\u00f3micas de otras regiones como La Rioja, donde las empresas enfrentan dificultades financieras severas, entre las que se incluye la incapacidad de cumplir con los convenios salariales vigentes.\n<\/p>\n<p>&#8220;Tucum\u00e1n, Santiago del Estero y La Rioja somos los que pedimos que paren con esto. Lo que pasa es que las convenciones colectivas se hacen en Buenos Aires, con criterios que son de la econom\u00eda de Buenos Aires. Es cierto que, de acuerdo a la Constituci\u00f3n Nacional, a igual trabajo igual remuneraci\u00f3n, pero nadie le pide a la CAME que baje los sueldos, sino que no haga paritarias por un tiempo determinado hasta que acomodemos la cuesti\u00f3n&#8221;, se\u00f1ala.\n<\/p>\n<p><span>La solicitud a la Confederaci\u00f3n Argentina de la Mediana Empresa (CAME) y a la C\u00e1mara Argentina de Comercio (CAC) es posponer cualquier incremento salarial por al menos 120 d\u00edas para permitir a los comercios acomodar sus finanzas<\/span>.\n<\/p>\n<h2>Cu\u00e1nta plata se necesita para mantener un empleado de comercio<\/h2>\n<p>Seg\u00fan inform\u00f3 Juan Keulian, &#8220;para mantener un empleado, un comercio necesita vender <strong>9 millones de pesos<\/strong>, porque si el empleado tiene ciertos aportes con el actual convenio le puede salir un mill\u00f3n de pesos, y la econom\u00eda riojana todos saben como es, entonces hay que esperar a que se acomode la situaci\u00f3n. Nosotros estamos esperando que esto pase. Ellos firmaron ese convenio, bueno, ahora nosotros pedimos que esperen un poco, pedimos que no sigan aumentando porque no vamos a poder pagar&#8221;.\n<\/p>\n<div class=\"imagen\" readability=\"7\"><img decoding=\"async\" loading=\"lazy\" class=\"lazyload\" src=\"http:\/\/latecordoba.com\/wp-content\/uploads\/2024\/03\/alerta-para-empleados-de-comercio-empresarios-quieren-postergar-aumentos-de-sueldo-por-4-meses-1.jpg\" alt width=\"880\" height=\"495\"><\/p>\n<p>Los empleados de comercio piden no aumentar los sueldos por cuatro meses<\/p>\n<\/div>\n<p>Y agreg\u00f3: &#8220;Ahora tenemos que esperar. El lunes comenzaremos las conversaciones para que paren un poco con los aumentos y acomodar los tantos, porque si despu\u00e9s no podemos pagar, \u00bfpara qu\u00e9 me hacen convenios nuevos?. La situaci\u00f3n en La Rioja es muy grave, m\u00e1s de lo que se imaginan, y los optimistas pensamos que hay que esperar unos meses, pero cierres habr\u00e1, y ser\u00e1n lamentablemente los m\u00e1s chiquitos, que a lo sumo tienen un empleado o atienden los due\u00f1os, que venden ropa o calzado&#8221;.\n<\/p>\n<h2>Empleados de Comercio: el sueldo b\u00e1sico en marzo<\/h2>\n<p>En marzo, los trabajadores del <strong>sector comercial<\/strong> recibieron sus <a href=\"https:\/\/www.iprofesional.com\/actualidad\/400522-el-sueldo-mas-alto-que-cobraran-empleados-de-comercio-en-marzo\" target=\"_blank\" rel=\"noopener noreferrer\">salarios correspondientes al mes de febrero<\/a>, con el <strong>reciente ajuste acordado<\/strong> en la \u00faltima negociaci\u00f3n paritaria, desde el viernes 1 de marzo.\n<\/p>\n<p>La<strong> <a href=\"https:\/\/www.iprofesional.com\/actualidad\/400362-nueva-suba-de-sueldo-para-empleados-de-comercio-cuanto-cobraran-en-marzo\" target=\"_blank\" rel=\"noopener noreferrer\">Federaci\u00f3n Argentina de Empleados de Comercio y Servicios (Faecys)<\/a><\/strong>, bajo la direcci\u00f3n de Armando Cavalieri, ha culminado durante las semanas recientes un acuerdo con los representantes empresariales del sector, asegurando un<span> aumento salarial del 17,6% para el mes de febrero de 2024<\/span>. Este incremento se hizo efectivo en los primeros d\u00edas de marzo.\n<\/p>\n<p>El pacto ha sido rubricado con la participaci\u00f3n de la<strong> C\u00e1mara Argentina de Comercio (CAC)<\/strong>, la Confederaci\u00f3n de la Mediana Empresa (CAME) y la Uni\u00f3n de Entidades Comerciales (Udeca), consolidando as\u00ed un acuerdo amplio dentro del espectro empresarial del comercio.\n<\/p>\n<p>En relaci\u00f3n con el salario b\u00e1sico, la Faecys ha comunicado a trav\u00e9s de un comunicado oficial que las partes involucradas &#8220;han acordado un <strong>incremento del 17,6% para el mes de febrero<\/strong>, elevando el <span>salario b\u00e1sico a $658.000<\/span>, contemplando adem\u00e1s los adicionales por presentismo&#8221;.\n<\/p>\n<p>Adem\u00e1s, se aclar\u00f3 que el acuerdo salarial, firmado en la<strong> Secretar\u00eda de Trabajo<\/strong> del Ministerio de Capital Humano de la Naci\u00f3n, corresponde al <strong>per\u00edodo paritario de Comercio que abarca desde abril de 2023 hasta abril de 2024.<\/strong>\n<\/p>\n<div class=\"imagen\" readability=\"8\"><img decoding=\"async\" loading=\"lazy\" class=\"lazyload\" src=\"http:\/\/latecordoba.com\/wp-content\/uploads\/2024\/03\/alerta-para-empleados-de-comercio-empresarios-quieren-postergar-aumentos-de-sueldo-por-4-meses-2.jpg\" alt=\"Sueldos de empleados de Comercio en marzo, por categor\u00eda\" width=\"880\" height=\"1123\"><\/p>\n<p>Sueldos de empleados de Comercio en marzo, por categor\u00eda<\/p>\n<\/div>\n<p>En un comunicado conjunto, las<strong> c\u00e1maras empresariales<\/strong> tambi\u00e9n han confirmado que el <a href=\"https:\/\/www.iprofesional.com\/economia\/399685-empleados-de-comercio-logran-aumento-de-sueldo-para-rama-clave\" target=\"_blank\" rel=\"noopener noreferrer\">monto acordado<\/a>, considerado no remunerativo, ser\u00e1 incorporado a las escalas salariales a partir del mes de abril de 2024.\n<\/p>\n<p>Por \u00faltimo, se ha subrayado que <strong>estos incrementos no tienen car\u00e1cter vinculante<\/strong> para los acuerdos salariales que puedan ser suscritos en la ciudad de R\u00edo Grande, provincia de Tierra del Fuego, estableciendo as\u00ed un contexto diferenciado para esa regi\u00f3n en particular.<\/p>\n","protected":false},"excerpt":{"rendered":"\n<div class=\"media_block\"><img decoding=\"async\" src=\"http:\/\/latecordoba.com\/wp-content\/uploads\/2024\/03\/alerta-para-empleados-de-comercio-empresarios-quieren-postergar-aumentos-de-sueldo-por-4-meses.jpg\"><\/div>\n<p> La solicitud a la Confederaci\u00f3n Argentina de la Mediana Empresa y a la C\u00e1mara Argentina de Comercio es posponer incremento salarial por al menos 120 d\u00edas <iframe width=\"0\" height=\"0\" border=\"0\"> <script> (function(i,s,o,g,r,a,m){i['GoogleAnalyticsObject']=r;i[r]=i[r]||function(){ (i[r].q=i[r].q||[]).push(arguments)},i[r].l=1*new Date();a=s.createElement(o), m=s.getElementsByTagName(o)[0];a.async=1;a.src=g;m.parentNode.insertBefore(a,m) })(window,document,'script','https:\/\/www.google-analytics.com\/analytics.js','ga'); ga('create', 'GTM-5LW5KQD', 'auto'); ga('require', 'displayfeatures'); ga('set', 'campaignSource', 'RSS Client for iProfesional'); ga('set', 'campaignMedium', 'RSS Client for iProfesional'); ga('set', {\"dataSource\": \"rss.atom.iprofesional.com\"}); ga('set', {\"referrer\": \"rss.atom.iprofesional.com\"}); ga('set', 'title', 'RSS Client for iProfesional'); ga('send', 'pageview'); <\/script> <!-- Begin comScore Tag --> <script> var _comscore = _comscore || []; _comscore.push({ c1: \"2\", c2: \"16597048\" }); (function() { var s = document.createElement(\"script\"), el = document.getElementsByTagName(\"script\")[0]; s.async = true; s.src = \"https:\/\/sb.scorecardresearch.com\/cs\/16597048\/beacon.js\"; el.parentNode.insertBefore(s, el); })(); <\/script> <noscript> <img decoding=\"async\" src=\"http:\/\/latecordoba.com\/wp-content\/uploads\/2024\/03\/alerta-para-empleados-de-comercio-empresarios-quieren-postergar-aumentos-de-sueldo-por-4-meses.gif\"> <\/noscript> <!-- End comScore Tag --> <\/iframe> <iframe border=\"0px\" style=\"display: none\" width=0 height=0 src=\"https:\/\/www.iprofesional.com\/ga4.html?gtag_id=G-N13KWJP8BK&amp;title=Alerta para empleados de Comercio: empresarios quieren postergar aumentos de sueldo por 4 meses&amp;location=https:\/\/www.iprofesional.com\/economia\/402195-alerta-para-empleados-de-comercio-quieren-postergar-aumentos-de-sueldo&amp;referrer=rss.atom.iprofesional.com&amp;ci=RSS Client for iProfesional&amp;cs=RSS Client for iProfesional&amp;cm=RSS&amp;cn=RSS Client for iProfesional&amp;cc=RSS Client for iProfesional\"><\/iframe>  <\/p>\n","protected":false},"author":1,"featured_media":21171,"comment_status":"closed","ping_status":"closed","sticky":false,"template":"","format":"standard","meta":[],"categories":[18],"tags":[],"_links":{"self":[{"href":"https:\/\/latecordoba.com\/index.php\/wp-json\/wp\/v2\/posts\/21170"}],"collection":[{"href":"https:\/\/latecordoba.com\/index.php\/wp-json\/wp\/v2\/posts"}],"about":[{"href":"https:\/\/latecordoba.com\/index.php\/wp-json\/wp\/v2\/types\/post"}],"author":[{"embeddable":true,"href":"https:\/\/latecordoba.com\/index.php\/wp-json\/wp\/v2\/users\/1"}],"replies":[{"embeddable":true,"href":"https:\/\/latecordoba.com\/index.php\/wp-json\/wp\/v2\/comments?post=21170"}],"version-history":[{"count":0,"href":"https:\/\/latecordoba.com\/index.php\/wp-json\/wp\/v2\/posts\/21170\/revisions"}],"wp:featuredmedia":[{"embeddable":true,"href":"https:\/\/latecordoba.com\/index.php\/wp-json\/wp\/v2\/media\/21171"}],"wp:attachment":[{"href":"https:\/\/latecordoba.com\/index.php\/wp-json\/wp\/v2\/media?parent=21170"}],"wp:term":[{"taxonomy":"category","embeddable":true,"href":"https:\/\/latecordoba.com\/index.php\/wp-json\/wp\/v2\/categories?post=21170"},{"taxonomy":"post_tag","embeddable":true,"href":"https:\/\/latecordoba.com\/index.php\/wp-json\/wp\/v2\/tags?post=21170"}],"curies":[{"name":"wp","href":"https:\/\/api.w.org\/{rel}","templated":true}]}}