{"id":21164,"date":"2024-03-16T00:23:50","date_gmt":"2024-03-16T00:23:50","guid":{"rendered":"http:\/\/3daa5fe98bb55c0e53a004664cc0492f"},"modified":"2024-03-16T00:23:50","modified_gmt":"2024-03-16T00:23:50","slug":"intendentes-del-conurbano-alertan-un-derrumbe-en-la-recaudacion-del-20","status":"publish","type":"post","link":"https:\/\/latecordoba.com\/index.php\/2024\/03\/16\/intendentes-del-conurbano-alertan-un-derrumbe-en-la-recaudacion-del-20\/","title":{"rendered":"Intendentes del Conurbano alertan un derrumbe en la recaudaci\u00f3n del 20%"},"content":{"rendered":"\n<div class=\"media_block\"><img decoding=\"async\" src=\"http:\/\/latecordoba.com\/wp-content\/uploads\/2024\/03\/intendentes-del-conurbano-alertan-un-derrumbe-en-la-recaudacion-del-20.png\"><\/div>\n<div><img decoding=\"async\" src=\"http:\/\/latecordoba.com\/wp-content\/uploads\/2024\/03\/intendentes-del-conurbano-alertan-un-derrumbe-en-la-recaudacion-del-20-1.png\" class=\"ff-og-image-inserted\"><\/div>\n<p><a href=\"https:\/\/www.lapoliticaonline.com\/provincia\/en-el-gobierno-de-kicillof-aseguran-que-la-recaudacion-cayo-casi-12-en-el-primer-bimestre\/\">En paralelo a los datos provinciales<\/a> que alertan un derrumbe de la recaudaci\u00f3n de casi un 12% por el impacto del ajuste que promueve el gobierno de Javier Milei, en los distritos del Conurbano la ca\u00edda se grafica de forma m\u00e1s dr\u00e1stica. <\/p>\n<p><a href=\"https:\/\/www.lapoliticaonline.com\/conurbano\/intendentes-del-conurbano-alertan-que-la-demanda-de-alimentos-crecio-hasta-129-con-milei\/\">Como adelant\u00f3 LPO<\/a>, la ca\u00edda de la recaudaci\u00f3n bonaerense genera inquietud en los municipios del interior donde los recursos provinciales representan un 70% de sus ingresos. Pero en el Conurbano la recaudaci\u00f3n de tasas locales tiene una gravitaci\u00f3n central. <\/p>\n<p>&#8220;Este a\u00f1o puede ser fatal. Viene menos guita de Provincia, cae nuestra recaudaci\u00f3n y suben los insumos por inflaci\u00f3n, es la tormenta perfecta&#8221;, sintetizaron a LPO en un municipio de la Primera secci\u00f3n. <\/p>\n<p>La experiencia muestra que, en el Conurbano, el golpe en la recaudaci\u00f3n es directo en momentos recesivos, algo que complejiza el dise\u00f1o de las pol\u00edticas distritales.<\/p>\n<p> &#8220;Los ingresos propios con los que contamos habitualmente se ven afectados este a\u00f1o en un 20% en t\u00e9rminos reales&#8221;, remarc\u00f3 el intendente de San Mart\u00edn sobre la recaudaci\u00f3n local.<\/p>\n<p><a href=\"https:\/\/www.lapoliticaonline.com\/tools\/redirect.php?t=3&amp;i=284937&amp;s=e28ddd252b329dd74e1b1f2f53077528\" class=\"link-type-content content-type-noticia-ar\">En el gobierno de Kicillof aseguran que la recaudaci\u00f3n cay\u00f3 casi 12% en el primer bimestre<\/a><\/p>\n<p>Durante la apertura de sesiones en el Concejo Deliberante local, Moreira advirti\u00f3 sobre una profunda recesi\u00f3n de la actividad industrial, con una ca\u00edda del 35% de las ventas, una reducci\u00f3n del 30% de la capacidad instalada y un nivel de empleo que cay\u00f3 7,6%.<\/p>\n<p>En La Matanza las alertas son extremas. Ante la consulta de LPO, cerca del municipio se\u00f1alaron que el impacto ya es visible en los ingresos propios pero que, en el curso del a\u00f1o, el panorama puede ser cr\u00edtico y temen una ca\u00edda en la recaudaci\u00f3n del orden del 50%.<\/p>\n<p><a href=\"https:\/\/www.lapoliticaonline.com\/tools\/redirect.php?t=3&amp;i=283325&amp;s=5fca39080393b87664b186c8b31d342b\" class=\"link-type-content content-type-noticia-ar\">Intendentes temen que por la ca\u00edda de la recaudaci\u00f3n no puedan pagar los sueldos&nbsp;<\/a><\/p>\n<p>En Ituzaing\u00f3, Pablo Descalzo dijo que la recaudaci\u00f3n del municipio que conduce se desplom\u00f3 un 10,2% desde diciembre y admiti\u00f3 que esa ca\u00edda repercutir\u00e1 en la suspensi\u00f3n de algunas obras previstas por la comuna. <\/p>\n<p>En el distrito m\u00e1s populoso del interior bonaerense, Mar del Plata, el derrumbe de la recaudaci\u00f3n tambi\u00e9n prende alertas en la gesti\u00f3n de Guillermo Montenegro. En el primer bimestre, el municipio ya registr\u00f3 una merma en la cobrabilidad de la Tasa por Servicios Urbanos (TSU) y la Tasa por Inspecci\u00f3n en Seguridad e Higiene (TISH), ambas centrales en materia recaudatoria.<\/p>\n","protected":false},"excerpt":{"rendered":"\n<div class=\"media_block\"><img decoding=\"async\" src=\"http:\/\/latecordoba.com\/wp-content\/uploads\/2024\/03\/intendentes-del-conurbano-alertan-un-derrumbe-en-la-recaudacion-del-20.png\"><\/div>\n<p>En San Mart\u00edn, Moreira tambi\u00e9n advirti\u00f3 una reducci\u00f3n del 30% de la capacidad instalada en el distrito. En Ituzaing\u00f3, el derrumbe recaudatorio super\u00f3 el 10% en el primer bimestre.  <\/p>\n","protected":false},"author":1,"featured_media":21165,"comment_status":"closed","ping_status":"closed","sticky":false,"template":"","format":"standard","meta":[],"categories":[18],"tags":[],"_links":{"self":[{"href":"https:\/\/latecordoba.com\/index.php\/wp-json\/wp\/v2\/posts\/21164"}],"collection":[{"href":"https:\/\/latecordoba.com\/index.php\/wp-json\/wp\/v2\/posts"}],"about":[{"href":"https:\/\/latecordoba.com\/index.php\/wp-json\/wp\/v2\/types\/post"}],"author":[{"embeddable":true,"href":"https:\/\/latecordoba.com\/index.php\/wp-json\/wp\/v2\/users\/1"}],"replies":[{"embeddable":true,"href":"https:\/\/latecordoba.com\/index.php\/wp-json\/wp\/v2\/comments?post=21164"}],"version-history":[{"count":0,"href":"https:\/\/latecordoba.com\/index.php\/wp-json\/wp\/v2\/posts\/21164\/revisions"}],"wp:featuredmedia":[{"embeddable":true,"href":"https:\/\/latecordoba.com\/index.php\/wp-json\/wp\/v2\/media\/21165"}],"wp:attachment":[{"href":"https:\/\/latecordoba.com\/index.php\/wp-json\/wp\/v2\/media?parent=21164"}],"wp:term":[{"taxonomy":"category","embeddable":true,"href":"https:\/\/latecordoba.com\/index.php\/wp-json\/wp\/v2\/categories?post=21164"},{"taxonomy":"post_tag","embeddable":true,"href":"https:\/\/latecordoba.com\/index.php\/wp-json\/wp\/v2\/tags?post=21164"}],"curies":[{"name":"wp","href":"https:\/\/api.w.org\/{rel}","templated":true}]}}