{"id":21162,"date":"2024-03-16T17:43:10","date_gmt":"2024-03-16T17:43:10","guid":{"rendered":"https:\/\/viapais.com.ar\/gualeguaychu\/comenzo-la-campana-de-donacion-para-los-evacuados-de-gualeguaychu\/"},"modified":"2024-03-16T17:43:10","modified_gmt":"2024-03-16T17:43:10","slug":"comenzo-la-campana-de-donacion-para-los-evacuados-de-gualeguaychu","status":"publish","type":"post","link":"https:\/\/latecordoba.com\/index.php\/2024\/03\/16\/comenzo-la-campana-de-donacion-para-los-evacuados-de-gualeguaychu\/","title":{"rendered":"Comenz\u00f3 la campa\u00f1a de donaci\u00f3n para los evacuados de Gualeguaych\u00fa"},"content":{"rendered":"<br \/>\n<section readability=\"33.369720597791\">\n<p>Tras la intensas lluvias que afectaron a varias provincias en los \u00faltimos d\u00edas, <a href=\"https:\/\/viapais.com.ar\/gualeguaychu\/inundaciones-en-entre-rios-mas-de-150-personas-ya-abandonaron-sus-casas-en-gualeguaychu\/\" target=\"_blank\" rel=\"noopener\">comenzaron las inundaciones en Entre R\u00edos<\/a> dejando a varias familias en situaciones desesperantes con la p\u00e9rdida de sus pertenencias. En Gualeguaych\u00fa, el del R\u00edo se ubica en los 4,84 a las 14 horas de este s\u00e1bado 16 de marzo. <\/p>\n<p><a href=\"https:\/\/viapais.com.ar\/gualeguaychu\/inundaciones-en-entre-rios-mas-de-150-personas-ya-abandonaron-sus-casas-en-gualeguaychu\/\">Inundaciones en Entre R\u00edos: m\u00e1s de 150 personas ya abandonaron sus casas en Gualeguaych\u00fa<\/a><\/p>\n<p>En el centro de recepci\u00f3n y permanencia de personas evacuadas, <b>ya hay 62 personas (integrantes de 16 grupos familiares), entre ellas 24 son menores de edad<\/b> que debieron abandonar sus casas en las \u00faltimas horas. A esto se le suma <b>m\u00e1s de 100 familias que se autoevacuaron en casa de familiares<\/b>. <\/p>\n<figure><picture><img alt=\"La cifra de evacuados se acerca a los 200 en Gualeguaych\u00fa.\" class=\" block \" src=\"http:\/\/latecordoba.com\/wp-content\/uploads\/2024\/03\/comenzo-la-campana-de-donacion-para-los-evacuados-de-gualeguaychu.jpg\" sizes=\"auto\" loading=\"lazy\" data-src=\"http:\/\/latecordoba.com\/wp-content\/uploads\/2024\/03\/comenzo-la-campana-de-donacion-para-los-evacuados-de-gualeguaychu.jpg\" width=\"1023px\" fetchpriority=\"low\" decoding=\"async\" height=\"681px\"><\/picture><figcaption class>La cifra de evacuados se acerca a los 200 en Gualeguaych\u00fa. Foto: prensa municipio<\/figcaption><\/figure>\n<p>Por tal motivo, instituciones intermedias, eclesi\u00e1sticas, clubes y diferentes ONG de la ciudad comenzaron a diagramar diferentes l\u00edneas de acci\u00f3n para asistir a los vecinos evacuados y autoevacuados de Gualeguaych\u00fa a trav\u00e9s de una \u201c<a href=\"https:\/\/viapais.com.ar\/gualeguaychu\/pueblos-tapados-de-agua-evacuados-y-rutas-cortadas-en-entre-rios\/\" target=\"_blank\" rel=\"noopener\">Campa\u00f1a Solidaria<\/a>\u201d. <\/p>\n<figure><picture><img alt=\"La cifra de evacuados se acerca a los 200 en Gualeguaych\u00fa.\" class=\" block \" src=\"http:\/\/latecordoba.com\/wp-content\/uploads\/2024\/03\/comenzo-la-campana-de-donacion-para-los-evacuados-de-gualeguaychu-1.jpg\" sizes=\"auto\" loading=\"lazy\" data-src=\"http:\/\/latecordoba.com\/wp-content\/uploads\/2024\/03\/comenzo-la-campana-de-donacion-para-los-evacuados-de-gualeguaychu-1.jpg\" width=\"1023px\" fetchpriority=\"low\" decoding=\"async\" height=\"1280px\"><\/picture><figcaption class>La cifra de evacuados se acerca a los 200 en Gualeguaych\u00fa. Foto: prensa municipio<\/figcaption><\/figure>\n<p>En ese marco, desde<b> la Municipalidad destin\u00f3 el Centro de Convenciones del Parque de la Estaci\u00f3n que llevar a cabo esta acci\u00f3n<\/b>, donde los miembros de instituciones mencionadas recepcionan y entregar\u00e1n a las familias afectadas.<\/p>\n<p>A partir de las 14 horas se pueden acercar al lugar <u><b>alimentos no perecederos, agua mineral, pa\u00f1ales, elementos de higiene personal y limpieza, ropa, calzado y frazadas<\/b><\/u> en buen estado. <\/p>\n<\/section>\n<div class=\"noreadme-audima\">\n<h2>Temas Relacionados<\/h2>\n<\/div>\n","protected":false},"excerpt":{"rendered":"<p>Tras la intensas lluvias que afectaron a varias provincias en los \u00faltimos d\u00edas, comenzaron las inundaciones en Entre R\u00edos dejando a varias familias en situaciones desesperantes con la p\u00e9rdida de sus pertenencias. En Gualeguaych\u00fa, el del R\u00edo se ubica en los 4,84 a las 14 horas de este s\u00e1bado 16 de marzo. Inundaciones en Entre [&hellip;]<\/p>\n","protected":false},"author":1,"featured_media":21163,"comment_status":"closed","ping_status":"closed","sticky":false,"template":"","format":"standard","meta":[],"categories":[15],"tags":[],"_links":{"self":[{"href":"https:\/\/latecordoba.com\/index.php\/wp-json\/wp\/v2\/posts\/21162"}],"collection":[{"href":"https:\/\/latecordoba.com\/index.php\/wp-json\/wp\/v2\/posts"}],"about":[{"href":"https:\/\/latecordoba.com\/index.php\/wp-json\/wp\/v2\/types\/post"}],"author":[{"embeddable":true,"href":"https:\/\/latecordoba.com\/index.php\/wp-json\/wp\/v2\/users\/1"}],"replies":[{"embeddable":true,"href":"https:\/\/latecordoba.com\/index.php\/wp-json\/wp\/v2\/comments?post=21162"}],"version-history":[{"count":0,"href":"https:\/\/latecordoba.com\/index.php\/wp-json\/wp\/v2\/posts\/21162\/revisions"}],"wp:featuredmedia":[{"embeddable":true,"href":"https:\/\/latecordoba.com\/index.php\/wp-json\/wp\/v2\/media\/21163"}],"wp:attachment":[{"href":"https:\/\/latecordoba.com\/index.php\/wp-json\/wp\/v2\/media?parent=21162"}],"wp:term":[{"taxonomy":"category","embeddable":true,"href":"https:\/\/latecordoba.com\/index.php\/wp-json\/wp\/v2\/categories?post=21162"},{"taxonomy":"post_tag","embeddable":true,"href":"https:\/\/latecordoba.com\/index.php\/wp-json\/wp\/v2\/tags?post=21162"}],"curies":[{"name":"wp","href":"https:\/\/api.w.org\/{rel}","templated":true}]}}