{"id":21149,"date":"2024-03-15T13:52:08","date_gmt":"2024-03-15T13:52:08","guid":{"rendered":"https:\/\/www.radiourbanasf.com.ar\/?p=18662"},"modified":"2024-03-15T13:52:08","modified_gmt":"2024-03-15T13:52:08","slug":"residente-anuncia-una-gira-mundial-con-escala-en-buenos-aires","status":"publish","type":"post","link":"https:\/\/latecordoba.com\/index.php\/2024\/03\/15\/residente-anuncia-una-gira-mundial-con-escala-en-buenos-aires\/","title":{"rendered":"Residente anuncia una gira mundial con escala en Buenos Aires"},"content":{"rendered":"\n<div><img decoding=\"async\" src=\"http:\/\/latecordoba.com\/wp-content\/uploads\/2024\/03\/residente-anuncia-una-gira-mundial-con-escala-en-buenos-aires.jpg\" class=\"ff-og-image-inserted\"><\/div>\n<p><!-- .share-post --> <!-- WhatsApp Share Button for WordPress: http:\/\/peadig.com\/wordpress-plugins\/whatsapp-share-button\/ --><\/p>\n<h2>Luego del lanzamiento de su nuevo \u00e1lbum \u201cLas letras ya no importan\u201d, el rapero puertorrique\u00f1o anuncia su llegada al Movistar Arena de Buenos Aires en el marco de su gira internacional que lleva el mismo nombre del \u00e1lbum.<\/h2>\n<p>Ren\u00e9 P\u00e9rez Joglar m\u00e1s conocido como <a href=\"https:\/\/www.cmtv.com.ar\/biografia\/show.php?bnid=2443&amp;banda=Residente\"><b>Residente&nbsp;<\/b><\/a>anunci\u00f3 su gira internacional \u201c<i><b>Las Letras Ya No Importan<\/b><\/i>\u201d en sus redes sociales. Esta gira tendr\u00e1 una parada en el imponente estadio Movistar Arena de la Ciudad de Buenos Aires el pr\u00f3ximo viernes 27 de septiembre a las 21 horas.<\/p>\n<p>El pasado mes de febrero,&nbsp;<b>Residente&nbsp;<\/b>lanz\u00f3 su \u00e1lbum \u201c<a href=\"https:\/\/www.cmtv.com.ar\/discos_letras\/show.php?bnid=2443&amp;banda=Residente&amp;DS_DS=24298&amp;disco=LAS_LETRAS_YA_NO_IMPORTAN\"><b>Las letras ya no importan<\/b><\/a>\u201d que cuenta con 23 temas en los que hay grandes colaboraciones como las de&nbsp;<b>Pen\u00e9lope Cruz<\/b>,<a href=\"https:\/\/www.cmtv.com.ar\/biografia\/show.php?bnid=255&amp;banda=Ricky_Martin\"><b>&nbsp;Ricky Martin<\/b><\/a>,&nbsp;<a href=\"https:\/\/www.cmtv.com.ar\/biografia\/show.php?bnid=2575&amp;banda=Rauw_Alejandro\"><b>Rauw Alejandro<\/b><\/a>&nbsp;y&nbsp;<a href=\"https:\/\/www.cmtv.com.ar\/biografia\/show.php?bnid=2529&amp;banda=Wos\"><b>Wos<\/b><\/a>&nbsp;entre otros. Este trabajo obtuvo certificaci\u00f3n oro en M\u00e9xico por sus ventas y debut\u00f3 en el n\u00famero dos de la lista de Spotify de \u201c<i>Top Albums Debut Global<\/i>\u201d con su lanzamiento. Ahora es tiempo de que este disco recorra el mundo.<\/p>\n<p>La gira \u201c<b><i>Las Letras Ya No Importan<\/i><\/b>\u201d visitar\u00e1 durante el mes de septiembre 2024 Barcelona, Madrid, New York, Los \u00c1ngeles y Buenos Aires. En octubre Montevideo (Uruguay) tendr\u00e1 la posibilidad de recibir a&nbsp;<b>Residente<\/b>. Las entradas para su concierto en Buenos Aires ya se encuentran a la venta en la p\u00e1gina oficial del estadio.<\/p>\n<p><!-- WhatsApp Share Button for WordPress: http:\/\/peadig.com\/wordpress-plugins\/whatsapp-share-button\/ -->  <\/p>\n","protected":false},"excerpt":{"rendered":"\n<div style=\"float:right;margin:0 0 20px 20px;\"><img decoding=\"async\" width=\"150\" height=\"150\" src=\"http:\/\/latecordoba.com\/wp-content\/uploads\/2024\/03\/residente-anuncia-una-gira-mundial-con-escala-en-buenos-aires-1.jpg\" class=\"attachment-thumbnail size-thumbnail wp-post-image\" alt=\"\" loading=\"lazy\" \/><\/div>\n<p>Luego del lanzamiento de su nuevo \u00e1lbum &#8220;Las letras ya no importan&#8221;, el rapero puertorrique\u00f1o anuncia su llegada al Movistar Arena de Buenos Aires en el marco de su gira internacional que lleva el mismo nombre del \u00e1lbum. Ren\u00e9 P\u00e9rez Joglar m\u00e1s conocido como Residente\u00a0anunci\u00f3 su gira internacional \u201cLas Letras Ya No Importan\u201d en sus &#8230;  <\/p>\n","protected":false},"author":1,"featured_media":21150,"comment_status":"closed","ping_status":"closed","sticky":false,"template":"","format":"standard","meta":[],"categories":[20],"tags":[],"_links":{"self":[{"href":"https:\/\/latecordoba.com\/index.php\/wp-json\/wp\/v2\/posts\/21149"}],"collection":[{"href":"https:\/\/latecordoba.com\/index.php\/wp-json\/wp\/v2\/posts"}],"about":[{"href":"https:\/\/latecordoba.com\/index.php\/wp-json\/wp\/v2\/types\/post"}],"author":[{"embeddable":true,"href":"https:\/\/latecordoba.com\/index.php\/wp-json\/wp\/v2\/users\/1"}],"replies":[{"embeddable":true,"href":"https:\/\/latecordoba.com\/index.php\/wp-json\/wp\/v2\/comments?post=21149"}],"version-history":[{"count":0,"href":"https:\/\/latecordoba.com\/index.php\/wp-json\/wp\/v2\/posts\/21149\/revisions"}],"wp:featuredmedia":[{"embeddable":true,"href":"https:\/\/latecordoba.com\/index.php\/wp-json\/wp\/v2\/media\/21150"}],"wp:attachment":[{"href":"https:\/\/latecordoba.com\/index.php\/wp-json\/wp\/v2\/media?parent=21149"}],"wp:term":[{"taxonomy":"category","embeddable":true,"href":"https:\/\/latecordoba.com\/index.php\/wp-json\/wp\/v2\/categories?post=21149"},{"taxonomy":"post_tag","embeddable":true,"href":"https:\/\/latecordoba.com\/index.php\/wp-json\/wp\/v2\/tags?post=21149"}],"curies":[{"name":"wp","href":"https:\/\/api.w.org\/{rel}","templated":true}]}}