{"id":21145,"date":"2024-03-15T17:14:39","date_gmt":"2024-03-15T17:14:39","guid":{"rendered":"https:\/\/radioritmo.com.ar\/?p=16655"},"modified":"2024-03-15T17:14:39","modified_gmt":"2024-03-15T17:14:39","slug":"gran-estreno-version-cuarteto-de-la-original-con-banda-mix","status":"publish","type":"post","link":"https:\/\/latecordoba.com\/index.php\/2024\/03\/15\/gran-estreno-version-cuarteto-de-la-original-con-banda-mix\/","title":{"rendered":"Gran estreno: versi\u00f3n cuarteto de \u201cLa Original\u201d con Banda Mix"},"content":{"rendered":"\n<div><img decoding=\"async\" src=\"http:\/\/latecordoba.com\/wp-content\/uploads\/2024\/03\/gran-estreno-version-cuarteto-de-la-original-con-banda-mix.jpg\" class=\"ff-og-image-inserted\"><\/div>\n<p>Banda Mix estren\u00f3 videoclip de \u201cLa Original\u201d, ya disponible en todas las plataformas.<\/p>\n<p>Con m\u00e1s de 70 millones de reproducciones en Youtube, es uno de los temas m\u00e1s escuchados del momento. Raz\u00f3n m\u00e1s que suficiente para que&nbsp;<i><b>\u201cLa original\u201d<\/b><\/i>&nbsp;tenga su versi\u00f3n en ritmo de tunga tunga.<\/p>\n<p>Y la encargada de ponerle voz a este hit es&nbsp;<b>Vanessa Vel\u00e1zquez<\/b>, la \u201cPatrona\u201d de&nbsp;<b>Banda Mix<\/b>. Se estren\u00f3 este mi\u00e9rcoles y ya puede escucharse en todas las plataformas de audio\/video.<\/p>\n<p><iframe loading=\"lazy\" title=\"Banda Mix - LA ORIGINAL\" width=\"618\" height=\"348\" src=\"https:\/\/www.youtube.com\/embed\/g4xtNNbf7gY?feature=oembed\" frameborder=\"0\" allow=\"accelerometer; autoplay; clipboard-write; encrypted-media; gyroscope; picture-in-picture; web-share\" allowfullscreen>[embedded content]<\/iframe><\/p>\n","protected":false},"excerpt":{"rendered":"<p> Banda Mix estren\u00f3 videoclip de &#8220;La Original&#8221;, ya disponible en todas las plataformas. Con m\u00e1s de 70 millones de reproducciones en Youtube, es uno de los temas m\u00e1s escuchados del momento. Raz\u00f3n m\u00e1s que suficiente para que\u00a0\u201cLa original\u201d\u00a0tenga su versi\u00f3n en ritmo de tunga tunga. Y la encargada de ponerle voz a este hit es\u00a0Vanessa &#8230;  <\/p>\n","protected":false},"author":1,"featured_media":21146,"comment_status":"closed","ping_status":"closed","sticky":false,"template":"","format":"standard","meta":[],"categories":[20],"tags":[],"_links":{"self":[{"href":"https:\/\/latecordoba.com\/index.php\/wp-json\/wp\/v2\/posts\/21145"}],"collection":[{"href":"https:\/\/latecordoba.com\/index.php\/wp-json\/wp\/v2\/posts"}],"about":[{"href":"https:\/\/latecordoba.com\/index.php\/wp-json\/wp\/v2\/types\/post"}],"author":[{"embeddable":true,"href":"https:\/\/latecordoba.com\/index.php\/wp-json\/wp\/v2\/users\/1"}],"replies":[{"embeddable":true,"href":"https:\/\/latecordoba.com\/index.php\/wp-json\/wp\/v2\/comments?post=21145"}],"version-history":[{"count":0,"href":"https:\/\/latecordoba.com\/index.php\/wp-json\/wp\/v2\/posts\/21145\/revisions"}],"wp:featuredmedia":[{"embeddable":true,"href":"https:\/\/latecordoba.com\/index.php\/wp-json\/wp\/v2\/media\/21146"}],"wp:attachment":[{"href":"https:\/\/latecordoba.com\/index.php\/wp-json\/wp\/v2\/media?parent=21145"}],"wp:term":[{"taxonomy":"category","embeddable":true,"href":"https:\/\/latecordoba.com\/index.php\/wp-json\/wp\/v2\/categories?post=21145"},{"taxonomy":"post_tag","embeddable":true,"href":"https:\/\/latecordoba.com\/index.php\/wp-json\/wp\/v2\/tags?post=21145"}],"curies":[{"name":"wp","href":"https:\/\/api.w.org\/{rel}","templated":true}]}}