{"id":21113,"date":"2024-03-16T14:12:00","date_gmt":"2024-03-16T14:12:00","guid":{"rendered":"https:\/\/www.iprofesional.com\/economia\/402191-jose-luis-espert-pidio-a-los-bonaerenses-que-no-paguen-los-impuestos"},"modified":"2024-03-16T14:12:00","modified_gmt":"2024-03-16T14:12:00","slug":"espert-pidio-a-los-bonaerenses-que-no-paguen-los-impuestos-pero-defendio-retenciones-y-suba-de-ganancias","status":"publish","type":"post","link":"https:\/\/latecordoba.com\/index.php\/2024\/03\/16\/espert-pidio-a-los-bonaerenses-que-no-paguen-los-impuestos-pero-defendio-retenciones-y-suba-de-ganancias\/","title":{"rendered":"Espert pidi\u00f3 a los bonaerenses que no paguen los impuestos, pero defendi\u00f3 retenciones y suba de Ganancias"},"content":{"rendered":"\n<div class=\"media_block\"><img decoding=\"async\" src=\"http:\/\/latecordoba.com\/wp-content\/uploads\/2024\/03\/espert-pidio-a-los-bonaerenses-que-no-paguen-los-impuestos-pero-defendio-retenciones-y-suba-de-ganancias.jpg\"><\/div>\n<div id>\n<p> El diputado nacional oficialista ironiz\u00f3 al preguntarse si el gobernador bonaerense Axel Kicillof es &#8220;un vampiro dentro de un banco de sangre&#8221; <\/p>\n<p><strong>16\/03\/2024<\/strong> &#8211; 11:12hs<\/p>\n<div class=\"image-container img-wide padding-b\"> <picture><source media=\"(min-width:650px)\" srcset=\"http:\/\/latecordoba.com\/wp-content\/uploads\/2024\/03\/espert-pidio-a-los-bonaerenses-que-no-paguen-los-impuestos-pero-defendio-retenciones-y-suba-de-ganancias.webp\" data-srcset=\"http:\/\/latecordoba.com\/wp-content\/uploads\/2024\/03\/espert-pidio-a-los-bonaerenses-que-no-paguen-los-impuestos-pero-defendio-retenciones-y-suba-de-ganancias.webp\" class><source media=\"(min-width:465px)\" srcset=\"http:\/\/latecordoba.com\/wp-content\/uploads\/2024\/03\/espert-pidio-a-los-bonaerenses-que-no-paguen-los-impuestos-pero-defendio-retenciones-y-suba-de-ganancias.webp\" data-srcset=\"http:\/\/latecordoba.com\/wp-content\/uploads\/2024\/03\/espert-pidio-a-los-bonaerenses-que-no-paguen-los-impuestos-pero-defendio-retenciones-y-suba-de-ganancias.webp\" class><img decoding=\"async\" loading=\"lazy\" src=\"http:\/\/latecordoba.com\/wp-content\/uploads\/2024\/03\/espert-pidio-a-los-bonaerenses-que-no-paguen-los-impuestos-pero-defendio-retenciones-y-suba-de-ganancias.webp\" data-src=\"http:\/\/latecordoba.com\/wp-content\/uploads\/2024\/03\/espert-pidio-a-los-bonaerenses-que-no-paguen-los-impuestos-pero-defendio-retenciones-y-suba-de-ganancias.webp\" class alt=\"Espert pidi\u00f3 a los bonaerenses que no paguen los impuestos, pero defendi\u00f3 retenciones y suba de Ganancias\" width=\"1280px\" height=\"720px\"> <\/picture> <\/div>\n<\/p><\/div>\n<div readability=\"92.04128959276\">\n<p>El <a href=\"https:\/\/www.iprofesional.com\/politica\/395852-tenso-clima-en-diputados-durante-la-asuncion-de-espert\" target=\"_blank\" rel=\"noopener noreferrer\">diputado nacional Jos\u00e9 Luis Espert<\/a>, flamante integrante del bloque de La Libertad Avanza, cuestion\u00f3 duramente al gobernador bonaerense, Axel Kicillof, y llam\u00f3 a los vecinos de la Provincia a <strong>no pagar los impuestos<\/strong> para realizar una &#8220;rebeli\u00f3n fiscal con sentido com\u00fan&#8221;.\n<\/p>\n<p>&#8220;Kicillof ha generado un impuestazo fenomenal, pero nunca le alcanza. \u00bfEs un vampiro dentro de un banco de sangre? \u00bfMastica plata? El aumento de patentes, del inmobiliario residencial y del inmobiliario rural no hay que pagarlo. Y eso no es rebeli\u00f3n fiscal al pedo, sino rebeli\u00f3n fiscal con sentido com\u00fan&#8221;, sostuvo el legislador oficialista.\n<\/p>\n<p>En declaraciones radiales, el economista liberal defendi\u00f3 su postura y explic\u00f3: &#8220;<span>Yo soy el presidente de la Comisi\u00f3n de Presupuesto y Hacienda, pero antes de eso soy diputado nacional por la Provincia de Buenos Aires y mi obligaci\u00f3n es defender al pueblo<\/span>&#8220;.\n<\/p>\n<p>Al ser consultado sobre por qu\u00e9 la gente deber\u00eda abonar los impuestos nacionales o hacer frente a la reimplantaci\u00f3n de Ganancias, Espert manifest\u00f3: &#8220;Es completamente diferente el caso del Gobierno del presidente Milei, que lo \u00fanico que est\u00e1 haciendo es <a href=\"https:\/\/www.iprofesional.com\/impuestos\/402137-impuesto-ganancias-minimo-deducciones-caida-de-beneficios\" target=\"_blank\" rel=\"noopener noreferrer\"><strong>restituir Ganancias<\/strong><\/a>, porque es un impuesto que existe en todo el mundo y si no lo ponemos, la OCDE no nos permite el ingreso&#8221;.\n<\/p>\n<p>&#8220;La \u00fanica defensa que tenemos los contribuyentes cuando los pol\u00edticos no nos dan algo como contrapartida por los impuestos que pagamos, no hay que pagar los impuestos&#8221;, insisti\u00f3.\n<\/p>\n<p>Y concluy\u00f3: &#8220;La pol\u00edtica se quiere fumar en pipa al pueblo. Llamo a los bonaerenses a que no paguen el <strong>aumento impositivo<\/strong>&#8220;.\n<\/p>\n<div class=\"imagen\" readability=\"8\"><img decoding=\"async\" loading=\"lazy\" class=\"lazyload\" src=\"http:\/\/latecordoba.com\/wp-content\/uploads\/2024\/03\/espert-pidio-a-los-bonaerenses-que-no-paguen-los-impuestos-pero-defendio-retenciones-y-suba-de-ganancias.png\" alt width=\"880\" height=\"495\"><\/p>\n<p>Milei anunci\u00f3 que el diputado del ex bloque Avanza Libertad Jos\u00e9 Luis Espert se incorpora al de La Libertad Avanza<\/p>\n<\/div>\n<h2>La incorporaci\u00f3n de Espert al bloque de La Libertad Avanza<\/h2>\n<p>Durante una reciente entrevista, el presidente Javier Milei anunci\u00f3 que el diputado del ex bloque Avanza Libertad Jos\u00e9 Luis Espert se incorpora al de La Libertad Avanza. Con un c\u00e1lido abrazo, los libertarios anunciaron en el despacho presidencial la incorporaci\u00f3n.\n<\/p>\n<p>&#8220;Bienvenido a las fuerzas del cielo&#8221;, le expres\u00f3 el mandatario al tiempo que le regal\u00f3 una gorra negra con la leyenda &#8220;las fuerzas del cielo&#8221;.\n<\/p>\n<p>A su parte, Espert expres\u00f3: &#8220;<strong>Estoy feliz de acompa\u00f1arlo a Javier en este cambio<\/strong> que estamos haciendo para todos los argentinos. La Argentina debe funcionar, tengo mucha confianza. Lo que est\u00e1 pasando con Javier le da sentido a lo que iniciamos en 2019, continuamos juntos en 2020, y se termin\u00f3 de cristalizar en el 2023&#8243;.\n<\/p>\n<p>&#8220;El liberalismo pas\u00f3 de no existir a tener un presidente liberal. \u00bfC\u00f3mo no acompa\u00f1arlo? Lo vamos apoyar&#8221;, concluy\u00f3.<\/p>\n<\/p><\/div>\n","protected":false},"excerpt":{"rendered":"\n<div class=\"media_block\"><img decoding=\"async\" src=\"http:\/\/latecordoba.com\/wp-content\/uploads\/2024\/03\/espert-pidio-a-los-bonaerenses-que-no-paguen-los-impuestos-pero-defendio-retenciones-y-suba-de-ganancias.jpg\"><\/div>\n<p> El diputado nacional oficialista ironiz\u00f3 al preguntarse si el gobernador bonaerense Axel Kicillof es &#8220;un vampiro dentro de un banco de sangre&#8221; <iframe width=\"0\" height=\"0\" border=\"0\"> <script> (function(i,s,o,g,r,a,m){i['GoogleAnalyticsObject']=r;i[r]=i[r]||function(){ (i[r].q=i[r].q||[]).push(arguments)},i[r].l=1*new Date();a=s.createElement(o), m=s.getElementsByTagName(o)[0];a.async=1;a.src=g;m.parentNode.insertBefore(a,m) })(window,document,'script','https:\/\/www.google-analytics.com\/analytics.js','ga'); ga('create', 'GTM-5LW5KQD', 'auto'); ga('require', 'displayfeatures'); ga('set', 'campaignSource', 'RSS Client for iProfesional'); ga('set', 'campaignMedium', 'RSS Client for iProfesional'); ga('set', {\"dataSource\": \"rss.atom.iprofesional.com\"}); ga('set', {\"referrer\": \"rss.atom.iprofesional.com\"}); ga('set', 'title', 'RSS Client for iProfesional'); ga('send', 'pageview'); <\/script> <!-- Begin comScore Tag --> <script> var _comscore = _comscore || []; _comscore.push({ c1: \"2\", c2: \"16597048\" }); (function() { var s = document.createElement(\"script\"), el = document.getElementsByTagName(\"script\")[0]; s.async = true; s.src = \"https:\/\/sb.scorecardresearch.com\/cs\/16597048\/beacon.js\"; el.parentNode.insertBefore(s, el); })(); <\/script> <noscript> <img decoding=\"async\" src=\"http:\/\/latecordoba.com\/wp-content\/uploads\/2024\/03\/espert-pidio-a-los-bonaerenses-que-no-paguen-los-impuestos-pero-defendio-retenciones-y-suba-de-ganancias.gif\"> <\/noscript> <!-- End comScore Tag --> <\/iframe> <iframe border=\"0px\" style=\"display: none\" width=0 height=0 src=\"https:\/\/www.iprofesional.com\/ga4.html?gtag_id=G-N13KWJP8BK&amp;title=Espert pidi\u00f3 a los bonaerenses que no paguen los impuestos, pero defendi\u00f3 retenciones y suba de Ganancias&amp;location=https:\/\/www.iprofesional.com\/economia\/402191-jose-luis-espert-pidio-a-los-bonaerenses-que-no-paguen-los-impuestos&amp;referrer=rss.atom.iprofesional.com&amp;ci=RSS Client for iProfesional&amp;cs=RSS Client for iProfesional&amp;cm=RSS&amp;cn=RSS Client for iProfesional&amp;cc=RSS Client for iProfesional\"><\/iframe>  <\/p>\n","protected":false},"author":1,"featured_media":21114,"comment_status":"closed","ping_status":"closed","sticky":false,"template":"","format":"standard","meta":[],"categories":[18],"tags":[],"_links":{"self":[{"href":"https:\/\/latecordoba.com\/index.php\/wp-json\/wp\/v2\/posts\/21113"}],"collection":[{"href":"https:\/\/latecordoba.com\/index.php\/wp-json\/wp\/v2\/posts"}],"about":[{"href":"https:\/\/latecordoba.com\/index.php\/wp-json\/wp\/v2\/types\/post"}],"author":[{"embeddable":true,"href":"https:\/\/latecordoba.com\/index.php\/wp-json\/wp\/v2\/users\/1"}],"replies":[{"embeddable":true,"href":"https:\/\/latecordoba.com\/index.php\/wp-json\/wp\/v2\/comments?post=21113"}],"version-history":[{"count":0,"href":"https:\/\/latecordoba.com\/index.php\/wp-json\/wp\/v2\/posts\/21113\/revisions"}],"wp:featuredmedia":[{"embeddable":true,"href":"https:\/\/latecordoba.com\/index.php\/wp-json\/wp\/v2\/media\/21114"}],"wp:attachment":[{"href":"https:\/\/latecordoba.com\/index.php\/wp-json\/wp\/v2\/media?parent=21113"}],"wp:term":[{"taxonomy":"category","embeddable":true,"href":"https:\/\/latecordoba.com\/index.php\/wp-json\/wp\/v2\/categories?post=21113"},{"taxonomy":"post_tag","embeddable":true,"href":"https:\/\/latecordoba.com\/index.php\/wp-json\/wp\/v2\/tags?post=21113"}],"curies":[{"name":"wp","href":"https:\/\/api.w.org\/{rel}","templated":true}]}}