{"id":21111,"date":"2024-03-16T15:25:00","date_gmt":"2024-03-16T15:25:00","guid":{"rendered":"https:\/\/www.iprofesional.com\/finanzas\/402194-cepo-al-dolar-cuando-se-podra-levantar-segun-un-gigante-de-wall-street"},"modified":"2024-03-16T15:25:00","modified_gmt":"2024-03-16T15:25:00","slug":"cepo-al-dolar-cuando-el-gobierno-tendra-todo-listo-para-levantarlo-segun-gigante-de-wall-street","status":"publish","type":"post","link":"https:\/\/latecordoba.com\/index.php\/2024\/03\/16\/cepo-al-dolar-cuando-el-gobierno-tendra-todo-listo-para-levantarlo-segun-gigante-de-wall-street\/","title":{"rendered":"Cepo al d\u00f3lar: cu\u00e1ndo el Gobierno tendr\u00e1 todo listo para levantarlo, seg\u00fan gigante de Wall Street"},"content":{"rendered":"\n<div class=\"media_block\"><img decoding=\"async\" src=\"http:\/\/latecordoba.com\/wp-content\/uploads\/2024\/03\/cepo-al-dolar-cuando-el-gobierno-tendra-todo-listo-para-levantarlo-segun-gigante-de-wall-street.jpg\"><\/div>\n<p>El Bank of America present\u00f3 un nuevo informe en el que indica que el Gobierno se encamina a un probable descenso en el \u00edndice de inflaci\u00f3n y a abrir el <a href=\"https:\/\/www.iprofesional.com\/economia\/401993-como-es-el-plan-para-levantar-el-cepo-al-dolar-de-luis-caputo\" target=\"_blank\" rel=\"noopener noreferrer\"><strong>cepo al d\u00f3lar<\/strong>&nbsp;hacia la mitad de 2024<\/a>.\n<\/p>\n<p>El documento del gigante de Wall Street, titulado &#8220;Argentina en Foco&#8221; y firmado por el analista Sebastian Rondeau, plantean una serie de advertencias y sugerencias para el gobierno de Javier Milei luego de la visita de altos funcionarios al pa\u00eds.\n<\/p>\n<p>Desde el punto de vista fiscal, advierte:&nbsp;&#8220;Somos moderadamente optimistas sobre las posibilidades de alcanzar un acuerdo fiscal entre el Gobierno y los gobernadores a corto plazo. Esto deber\u00eda incluir un cambio en la f\u00f3rmula de pensiones, ingresos fiscales, un r\u00e9gimen de promoci\u00f3n para proyectos de inversi\u00f3n a gran escala y la desregulaci\u00f3n de los hidrocarburos&#8221;.\n<\/p>\n<p>Y agrega: &#8220;<span>Los incentivos para este acuerdo son fuertes dada la necesidad de consolidar el ajuste fiscal y aumentar los ingresos para las provincias<\/span>. Los riesgos de ejecuci\u00f3n siguen siendo grandes en medio de un Congreso dividido y riesgos para el decreto de mega-desregulaci\u00f3n&#8221;.\n<\/p>\n<h2>D\u00f3lar y cepo, dos temas clave en el Gobierno de Milei<\/h2>\n<p>&#8220;El Banco Central no parece tener apuro por acelerar el<strong> tipo de cambio<\/strong> (manteniendo un ajuste mensual del 2% hasta ahora) a pesar de las preocupaciones acerca de la sobrevaluaci\u00f3n de la moneda. <a href=\"https:\/\/www.iprofesional.com\/economia\/402154-el-bcra-no-para-de-comprar-dolares-cuantos-millones-lleva-en-la-era-de-javier-milei\" target=\"_blank\" rel=\"noopener noreferrer\">El BCRA contin\u00faa acumulando reservas internacionales<\/a>, en parte debido a la asignaci\u00f3n gradual de importaciones&#8221;, se\u00f1ala el documento.\n<\/p>\n<p>&#8220;Tampoco tiene prisa por levantar los controles de capital, esperando un balance del BCRA m\u00e1s limpio (incluida una mayor acumulaci\u00f3n de reservas). En nuestra opini\u00f3n, el <strong>mega canje de deuda en pesos<\/strong> completado esta semana allana el camino para levantar los controles de capital (ya que elimina los riesgos de refinanciamiento)&#8221;, agrega.\n<\/p>\n<div class=\"imagen\" readability=\"7\"><img decoding=\"async\" loading=\"lazy\" class=\"lazyload\" src=\"http:\/\/latecordoba.com\/wp-content\/uploads\/2024\/03\/cepo-al-dolar-cuando-el-gobierno-tendra-todo-listo-para-levantarlo-segun-gigante-de-wall-street-1.jpg\" alt width=\"880\" height=\"495\"><\/p>\n<p>El BCRA contin\u00faa acumulando reservas internacionales<\/p>\n<\/div>\n<p>Sobre <a href=\"https:\/\/www.iprofesional.com\/finanzas\/402132-milei-revelo-que-busca-un-pool-de-prestamos-para-acelerar-la-salida-del-cepo-al-dolar\" target=\"_blank\" rel=\"noopener noreferrer\">el cepo al d\u00f3lar<\/a>, el informe cita la siguiente: &#8220;La finalizaci\u00f3n de la correcci\u00f3n relativa de precios para junio (servicios p\u00fablicos), tambi\u00e9n podr\u00eda abrir espacio para una recalibraci\u00f3n de la pol\u00edtica de cambio de divisas. Esperamos una aceleraci\u00f3n de la devaluaci\u00f3n del peso a m\u00e1s tardar a finales de abril y el comienzo del <strong>levantamiento de los controles de capital para junio<\/strong>&#8220;.\n<\/p>\n<h2>Privatizaciones, impuestos a la renta y jubilaciones<\/h2>\n<p>En cuanto a las privatizaciones, el informe sostiene que los especialistas con los que conversaron en Buenos Aires &#8220;son menos optimistas sobre las posibilidades de <strong>propuestas de privatizaci\u00f3n<\/strong> y delegaci\u00f3n de poderes&#8221;.\n<\/p>\n<p>Tambi\u00e9n hay dudas sobre si Milei renunciar\u00eda a algunas propuestas para alcanzar el acuerdo, como la privatizaci\u00f3n, y advierten que &#8220;la divisi\u00f3n en el Congreso aumenta las incertidumbres sobre la aprobaci\u00f3n del pacto, especialmente en el Senado&#8221;.\n<\/p>\n<p>Respecto al impuesto a la renta, el documento deja en claro que &#8220;el Gobierno propone restablecer los impuestos sobre la renta eliminados el a\u00f1o pasado (0,4% de los ingresos del PIB para el gobierno central y 0,5% del PIB para las provincias). Sin embargo, un grupo de gobernadores, en principio, rechaza la idea, incluidas las provincias patag\u00f3nicas que tienen salarios altos relacionados con el sector energ\u00e9tico&#8221;.\n<\/p>\n<p>&#8220;Este impuesto es crucial para reemplazar los<strong> ingresos transitorios <\/strong>obtenidos a trav\u00e9s del impuesto a las importaciones (impuesto PAIS)&#8221;, puntualiza el informe.\n<\/p>\n<p>En el caso de la nueva f\u00f3rmula de jubilaciones indexada al IPC &#8220;ha reunido un consenso en el gobierno y la oposici\u00f3n pro-di\u00e1logo&#8221;. La nueva f\u00f3rmula &#8220;es importante para consolidar el ajuste fiscal, ya que con la actual los gastos en pensiones aumentan si la inflaci\u00f3n disminuye (un gasto adicional de 1.3% del PIB en 2025, despu\u00e9s de una ca\u00edda del 1,7% del PIB este a\u00f1o, o un acumulado de -0.4%)&#8221;, advierte el documento.\n<\/p>\n<h2>La inflaci\u00f3n en la era Milei<\/h2>\n<div class=\"imagen\" readability=\"9\"><img decoding=\"async\" loading=\"lazy\" class=\"lazyload\" src=\"http:\/\/latecordoba.com\/wp-content\/uploads\/2024\/03\/cepo-al-dolar-cuando-el-gobierno-tendra-todo-listo-para-levantarlo-segun-gigante-de-wall-street-2.jpg\" alt width=\"1280\" height=\"720\"><\/p>\n<p>En febrero, la inflaci\u00f3n fue del 13,2 por ciento<\/p>\n<\/div>\n<p>Un tema clave es la inflaci\u00f3n, la que en febrero tuvo un leve descenso, para llevar al 13,2% y acumular 36,6% en lo que va del a\u00f1o, con una interanual del 276%. La inflaci\u00f3n es lo que &#8220;habr\u00eda acelerado el primer mes de marzo&#8221;, y por eso el Gobierno &#8220;abri\u00f3 las importaciones de alimentos para contrarrestarlo&#8221;, seg\u00fan Bank of America.\n<\/p>\n<p><span>&#8220;Marzo es desafiante, ya que los precios de la electricidad comenzaron a ajustarse&#8221;, y adem\u00e1s los recortes en los subsidios energ\u00e9ticos incluir\u00e1n a las pymes y a los hogares de ingresos medios a bajos<\/span>.\n<\/p>\n<p>&#8220;Los expertos locales esperan que la inflaci\u00f3n contin\u00fae disminuyendo, probablemente, a un solo d\u00edgito para junio una vez que se complete el ajuste de precios de los servicios p\u00fablicos. La recesi\u00f3n es m\u00e1s grande de lo esperado y podr\u00eda alcanzar una contracci\u00f3n del PIB entre el 4% y el 5%. Exportaciones adicionales por $15 mil millones amortiguan el impacto. La consolidaci\u00f3n fiscal ha sido impresionante (apuntando a un ajuste del 5% del PIB), pero hay dudas sobre su sostenibilidad sin leyes&#8221;, concluye el documento.<\/p>\n","protected":false},"excerpt":{"rendered":"\n<div class=\"media_block\"><img decoding=\"async\" src=\"http:\/\/latecordoba.com\/wp-content\/uploads\/2024\/03\/cepo-al-dolar-cuando-el-gobierno-tendra-todo-listo-para-levantarlo-segun-gigante-de-wall-street.jpg\"><\/div>\n<p> El Bank of America plantea una serie de advertencias y sugerencias para el gobierno de Javier Milei luego de la visita de altos funcionarios al pa\u00eds <iframe width=\"0\" height=\"0\" border=\"0\"> <script> (function(i,s,o,g,r,a,m){i['GoogleAnalyticsObject']=r;i[r]=i[r]||function(){ (i[r].q=i[r].q||[]).push(arguments)},i[r].l=1*new Date();a=s.createElement(o), m=s.getElementsByTagName(o)[0];a.async=1;a.src=g;m.parentNode.insertBefore(a,m) })(window,document,'script','https:\/\/www.google-analytics.com\/analytics.js','ga'); ga('create', 'GTM-5LW5KQD', 'auto'); ga('require', 'displayfeatures'); ga('set', 'campaignSource', 'RSS Client for iProfesional'); ga('set', 'campaignMedium', 'RSS Client for iProfesional'); ga('set', {\"dataSource\": \"rss.atom.iprofesional.com\"}); ga('set', {\"referrer\": \"rss.atom.iprofesional.com\"}); ga('set', 'title', 'RSS Client for iProfesional'); ga('send', 'pageview'); <\/script> <!-- Begin comScore Tag --> <script> var _comscore = _comscore || []; _comscore.push({ c1: \"2\", c2: \"16597048\" }); (function() { var s = document.createElement(\"script\"), el = document.getElementsByTagName(\"script\")[0]; s.async = true; s.src = \"https:\/\/sb.scorecardresearch.com\/cs\/16597048\/beacon.js\"; el.parentNode.insertBefore(s, el); })(); <\/script> <noscript> <img decoding=\"async\" src=\"http:\/\/latecordoba.com\/wp-content\/uploads\/2024\/03\/cepo-al-dolar-cuando-el-gobierno-tendra-todo-listo-para-levantarlo-segun-gigante-de-wall-street.gif\"> <\/noscript> <!-- End comScore Tag --> <\/iframe> <iframe border=\"0px\" style=\"display: none\" width=0 height=0 src=\"https:\/\/www.iprofesional.com\/ga4.html?gtag_id=G-N13KWJP8BK&amp;title=Cepo al d\u00f3lar: cu\u00e1ndo el Gobierno tendr\u00e1 todo listo para levantarlo, seg\u00fan gigante de Wall Street&amp;location=https:\/\/www.iprofesional.com\/finanzas\/402194-cepo-al-dolar-cuando-se-podra-levantar-segun-un-gigante-de-wall-street&amp;referrer=rss.atom.iprofesional.com&amp;ci=RSS Client for iProfesional&amp;cs=RSS Client for iProfesional&amp;cm=RSS&amp;cn=RSS Client for iProfesional&amp;cc=RSS Client for iProfesional\"><\/iframe>  <\/p>\n","protected":false},"author":1,"featured_media":21112,"comment_status":"closed","ping_status":"closed","sticky":false,"template":"","format":"standard","meta":[],"categories":[18],"tags":[],"_links":{"self":[{"href":"https:\/\/latecordoba.com\/index.php\/wp-json\/wp\/v2\/posts\/21111"}],"collection":[{"href":"https:\/\/latecordoba.com\/index.php\/wp-json\/wp\/v2\/posts"}],"about":[{"href":"https:\/\/latecordoba.com\/index.php\/wp-json\/wp\/v2\/types\/post"}],"author":[{"embeddable":true,"href":"https:\/\/latecordoba.com\/index.php\/wp-json\/wp\/v2\/users\/1"}],"replies":[{"embeddable":true,"href":"https:\/\/latecordoba.com\/index.php\/wp-json\/wp\/v2\/comments?post=21111"}],"version-history":[{"count":0,"href":"https:\/\/latecordoba.com\/index.php\/wp-json\/wp\/v2\/posts\/21111\/revisions"}],"wp:featuredmedia":[{"embeddable":true,"href":"https:\/\/latecordoba.com\/index.php\/wp-json\/wp\/v2\/media\/21112"}],"wp:attachment":[{"href":"https:\/\/latecordoba.com\/index.php\/wp-json\/wp\/v2\/media?parent=21111"}],"wp:term":[{"taxonomy":"category","embeddable":true,"href":"https:\/\/latecordoba.com\/index.php\/wp-json\/wp\/v2\/categories?post=21111"},{"taxonomy":"post_tag","embeddable":true,"href":"https:\/\/latecordoba.com\/index.php\/wp-json\/wp\/v2\/tags?post=21111"}],"curies":[{"name":"wp","href":"https:\/\/api.w.org\/{rel}","templated":true}]}}