{"id":21109,"date":"2024-03-16T00:42:18","date_gmt":"2024-03-16T00:42:18","guid":{"rendered":"http:\/\/063d39e5673b40bc693988d10f48709e"},"modified":"2024-03-16T00:42:18","modified_gmt":"2024-03-16T00:42:18","slug":"golpe-fallido-contra-olmedo-en-el-parlasur-por-bronca-contra-su-secretaria","status":"publish","type":"post","link":"https:\/\/latecordoba.com\/index.php\/2024\/03\/16\/golpe-fallido-contra-olmedo-en-el-parlasur-por-bronca-contra-su-secretaria\/","title":{"rendered":"Golpe fallido contra Olmedo en el Parlasur por bronca contra su secretaria"},"content":{"rendered":"\n<div class=\"media_block\"><img decoding=\"async\" src=\"http:\/\/latecordoba.com\/wp-content\/uploads\/2024\/03\/golpe-fallido-contra-olmedo-en-el-parlasur-por-bronca-contra-su-secretaria.jpg\"><\/div>\n<div><img decoding=\"async\" src=\"http:\/\/latecordoba.com\/wp-content\/uploads\/2024\/03\/golpe-fallido-contra-olmedo-en-el-parlasur-por-bronca-contra-su-secretaria-1.jpg\" class=\"ff-og-image-inserted\"><\/div>\n<p>La Delegaci\u00f3n Argentina ante el Parlamento del Mercosur reclam\u00f3 a la Mesa Directiva del Parlasur que releve en sus funciones al salte\u00f1o Alfredo Olmedo, a pesar de haberlo elegido para ese cargo en diciembre pasado. A trav\u00e9s de una carta, los parlasure\u00f1os argentinos pidieron que fuese reemplazado por Fabiana Mart\u00edn.<\/p>\n<p>Las razones del reclamo que enumer\u00f3 un grupo de parlasure\u00f1os, entre los que se cuentan desde los kirchneristas Gabriel Fuks y Teresa Parodi, la albertista Cecilia Nicolini y el radical Luis Brandoni, fueron &#8220;p\u00e9rdida absoluta de confianza en el desempe\u00f1o de las funciones que ejerce&#8221; y &#8220;la extralimitaci\u00f3n de sus facultades&#8221;. En ese sentido, los bloques de La Libertad Avanza, UCR, PRO, Uni\u00f3n por la Patria, Frente C\u00edvico por Santiago, M\u00e1s para Entre R\u00edos, y Hacemos por Nuestro Pa\u00eds acusan a Olmedo de no cumplir con &#8220;la voluntad consensuada de los parlamentarios respecto de la integraci\u00f3n de las Comisiones&#8221; y &#8220;elevar una conformaci\u00f3n diferente para la aprobaci\u00f3n del pleno&#8221;. <\/p>\n<p>La carta de reclamo para que se desplace al salte\u00f1o est\u00e1 fechada el pasado 12 de marzo pero Olmedo contest\u00f3 con un comunicado desde la Presidencia del Parlasur dos d\u00edas despu\u00e9s. &#8220;Confirmamos que el Presidente del Parlamento del MERCOSUR contin\u00faa desempe\u00f1ando sus funciones habituales en la direcci\u00f3n de las actividades del Organismo&#8221;, dice el parte de prensa.<\/p>\n<p><a href=\"https:\/\/www.lapoliticaonline.com\/politica\/alfredo-olmedo-desobedecio-a-milei-y-cerro-un-acuerdo-con-el-kirchnerismo-por-la-presidencia-del-parlasur\/\">Este medio<\/a> inform\u00f3 en diciembre que Olmedo hab\u00eda alcanzado esa jerarqu\u00eda por un acuerdo con el kirchnerismo, que deriv\u00f3 en la jefatura de la delegaci\u00f3n argentina para Fucks. El pacto se sell\u00f3 con 31 votos sobre 43 parlasure\u00f1os locales.<\/p>\n<p>Sin embargo, los diputados apuntan a Olmedo pero la bronca es contra su secretaria, Gabriela Dicchiaro, productora, periodista y asesora de prensa. Uno de los que suscribi\u00f3 la carta para desplazar a Olmedo le dijo a LPO que Dicchiaro &#8220;arm\u00f3 varios l\u00edos&#8221;, &#8220;ech\u00f3 a jefes de bloque de reuniones&#8221; y &#8220;discute como si fuera una parlamentaria m\u00e1s&#8221;.<\/p>\n<p>El dirigente salte\u00f1o acusa a sus adversarios de que &#8220;no quieren trabajar&#8221; y defiende el despliegue de su asesora: &#8220;es profesional, h\u00e1bil y responsable, no le escapa una y ac\u00e1 estaban acostumbrados a que se hiciera cualquier cosa&#8221;, protesta.<\/p>\n<p>Desde el kirchnerismo deslizaron ante este portal que el desorden se deb\u00eda a una interna libertaria, en alusi\u00f3n a que en diciembre la canciller Diana Mondino impulsaba para el lugar de Olmedo al parlasure\u00f1o Patricio Villegas. Parad\u00f3jicamente, Villegas no firma la carta que reclama la salida de Olmedo y en La Libertad Avanza le apuntan a Fucks como el articulador de la jugada en su contra.<\/p>\n<p>&#8220;Yo ten\u00eda una audiencia en febrero de 20 minutos con la se\u00f1ora Mondino pero me termin\u00f3 dando una reuni\u00f3n por 1 hora y 29 minutos por no decir hora y media&#8221;, argument\u00f3 el salte\u00f1o ante LPO para desmentir tensiones con el oficialismo.&nbsp;<\/p>\n","protected":false},"excerpt":{"rendered":"\n<div class=\"media_block\"><img decoding=\"async\" src=\"http:\/\/latecordoba.com\/wp-content\/uploads\/2024\/03\/golpe-fallido-contra-olmedo-en-el-parlasur-por-bronca-contra-su-secretaria.jpg\"><\/div>\n<p>Distintos bloques argentinos reclamaron por carta que se lo releve de la Mesa Directiva. Chismes infantiles en un organismo regional.  <\/p>\n","protected":false},"author":1,"featured_media":21110,"comment_status":"closed","ping_status":"closed","sticky":false,"template":"","format":"standard","meta":[],"categories":[18],"tags":[],"_links":{"self":[{"href":"https:\/\/latecordoba.com\/index.php\/wp-json\/wp\/v2\/posts\/21109"}],"collection":[{"href":"https:\/\/latecordoba.com\/index.php\/wp-json\/wp\/v2\/posts"}],"about":[{"href":"https:\/\/latecordoba.com\/index.php\/wp-json\/wp\/v2\/types\/post"}],"author":[{"embeddable":true,"href":"https:\/\/latecordoba.com\/index.php\/wp-json\/wp\/v2\/users\/1"}],"replies":[{"embeddable":true,"href":"https:\/\/latecordoba.com\/index.php\/wp-json\/wp\/v2\/comments?post=21109"}],"version-history":[{"count":0,"href":"https:\/\/latecordoba.com\/index.php\/wp-json\/wp\/v2\/posts\/21109\/revisions"}],"wp:featuredmedia":[{"embeddable":true,"href":"https:\/\/latecordoba.com\/index.php\/wp-json\/wp\/v2\/media\/21110"}],"wp:attachment":[{"href":"https:\/\/latecordoba.com\/index.php\/wp-json\/wp\/v2\/media?parent=21109"}],"wp:term":[{"taxonomy":"category","embeddable":true,"href":"https:\/\/latecordoba.com\/index.php\/wp-json\/wp\/v2\/categories?post=21109"},{"taxonomy":"post_tag","embeddable":true,"href":"https:\/\/latecordoba.com\/index.php\/wp-json\/wp\/v2\/tags?post=21109"}],"curies":[{"name":"wp","href":"https:\/\/api.w.org\/{rel}","templated":true}]}}