{"id":21105,"date":"2024-03-04T15:21:17","date_gmt":"2024-03-04T15:21:17","guid":{"rendered":"https:\/\/elnoticierodigital.com.ar\/?p=1922621"},"modified":"2024-03-04T15:21:17","modified_gmt":"2024-03-04T15:21:17","slug":"mica-viciconte-mostro-en-un-video-como-quedo-la-cocina-de-su-nueva-casa-en-nordelta","status":"publish","type":"post","link":"https:\/\/latecordoba.com\/index.php\/2024\/03\/04\/mica-viciconte-mostro-en-un-video-como-quedo-la-cocina-de-su-nueva-casa-en-nordelta\/","title":{"rendered":"Mica Viciconte mostr\u00f3 en un video c\u00f3mo qued\u00f3 la cocina de su nueva casa en Nordelta"},"content":{"rendered":"<p> <!-- image --><\/p>\n<div class=\"td-post-featured-image\"><a href=\"https:\/\/i0.wp.com\/elnoticierodigital.com.ar\/wp-content\/uploads\/2024\/03\/1922621.jpg?fit=1200%2C630&amp;ssl=1\" data-caption><img decoding=\"async\" loading=\"lazy\" width=\"696\" height=\"365\" class=\"entry-thumb td-modal-image\" src=\"http:\/\/latecordoba.com\/wp-content\/uploads\/2024\/03\/mica-viciconte-mostro-en-un-video-como-quedo-la-cocina-de-su-nueva-casa-en-nordelta.jpg\" srcset=\"http:\/\/latecordoba.com\/wp-content\/uploads\/2024\/03\/mica-viciconte-mostro-en-un-video-como-quedo-la-cocina-de-su-nueva-casa-en-nordelta-1.jpg 1200w, http:\/\/latecordoba.com\/wp-content\/uploads\/2024\/03\/mica-viciconte-mostro-en-un-video-como-quedo-la-cocina-de-su-nueva-casa-en-nordelta-2.jpg 300w, http:\/\/latecordoba.com\/wp-content\/uploads\/2024\/03\/mica-viciconte-mostro-en-un-video-como-quedo-la-cocina-de-su-nueva-casa-en-nordelta-3.jpg 1024w, http:\/\/latecordoba.com\/wp-content\/uploads\/2024\/03\/mica-viciconte-mostro-en-un-video-como-quedo-la-cocina-de-su-nueva-casa-en-nordelta-4.jpg 768w, http:\/\/latecordoba.com\/wp-content\/uploads\/2024\/03\/mica-viciconte-mostro-en-un-video-como-quedo-la-cocina-de-su-nueva-casa-en-nordelta-5.jpg 150w, http:\/\/latecordoba.com\/wp-content\/uploads\/2024\/03\/mica-viciconte-mostro-en-un-video-como-quedo-la-cocina-de-su-nueva-casa-en-nordelta.jpg 696w, https:\/\/i0.wp.com\/elnoticierodigital.com.ar\/wp-content\/uploads\/2024\/03\/1922621.jpg?resize=1068%2C561&amp;ssl=1 1068w\" sizes=\"(max-width: 696px) 100vw, 696px\" alt title=\"1922621\"><\/a><\/div>\n<p> <!-- content --><\/p>\n<article readability=\"51\">Mica Viciconte sigue ense\u00f1ando en detalle la casa a la que se mud\u00f3 en Nordelta, que comparte con Fabi\u00e1n Cubero, su hijo Luca y la mayor del exfutbolista, Indiana Cubero. Ahora, le toc\u00f3 el turno a la cocina y la modelo mostr\u00f3 en detalle el desayunador que disfruta su familia todas las ma\u00f1anas.<\/p>\n<p>El hogar que Mica y Cubero construyeron est\u00e1 ubicado en un barrio cerrado, tiene dos pisos y predomina la madera en casi todos sus espacios, por el piso y las aberturas que eligieron para darle un toque m\u00e1s c\u00e1lido.<\/p>\n<p>La panelista de \u201cAriel en su salsa\u201d cont\u00f3 que el proceso de mudanza fue muy largo porque, en el momento en el que dejaron la vivienda que alquilaban, su nuevo hogar a\u00fan no estaba listo.<\/p>\n<p>La mudanza final se hizo a fines de 2023 y algunos lugares a\u00fan no estaban listos, por lo que los encargados de construir la casa continuaron con su trabajo, con la familia qued\u00e1ndose en los sectores que estaban terminados.<\/p>\n<p>LA NUEVA CASA DE CUBERO Y VICOCONTE EN NORDELTA<\/p>\n<p>Mica Viciconte mostr\u00f3 el nuevo espacio de su hogar que qued\u00f3 listo y ense\u00f1\u00f3 la gran incorporaci\u00f3n que le hizo a la cocina de su casa: unas sillas altas de madera para el desayunador.<\/p>\n<p>\u201cDe a poco va a tomar color mi nueva cocina y no pod\u00edan faltar estas banquetas que son hermosas y delicadas\u201d, expres\u00f3 Mica, muy feliz, en sus historias de Instagram. Adem\u00e1s, mostr\u00f3 su amplia cocina que cuenta con un horno empotrado a la pared, un microondas en un mueble blanco, donde debajo se ubican los electrodom\u00e9sticos m\u00e1s peque\u00f1os como la pava el\u00e9ctrica.<\/p>\n<p>Mica Viciconte tiene, a un lado, un moderno valijero para dejar los utensilios de cocina con puertas vidriadas y una mesada realizada de m\u00e1rmol blanco con vetas grises, que es su exclusivo desayunador, en el que toma mates todas las ma\u00f1anas, disfrutando de la comodidad de su cocina.<\/p>\n<p>Para poder sentarse, incluy\u00f3 unas banquetas de madera, con un asiento de rat\u00e1n, que le da un toque muy r\u00fastico a su cocina tan moderna. Estas sillas altas combinan a la perfecci\u00f3n con el piso flotante tambi\u00e9n de madera y el resto del espacio es de color blanco, tanto en las alacenas como en las paredes.<\/p>\n<\/article>\n<p>Fuente: <a href=\"https:\/\/www.paparazzi.com.ar\/teve\/mica-viciconte-mostro-en-un-video-como-quedo-la-cocina-de-su-nueva-casa-en-nordelta\/\">https:\/\/www.paparazzi.com.ar\/<\/a><\/p>\n","protected":false},"excerpt":{"rendered":"<p> Mica Viciconte sigue ense\u00f1ando en detalle la casa a la que se mud\u00f3 en Nordelta, que comparte con Fabi\u00e1n Cubero, su hijo Luca y la mayor del exfutbolista, Indiana Cubero. Ahora, le toc\u00f3 el turno a la cocina y la modelo mostr\u00f3 en detalle el desayunador que disfruta su familia todas las ma\u00f1anas. El hogar [&#8230;]  <\/p>\n","protected":false},"author":1,"featured_media":21106,"comment_status":"closed","ping_status":"closed","sticky":false,"template":"","format":"standard","meta":[],"categories":[14],"tags":[],"_links":{"self":[{"href":"https:\/\/latecordoba.com\/index.php\/wp-json\/wp\/v2\/posts\/21105"}],"collection":[{"href":"https:\/\/latecordoba.com\/index.php\/wp-json\/wp\/v2\/posts"}],"about":[{"href":"https:\/\/latecordoba.com\/index.php\/wp-json\/wp\/v2\/types\/post"}],"author":[{"embeddable":true,"href":"https:\/\/latecordoba.com\/index.php\/wp-json\/wp\/v2\/users\/1"}],"replies":[{"embeddable":true,"href":"https:\/\/latecordoba.com\/index.php\/wp-json\/wp\/v2\/comments?post=21105"}],"version-history":[{"count":0,"href":"https:\/\/latecordoba.com\/index.php\/wp-json\/wp\/v2\/posts\/21105\/revisions"}],"wp:featuredmedia":[{"embeddable":true,"href":"https:\/\/latecordoba.com\/index.php\/wp-json\/wp\/v2\/media\/21106"}],"wp:attachment":[{"href":"https:\/\/latecordoba.com\/index.php\/wp-json\/wp\/v2\/media?parent=21105"}],"wp:term":[{"taxonomy":"category","embeddable":true,"href":"https:\/\/latecordoba.com\/index.php\/wp-json\/wp\/v2\/categories?post=21105"},{"taxonomy":"post_tag","embeddable":true,"href":"https:\/\/latecordoba.com\/index.php\/wp-json\/wp\/v2\/tags?post=21105"}],"curies":[{"name":"wp","href":"https:\/\/api.w.org\/{rel}","templated":true}]}}