{"id":21100,"date":"2024-03-15T17:20:48","date_gmt":"2024-03-15T17:20:48","guid":{"rendered":"https:\/\/radioritmo.com.ar\/?p=16660"},"modified":"2024-03-15T17:20:48","modified_gmt":"2024-03-15T17:20:48","slug":"quien-es-robleis-el-youtuber-e-influencer-que-grabo-con-la-konga","status":"publish","type":"post","link":"https:\/\/latecordoba.com\/index.php\/2024\/03\/15\/quien-es-robleis-el-youtuber-e-influencer-que-grabo-con-la-konga\/","title":{"rendered":"Qui\u00e9n es Robleis, el youtuber e influencer que grab\u00f3 con La Konga"},"content":{"rendered":"\n<div><img decoding=\"async\" src=\"http:\/\/latecordoba.com\/wp-content\/uploads\/2024\/03\/quien-es-robleis-el-youtuber-e-influencer-que-grabo-con-la-konga.jpg\" class=\"ff-og-image-inserted\"><\/div>\n<h2 class=\"article__dropline\">La banda de Villa Dolores estren\u00f3 \u201cPor qu\u00e9 ser\u00e1\u201d y sorprendi\u00f3 con una nueva colaboraci\u00f3n junto al joven cantante.<\/h2>\n<p class=\"paragraph\"><b>La Konga&nbsp;<\/b>no para de realizar aportes al cuarteto con nuevas canciones y colaboraciones de la mano de grandes artistas de la actualidad musical. En las \u00faltimas horas, la banda que se encuentra de gira por Estados Unidos estren\u00f3 videoclip de la mano de un joven influencer.<\/p>\n<p class=\"paragraph\">Interpretado por&nbsp;<b>Nelson Aguirre<\/b>, los de Villa Dolores lanzaron&nbsp;<i>Por qu\u00e9 ser\u00e1&nbsp;<\/i>grabado en vivo junto a&nbsp;<b>Robleis<\/b>. A pocas horas de la publicaci\u00f3n en YouTube, el material alcanz\u00f3 las 100 mil reproducciones y lleg\u00f3 al puesto 23 de las principales tendencias de la plataforma.<\/p>\n<h5 class=\"font--primary\"><b>Sus primeros pasos<\/b><\/h5>\n<p class=\"paragraph\"><b>Tom\u00e1s Arbillaga<\/b>, m\u00e1s conocido como<b>&nbsp;Robleis,<\/b>&nbsp;naci\u00f3 el 1 de octubre de 1998 en Olavarr\u00eda, provincia de Buenos Aires. Su primer contacto con el p\u00fablico se dio en 2011, a\u00f1o en el que inaugur\u00f3 su canal de YouTube con su primera apuesta audiovisual.<\/p>\n<p class=\"paragraph\">Mientras incursionaba y descubr\u00eda el mundo virtual, decidi\u00f3 realizar un giro de 360 grados y aboc\u00f3 su contenido vinculado al humor. A\u00f1os m\u00e1s tarde, apost\u00f3 por su carrera musical y fue en 2021 cuando estren\u00f3&nbsp;<i>Dejalo atr\u00e1s<\/i>, lo que signific\u00f3 se debut como cantante.<\/p>\n<p class=\"paragraph\">En diciembre de 2023 realiz\u00f3 dos presentaciones consecutivas en el&nbsp;<b>Movistar Arena,&nbsp;<\/b>shows hist\u00f3ricos que marcaron un \u201cantes y un despu\u00e9s\u201d en su carrera. Su \u00faltima colaboraci\u00f3n, antes del estreno junto a La Konga, fue en diciembre junto a Marama y MYA para reversionar&nbsp;<i>Bronceado<\/i>, hit que ya super\u00f3 las 31 millones de reproducciones en YouTube.<\/p>\n","protected":false},"excerpt":{"rendered":"<p> La banda de Villa Dolores estren\u00f3 \u201cPor qu\u00e9 ser\u00e1\u201d y sorprendi\u00f3 con una nueva colaboraci\u00f3n junto al joven cantante. La Konga\u00a0no para de realizar aportes al cuarteto con nuevas canciones y colaboraciones de la mano de grandes artistas de la actualidad musical. En las \u00faltimas horas, la banda que se encuentra de gira por Estados &#8230;  <\/p>\n","protected":false},"author":1,"featured_media":21101,"comment_status":"closed","ping_status":"closed","sticky":false,"template":"","format":"standard","meta":[],"categories":[20],"tags":[],"_links":{"self":[{"href":"https:\/\/latecordoba.com\/index.php\/wp-json\/wp\/v2\/posts\/21100"}],"collection":[{"href":"https:\/\/latecordoba.com\/index.php\/wp-json\/wp\/v2\/posts"}],"about":[{"href":"https:\/\/latecordoba.com\/index.php\/wp-json\/wp\/v2\/types\/post"}],"author":[{"embeddable":true,"href":"https:\/\/latecordoba.com\/index.php\/wp-json\/wp\/v2\/users\/1"}],"replies":[{"embeddable":true,"href":"https:\/\/latecordoba.com\/index.php\/wp-json\/wp\/v2\/comments?post=21100"}],"version-history":[{"count":0,"href":"https:\/\/latecordoba.com\/index.php\/wp-json\/wp\/v2\/posts\/21100\/revisions"}],"wp:featuredmedia":[{"embeddable":true,"href":"https:\/\/latecordoba.com\/index.php\/wp-json\/wp\/v2\/media\/21101"}],"wp:attachment":[{"href":"https:\/\/latecordoba.com\/index.php\/wp-json\/wp\/v2\/media?parent=21100"}],"wp:term":[{"taxonomy":"category","embeddable":true,"href":"https:\/\/latecordoba.com\/index.php\/wp-json\/wp\/v2\/categories?post=21100"},{"taxonomy":"post_tag","embeddable":true,"href":"https:\/\/latecordoba.com\/index.php\/wp-json\/wp\/v2\/tags?post=21100"}],"curies":[{"name":"wp","href":"https:\/\/api.w.org\/{rel}","templated":true}]}}