{"id":21098,"date":"2024-03-14T11:40:00","date_gmt":"2024-03-14T11:40:00","guid":{"rendered":"https:\/\/www.puntal.com.ar\/centro-cultural-leonardo-favio\/la-calma-se-estrena-el-favio-n213193"},"modified":"2024-03-14T11:40:00","modified_gmt":"2024-03-14T11:40:00","slug":"la-calma-se-estrena-en-el-favio","status":"publish","type":"post","link":"https:\/\/latecordoba.com\/index.php\/2024\/03\/14\/la-calma-se-estrena-en-el-favio\/","title":{"rendered":"La calma se estrena en el Favio"},"content":{"rendered":"\n<div><img decoding=\"async\" src=\"http:\/\/latecordoba.com\/wp-content\/uploads\/2024\/03\/la-calma-se-estrena-en-el-favio.jpg\" class=\"ff-og-image-inserted\"><\/div>\n<div class=\"cuerpo\" data-twitter-link readability=\"18\">\n<div contenteditable=\"false\" class=\"embed_cont type_freetext\" rel=\"freetext\" id=\"embed3877_wrap\" data-provider=\"YouTube\">\n<p> la calma trailer 720p<span onclick=\"parent.parent.TinyMCETdcuerpo.preview_embed('embed3877')\" class=\"embed_colapse less\" id=\"embed3877_colapse\"><\/span><span onclick=\"parent.parent.TinyMCETdcuerpo.delete_embed('embed3877')\" class=\"embed_delete less\" id=\"embed3877_delete\"><\/span><\/p>\n<div id=\"embed3877_content\" class=\"embed_content\">\n<p> <iframe loading=\"lazy\" width=\"200\" height=\"113\" src=\"https:\/\/www.youtube.com\/embed\/FlI4QVl8f7U?feature=oembed\" frameborder=\"0\" allow=\"accelerometer; autoplay; clipboard-write; encrypted-media; gyroscope; picture-in-picture; web-share\" allowfullscreen title=\"la calma trailer 720p\">[embedded content]<\/iframe><\/p>\n<\/p><\/div>\n<\/p><\/div>\n<p>Sinopsis: Nancy, una estudiante campesina de abogac\u00eda, se ve obligada a volver a su pueblo natal para cuidar a su padre, v\u00edctima de un accidente cerebro vascular. Bajo la presi\u00f3n de los supuestos terratenientes, Nancy tendr\u00e1 que decidir sobre el futuro de las tierras y el suyo.<\/p>\n<p>Repite s\u00e1bado 16 a las 21hs., lunes 18 a las 19hs., martes 19 a las 21hs. y mi\u00e9rcoles 20 a las 19hs.<\/p>\n<\/div>\n","protected":false},"excerpt":{"rendered":"<p>\nLa pel\u00edcula de Mariano C\u00f3colo se puede ver desde hoy y hasta el mi\u00e9rcoles 20  <\/p>\n","protected":false},"author":1,"featured_media":21099,"comment_status":"closed","ping_status":"closed","sticky":false,"template":"","format":"standard","meta":[],"categories":[14],"tags":[],"_links":{"self":[{"href":"https:\/\/latecordoba.com\/index.php\/wp-json\/wp\/v2\/posts\/21098"}],"collection":[{"href":"https:\/\/latecordoba.com\/index.php\/wp-json\/wp\/v2\/posts"}],"about":[{"href":"https:\/\/latecordoba.com\/index.php\/wp-json\/wp\/v2\/types\/post"}],"author":[{"embeddable":true,"href":"https:\/\/latecordoba.com\/index.php\/wp-json\/wp\/v2\/users\/1"}],"replies":[{"embeddable":true,"href":"https:\/\/latecordoba.com\/index.php\/wp-json\/wp\/v2\/comments?post=21098"}],"version-history":[{"count":0,"href":"https:\/\/latecordoba.com\/index.php\/wp-json\/wp\/v2\/posts\/21098\/revisions"}],"wp:featuredmedia":[{"embeddable":true,"href":"https:\/\/latecordoba.com\/index.php\/wp-json\/wp\/v2\/media\/21099"}],"wp:attachment":[{"href":"https:\/\/latecordoba.com\/index.php\/wp-json\/wp\/v2\/media?parent=21098"}],"wp:term":[{"taxonomy":"category","embeddable":true,"href":"https:\/\/latecordoba.com\/index.php\/wp-json\/wp\/v2\/categories?post=21098"},{"taxonomy":"post_tag","embeddable":true,"href":"https:\/\/latecordoba.com\/index.php\/wp-json\/wp\/v2\/tags?post=21098"}],"curies":[{"name":"wp","href":"https:\/\/api.w.org\/{rel}","templated":true}]}}