{"id":21094,"date":"2024-03-15T12:35:00","date_gmt":"2024-03-15T12:35:00","guid":{"rendered":"https:\/\/www.puntal.com.ar\/opus-costanera\/se-reprograma-el-show-mancha-rolando-n213276"},"modified":"2024-03-15T12:35:00","modified_gmt":"2024-03-15T12:35:00","slug":"se-reprograma-el-show-de-mancha-de-rolando","status":"publish","type":"post","link":"https:\/\/latecordoba.com\/index.php\/2024\/03\/15\/se-reprograma-el-show-de-mancha-de-rolando\/","title":{"rendered":"Se reprograma el show de Mancha de Rolando"},"content":{"rendered":"\n<div><img decoding=\"async\" src=\"http:\/\/latecordoba.com\/wp-content\/uploads\/2024\/03\/se-reprograma-el-show-de-mancha-de-rolando.jpg\" class=\"ff-og-image-inserted\"><\/div>\n<div class=\"cuerpo\" data-twitter-link readability=\"16\">\n<p> El comunicado oficial dice: \u201cPor razones clim\u00e1ticas de p\u00fablico conocimiento y las alertas emitidas por el Servicio Meteorol\u00f3gico Nacional, nos vemos en la obligaci\u00f3n de reprogramar del show de la Mancha de Rolando. En breve informaremos la nueva fecha a trav\u00e9s de nuestros canales de comunicaci\u00f3n.<\/p>\n<p>Las entradas adquiridas tendr\u00e1n validez para la fecha reprogramada o podr\u00e1n solicitar la devoluci\u00f3n del dinero en boleter\u00eda.<\/p>\n<p>Agradecemos su compresi\u00f3n. Atentamente: equipo Opus Producciones\u201d.<\/p>\n<\/div>\n","protected":false},"excerpt":{"rendered":"<p>\nPor razones meteorol\u00f3gicas, la banda rockera no se presentar\u00e1 esta noche en Opus Costanera  <\/p>\n","protected":false},"author":1,"featured_media":21095,"comment_status":"closed","ping_status":"closed","sticky":false,"template":"","format":"standard","meta":[],"categories":[14],"tags":[],"_links":{"self":[{"href":"https:\/\/latecordoba.com\/index.php\/wp-json\/wp\/v2\/posts\/21094"}],"collection":[{"href":"https:\/\/latecordoba.com\/index.php\/wp-json\/wp\/v2\/posts"}],"about":[{"href":"https:\/\/latecordoba.com\/index.php\/wp-json\/wp\/v2\/types\/post"}],"author":[{"embeddable":true,"href":"https:\/\/latecordoba.com\/index.php\/wp-json\/wp\/v2\/users\/1"}],"replies":[{"embeddable":true,"href":"https:\/\/latecordoba.com\/index.php\/wp-json\/wp\/v2\/comments?post=21094"}],"version-history":[{"count":0,"href":"https:\/\/latecordoba.com\/index.php\/wp-json\/wp\/v2\/posts\/21094\/revisions"}],"wp:featuredmedia":[{"embeddable":true,"href":"https:\/\/latecordoba.com\/index.php\/wp-json\/wp\/v2\/media\/21095"}],"wp:attachment":[{"href":"https:\/\/latecordoba.com\/index.php\/wp-json\/wp\/v2\/media?parent=21094"}],"wp:term":[{"taxonomy":"category","embeddable":true,"href":"https:\/\/latecordoba.com\/index.php\/wp-json\/wp\/v2\/categories?post=21094"},{"taxonomy":"post_tag","embeddable":true,"href":"https:\/\/latecordoba.com\/index.php\/wp-json\/wp\/v2\/tags?post=21094"}],"curies":[{"name":"wp","href":"https:\/\/api.w.org\/{rel}","templated":true}]}}