{"id":21078,"date":"2024-01-28T15:14:07","date_gmt":"2024-01-28T15:14:07","guid":{"rendered":"https:\/\/viapais.com.ar\/politica\/alberto-fernandez-defendio-a-petro-del-inadmisible-agravio-de-milei\/"},"modified":"2024-01-28T15:14:07","modified_gmt":"2024-01-28T15:14:07","slug":"alberto-fernandez-defendio-a-petro-del-inadmisible-agravio-de-milei","status":"publish","type":"post","link":"https:\/\/latecordoba.com\/index.php\/2024\/01\/28\/alberto-fernandez-defendio-a-petro-del-inadmisible-agravio-de-milei\/","title":{"rendered":"Alberto Fern\u00e1ndez defendi\u00f3 a Petro del \u201cinadmisible agravio\u201d de Milei"},"content":{"rendered":"<br \/>\n<section readability=\"34.67525496511\">\n<p>El expresidente <a href=\"https:\/\/viapais.com.ar\/internacional\/quien-es-gustavo-petro-el-nuevo-presidente-de-colombia\/\" target=\"_blank\" rel=\"noopener\"><b>Alberto Fern\u00e1ndez<\/b><\/a> calific\u00f3 este domingo al jefe de Estado de Colombia, <a href=\"https:\/\/viapais.com.ar\/internacional\/quien-es-gustavo-petro-el-nuevo-presidente-de-colombia\/\" target=\"_blank\" rel=\"noopener\"><b>Gustavo Petro<\/b><\/a>, como un <b>\u201cdirigente de enorme valor\u201d<\/b>, reivindic\u00f3 su \u201clucha por afianzar la unidad latinoamericana\u201d y lament\u00f3 el \u201cinadmisible agravio\u201d proferido por el mandatario<a href=\"https:\/\/viapais.com.ar\/internacional\/quien-es-gustavo-petro-el-nuevo-presidente-de-colombia\/\" target=\"_blank\" rel=\"noopener\"><b> Javier Milei,<\/b><\/a> quien lo hab\u00eda tildado de <b>\u201ccomunista asesino\u201d.<\/b><\/p>\n<article class=\"article card \">\n<div class=\"article-inner \">\n<div class=\"article-image \"><a href=\"https:\/\/viapais.com.ar\/internacional\/el-presidente-de-colombia-comparo-a-javier-milei-con-adolf-hitler\/\" title=\"Petro_Milei\"><\/p>\n<figure><picture><img alt=\"Petro_Milei\" class=\" block \" src=\"http:\/\/latecordoba.com\/wp-content\/uploads\/2024\/01\/alberto-fernandez-defendio-a-petro-del-inadmisible-agravio-de-milei.jpg\" sizes=\"auto\" loading=\"lazy\" data-src=\"http:\/\/latecordoba.com\/wp-content\/uploads\/2024\/01\/alberto-fernandez-defendio-a-petro-del-inadmisible-agravio-de-milei.jpg\" width=\"307px\" fetchpriority=\"low\" decoding=\"async\" height=\"173px\"><\/picture><\/figure>\n<p><\/a><\/div>\n<\/div>\n<\/article>\n<p>\u201cLamento profundamente el inadmisible agravio del que ha sido objeto Petro. El compromiso con su pueblo y su eterna lucha por afianzar la unidad latinoamericana hacen de \u00e9l un dirigente de enorme valor que merece nuestro respeto\u201d, expres\u00f3 Fern\u00e1ndez desde su cuenta de X.<\/p>\n<p>El exmandatario ponder\u00f3 que<b> <\/b><a href=\"https:\/\/viapais.com.ar\/internacional\/quien-es-gustavo-petro-el-nuevo-presidente-de-colombia\/\" target=\"_blank\" rel=\"noopener\"><b>Colombia y Argentina<\/b> <\/a>son pa\u00edses que \u201csiempre se han hermanado junto a otros pueblos de esta Patria Grande que es Latinoam\u00e9rica\u201d.<\/p>\n<p>\u201cCuando la globalizaci\u00f3n demuestra la necesidad de unir esfuerzos en procura de potenciar regiones, es inadmisible cualquier descalificaci\u00f3n del otro\u201d, remarc\u00f3 Fern\u00e1ndez.<\/p>\n<p>Y agreg\u00f3: \u201cPor respeto a la voluntad del pueblo colombiano que eligi\u00f3 para que los gobierne a un dirigente de la talla de Petro, hago p\u00fablico mi reconocimiento y solidaridad para con mi querido amigo\u201d.<\/p>\n<article class=\"article card default \">\n<div class=\"article-inner \">\n<div class=\"article-image \"><a href=\"https:\/\/viapais.com.ar\/internacional\/el-tenso-cruce-entre-gustavo-petro-y-nayib-bukele-tras-el-triunfo-de-milei-ahora-dilo-sin-llorar\/\" title=\"Gustavo Petro y Nayib Bukele se pronunciaron luego del triunfo de Milei.\"><\/p>\n<figure><picture><img alt=\"Gustavo Petro y Nayib Bukele se pronunciaron luego del triunfo de Milei.\" class=\" block \" src=\"http:\/\/latecordoba.com\/wp-content\/uploads\/2024\/01\/alberto-fernandez-defendio-a-petro-del-inadmisible-agravio-de-milei-1.jpg\" sizes=\"auto\" loading=\"lazy\" data-src=\"http:\/\/latecordoba.com\/wp-content\/uploads\/2024\/01\/alberto-fernandez-defendio-a-petro-del-inadmisible-agravio-de-milei-1.jpg\" width=\"307px\" fetchpriority=\"low\" decoding=\"async\" height=\"173px\"><\/picture><\/figure>\n<p><\/a><\/div>\n<\/div>\n<\/article>\n<h2 class>Qu\u00e9 dijo Javier Milei de Petro<\/h2>\n<p>El expresidente se refiri\u00f3 a las declaraciones vertidas por Milei en un di\u00e1logo que mantuvo con la periodista <a href=\"https:\/\/viapais.com.ar\/internacional\/quien-es-gustavo-petro-el-nuevo-presidente-de-colombia\/\" target=\"_blank\" rel=\"noopener\"><b>Patricia Janiot<\/b><\/a> en su canal de la red YouTube, donde hab\u00eda definido a Petro como un \u201ccomunista asesino que est\u00e1 hundiendo a Colombia\u201d.<\/p>\n<p>Fue en medio de una suerte de ida y vuelta con la periodista, que tambi\u00e9n le pidi\u00f3 al mandatario argentino su visi\u00f3n sobre el expresidente estadounidense <b>Donald Trump<\/b> y los mandatarios de Chile, <b>Gabriel Boric, <\/b>y El Salvador, <b>Nayib Bukele.<\/b><\/p>\n<\/section>\n<div class=\"noreadme-audima\">\n<h2>Temas Relacionados<\/h2>\n<\/div>\n","protected":false},"excerpt":{"rendered":"<p>El expresidente Alberto Fern\u00e1ndez calific\u00f3 este domingo al jefe de Estado de Colombia, Gustavo Petro, como un \u201cdirigente de enorme valor\u201d, reivindic\u00f3 su \u201clucha por afianzar la unidad latinoamericana\u201d y lament\u00f3 el \u201cinadmisible agravio\u201d proferido por el mandatario Javier Milei, quien lo hab\u00eda tildado de \u201ccomunista asesino\u201d. \u201cLamento profundamente el inadmisible agravio del que ha [&hellip;]<\/p>\n","protected":false},"author":1,"featured_media":21079,"comment_status":"closed","ping_status":"closed","sticky":false,"template":"","format":"standard","meta":[],"categories":[15],"tags":[],"_links":{"self":[{"href":"https:\/\/latecordoba.com\/index.php\/wp-json\/wp\/v2\/posts\/21078"}],"collection":[{"href":"https:\/\/latecordoba.com\/index.php\/wp-json\/wp\/v2\/posts"}],"about":[{"href":"https:\/\/latecordoba.com\/index.php\/wp-json\/wp\/v2\/types\/post"}],"author":[{"embeddable":true,"href":"https:\/\/latecordoba.com\/index.php\/wp-json\/wp\/v2\/users\/1"}],"replies":[{"embeddable":true,"href":"https:\/\/latecordoba.com\/index.php\/wp-json\/wp\/v2\/comments?post=21078"}],"version-history":[{"count":0,"href":"https:\/\/latecordoba.com\/index.php\/wp-json\/wp\/v2\/posts\/21078\/revisions"}],"wp:featuredmedia":[{"embeddable":true,"href":"https:\/\/latecordoba.com\/index.php\/wp-json\/wp\/v2\/media\/21079"}],"wp:attachment":[{"href":"https:\/\/latecordoba.com\/index.php\/wp-json\/wp\/v2\/media?parent=21078"}],"wp:term":[{"taxonomy":"category","embeddable":true,"href":"https:\/\/latecordoba.com\/index.php\/wp-json\/wp\/v2\/categories?post=21078"},{"taxonomy":"post_tag","embeddable":true,"href":"https:\/\/latecordoba.com\/index.php\/wp-json\/wp\/v2\/tags?post=21078"}],"curies":[{"name":"wp","href":"https:\/\/api.w.org\/{rel}","templated":true}]}}