{"id":21072,"date":"2024-01-28T03:01:40","date_gmt":"2024-01-28T03:01:40","guid":{"rendered":"https:\/\/viapais.com.ar\/arroyito\/pietrasanta-bar-gourmet-presenta-una-gran-opcion-para-los-domingos-carnes-asadas\/"},"modified":"2024-01-28T03:01:40","modified_gmt":"2024-01-28T03:01:40","slug":"pietrasanta-bar-gourmet-presenta-una-gran-opcion-para-los-domingos-carnes-asadas","status":"publish","type":"post","link":"https:\/\/latecordoba.com\/index.php\/2024\/01\/28\/pietrasanta-bar-gourmet-presenta-una-gran-opcion-para-los-domingos-carnes-asadas\/","title":{"rendered":"Pietrasanta Bar Gourmet presenta una gran opci\u00f3n para los domingos, \u201cCarnes Asadas\u201d"},"content":{"rendered":"\n<p>Desde el <b>domingo 28 solamente al mediod\u00eda,<\/b> Pietrasanta Bar Gourmet, lanza una gran opci\u00f3n para evitar que te pongas a cocinar y puedas disfrutar del d\u00eda. En este caso <b>\u201cCarnes Asadas\u201d llega al restaurante ubicado en 9 de Julio y General Paz.<\/b><\/p>\n<p><b>La opci\u00f3n contiene:<\/b> <b>empanadas + chorizo + morcilla + costilla + bife de chorizo + vac\u00edo de cerdo con papas como guarnici\u00f3n<\/b> a un valor de <b>$7.500 por persona <\/b>y la presentaci\u00f3n viene para 2 comensales. No incluye bebidas.<\/p>\n<figure><picture><img alt=\"Pietrasanta Bar Gourmet Arroyito\" class=\" block \" src=\"http:\/\/latecordoba.com\/wp-content\/uploads\/2024\/01\/pietrasanta-bar-gourmet-presenta-una-gran-opcion-para-los-domingos-carnes-asadas.jpg\" sizes=\"auto\" loading=\"lazy\" data-src=\"http:\/\/latecordoba.com\/wp-content\/uploads\/2024\/01\/pietrasanta-bar-gourmet-presenta-una-gran-opcion-para-los-domingos-carnes-asadas.jpg\" width=\"1023px\" fetchpriority=\"low\" decoding=\"async\" height=\"575px\"><\/picture><figcaption class>Pietrasanta Bar Gourmet Arroyito Foto: via arroyito<\/figcaption><\/figure>\n<p>Consultado sobre el lanzamiento, <b>Walter Paulucci Gerente de la franquicia <\/b>que naci\u00f3 en Arroyito comentaba \u201c<b>es una gran apuesta para los domingos al mediod\u00eda, <\/b>para disfrutar de los mejores cortes cl\u00e1sicos argentinos. <b>Se tiene que pedir reserva anticipada<\/b>\u201d.<\/p>\n<p>\u201cCon la estabilidad un poco del precio de la carne y por pedido de nuestros clientes <b>hemos armado esta propuesta de ofrecer asado a la parrilla con 3 cortes de primera calidad <\/b>con un precio fijo para aportar esta soluci\u00f3n que tambi\u00e9n implica hacer un asado en cuanto al tiempo que conlleva hacer las compras, asarlo y dem\u00e1s. <b>Aqu\u00ed la propuesta es que se acerquen y disfruten nuestra propuesta<\/b> con aire acondicionado o al aire libre\u201d.<\/p>\n<figure><picture><img alt=\"Walter Paulucci y Carlos Bazan Pietrasanta Arroyito\" class=\" block \" src=\"http:\/\/latecordoba.com\/wp-content\/uploads\/2024\/01\/pietrasanta-bar-gourmet-presenta-una-gran-opcion-para-los-domingos-carnes-asadas-1.jpg\" sizes=\"auto\" loading=\"lazy\" data-src=\"http:\/\/latecordoba.com\/wp-content\/uploads\/2024\/01\/pietrasanta-bar-gourmet-presenta-una-gran-opcion-para-los-domingos-carnes-asadas-1.jpg\" width=\"1023px\" fetchpriority=\"low\" decoding=\"async\" height=\"575px\"><\/picture><figcaption class>Walter Paulucci y Carlos Bazan Pietrasanta Arroyito Foto: via arroyito<\/figcaption><\/figure>\n<p>Sobre la situaci\u00f3n actual agregaba \u201c<b>Se ha notado un cambio en los consumidores <\/b>se ve poco movimiento en la calle, ha aumentado el delivery entendemos que la gente prefiere quedarse en casa y reducir lo que implica una salida a comer. <b>No obstante nuestras redes en este momento suman mucho porque atraen p\u00fablico de paso que va de vacaciones<\/b>, bastante inusual pero estamos recibiendo gente de Brasil y Paraguay que pasa para C\u00f3rdoba o Mendoza y hace una parada a comer\u201d:<\/p>\n<p>\u201c<b>En cuanto a los precios inevitablemente algunos valores de aumentos tenemos que trasladarlos <\/b>a los precios en una parte <b>y en otra la absorbemos nosotros<\/b>. Creemos que adem\u00e1s enero es un mes de vacaciones y de ah\u00ed que se ve menos gente que otras temporadas\u201d.<\/p>\n<p><b>\u201cCarnes Asadas\u201d es una muy buena opci\u00f3n que no pod\u00e9s dejar pasar,<\/b> sumada a otras opciones y ofertas que pronto tendr\u00e1 en su carta <b>Pietrasanta Bar Gourmet Arroyito.<\/b><\/p>\n","protected":false},"excerpt":{"rendered":"<p>Desde el domingo 28 solamente al mediod\u00eda, Pietrasanta Bar Gourmet, lanza una gran opci\u00f3n para evitar que te pongas a cocinar y puedas disfrutar del d\u00eda. En este caso \u201cCarnes Asadas\u201d llega al restaurante ubicado en 9 de Julio y General Paz. La opci\u00f3n contiene: empanadas + chorizo + morcilla + costilla + bife de [&hellip;]<\/p>\n","protected":false},"author":1,"featured_media":21073,"comment_status":"closed","ping_status":"closed","sticky":false,"template":"","format":"standard","meta":[],"categories":[15],"tags":[],"_links":{"self":[{"href":"https:\/\/latecordoba.com\/index.php\/wp-json\/wp\/v2\/posts\/21072"}],"collection":[{"href":"https:\/\/latecordoba.com\/index.php\/wp-json\/wp\/v2\/posts"}],"about":[{"href":"https:\/\/latecordoba.com\/index.php\/wp-json\/wp\/v2\/types\/post"}],"author":[{"embeddable":true,"href":"https:\/\/latecordoba.com\/index.php\/wp-json\/wp\/v2\/users\/1"}],"replies":[{"embeddable":true,"href":"https:\/\/latecordoba.com\/index.php\/wp-json\/wp\/v2\/comments?post=21072"}],"version-history":[{"count":0,"href":"https:\/\/latecordoba.com\/index.php\/wp-json\/wp\/v2\/posts\/21072\/revisions"}],"wp:featuredmedia":[{"embeddable":true,"href":"https:\/\/latecordoba.com\/index.php\/wp-json\/wp\/v2\/media\/21073"}],"wp:attachment":[{"href":"https:\/\/latecordoba.com\/index.php\/wp-json\/wp\/v2\/media?parent=21072"}],"wp:term":[{"taxonomy":"category","embeddable":true,"href":"https:\/\/latecordoba.com\/index.php\/wp-json\/wp\/v2\/categories?post=21072"},{"taxonomy":"post_tag","embeddable":true,"href":"https:\/\/latecordoba.com\/index.php\/wp-json\/wp\/v2\/tags?post=21072"}],"curies":[{"name":"wp","href":"https:\/\/api.w.org\/{rel}","templated":true}]}}