{"id":21041,"date":"2024-01-27T14:36:19","date_gmt":"2024-01-27T14:36:19","guid":{"rendered":"https:\/\/www.diariocronica.com.ar\/noticias\/2024\/01\/27\/91843-comenzo-el-vii-torneo-de-ajedrez-abierto-de-verano"},"modified":"2024-01-27T14:36:19","modified_gmt":"2024-01-27T14:36:19","slug":"comenzo-el-vii-torneo-de-ajedrez-abierto-de-verano","status":"publish","type":"post","link":"https:\/\/latecordoba.com\/index.php\/2024\/01\/27\/comenzo-el-vii-torneo-de-ajedrez-abierto-de-verano\/","title":{"rendered":"Comenz\u00f3 el VII Torneo de Ajedrez Abierto de Verano"},"content":{"rendered":"\n<div class=\"media_block\"><a href=\"http:\/\/latecordoba.com\/wp-content\/uploads\/2024\/01\/comenzo-el-vii-torneo-de-ajedrez-abierto-de-verano.jpg\"><img decoding=\"async\" src=\"http:\/\/latecordoba.com\/wp-content\/uploads\/2024\/01\/comenzo-el-vii-torneo-de-ajedrez-abierto-de-verano.jpg\" class=\"media_thumbnail\"><\/a><\/div>\n<div><img decoding=\"async\" src=\"http:\/\/latecordoba.com\/wp-content\/uploads\/2024\/01\/comenzo-el-vii-torneo-de-ajedrez-abierto-de-verano-1.jpg\" class=\"ff-og-image-inserted\"><\/div>\n<p>Se est\u00e1 disputando en el Club Mundo del Ajedrez, en calle Kennedy y Santa Clara, el VII Torneo de Ajedrez Abierto de Verano, organizado por dicha instituci\u00f3n en Comodoro Rivadavia. Est\u00e1n compitiendo un total de 15 jugadores, entre ellos el FM Andr\u00e9s Aguilar.<\/p>\n<p>Se utiliza sistema suizo a 60 minutos m\u00e1s 30\u201d a seis rondas y el torneo finalizar\u00e1 ma\u00f1ana domingo, acotando que hoy y ma\u00f1ana las partidas comenzar\u00e1n a las 10.00 horas. <\/p>\n<p>Los inscriptos son:<br \/>1) FM Andr\u00e9s Aguilar (Elo: 2257), 2) Eugenio Crespo (2133), 3) Lucas Rivas (1912), 4) Lautaro Salinas (1852), 5) Le\u00f3n Fabi\u00e1n Lucero (1689), 6) Omar Quinteros (1686), 7) Adri\u00e1n Hern\u00e1n Muruchi Machaca (1680), 8) Fernando Garc\u00eda (1565), 9) Pedro Bustos (1469), 10) Joaqu\u00edn David Casado (1468), 11) Sol \u00c1ngeles Muruchi Machaca (1265), 12) Lucas Mercado, 13) Benjam\u00edn Peralta, 14) Daniel S\u00e1nchez y Felipe Velardez.<\/p>\n","protected":false},"excerpt":{"rendered":"\n<div class=\"media_block\"><a href=\"http:\/\/latecordoba.com\/wp-content\/uploads\/2024\/01\/comenzo-el-vii-torneo-de-ajedrez-abierto-de-verano.jpg\"><img decoding=\"async\" src=\"http:\/\/latecordoba.com\/wp-content\/uploads\/2024\/01\/comenzo-el-vii-torneo-de-ajedrez-abierto-de-verano.jpg\" class=\"media_thumbnail\"><\/a><\/div>\n<p> Comenz\u00f3 el VII Torneo de Ajedrez Abierto de Verano  <\/p>\n","protected":false},"author":1,"featured_media":21042,"comment_status":"closed","ping_status":"closed","sticky":false,"template":"","format":"standard","meta":[],"categories":[17],"tags":[],"_links":{"self":[{"href":"https:\/\/latecordoba.com\/index.php\/wp-json\/wp\/v2\/posts\/21041"}],"collection":[{"href":"https:\/\/latecordoba.com\/index.php\/wp-json\/wp\/v2\/posts"}],"about":[{"href":"https:\/\/latecordoba.com\/index.php\/wp-json\/wp\/v2\/types\/post"}],"author":[{"embeddable":true,"href":"https:\/\/latecordoba.com\/index.php\/wp-json\/wp\/v2\/users\/1"}],"replies":[{"embeddable":true,"href":"https:\/\/latecordoba.com\/index.php\/wp-json\/wp\/v2\/comments?post=21041"}],"version-history":[{"count":0,"href":"https:\/\/latecordoba.com\/index.php\/wp-json\/wp\/v2\/posts\/21041\/revisions"}],"wp:featuredmedia":[{"embeddable":true,"href":"https:\/\/latecordoba.com\/index.php\/wp-json\/wp\/v2\/media\/21042"}],"wp:attachment":[{"href":"https:\/\/latecordoba.com\/index.php\/wp-json\/wp\/v2\/media?parent=21041"}],"wp:term":[{"taxonomy":"category","embeddable":true,"href":"https:\/\/latecordoba.com\/index.php\/wp-json\/wp\/v2\/categories?post=21041"},{"taxonomy":"post_tag","embeddable":true,"href":"https:\/\/latecordoba.com\/index.php\/wp-json\/wp\/v2\/tags?post=21041"}],"curies":[{"name":"wp","href":"https:\/\/api.w.org\/{rel}","templated":true}]}}