{"id":21039,"date":"2024-01-27T09:38:00","date_gmt":"2024-01-27T09:38:00","guid":{"rendered":"https:\/\/viapais.com.ar\/carlos-paz\/verano-caluroso-y-soleado-en-carlos-paz\/"},"modified":"2024-01-27T09:38:00","modified_gmt":"2024-01-27T09:38:00","slug":"verano-caluroso-y-soleado-en-carlos-paz","status":"publish","type":"post","link":"https:\/\/latecordoba.com\/index.php\/2024\/01\/27\/verano-caluroso-y-soleado-en-carlos-paz\/","title":{"rendered":"Verano caluroso y soleado en Carlos Paz"},"content":{"rendered":"\n<p>El verano comenz\u00f3 a full en <b>Villa Carlos Paz<\/b> y el <b>Servicio Meteorol\u00f3gico Nacional <\/b>prev\u00e9 para este fin de semana importantes temperaturas que superar\u00e1n los <b>30 grados.<\/b><\/p>\n<article class=\"article card \">\n<div class=\"article-inner \">\n<div class=\"article-image \"><a href=\"https:\/\/viapais.com.ar\/carlos-paz\/conmocion-en-punilla-turistas-hallaron-el-cadaver-de-un-hombre-en-el-rio-de-cuesta-blanca\/\" title=\"Hallazgo en Cuesta Blanca\"><\/p>\n<figure><picture><img alt=\"Hallazgo en Cuesta Blanca\" class=\" block \" src=\"http:\/\/latecordoba.com\/wp-content\/uploads\/2024\/01\/verano-caluroso-y-soleado-en-carlos-paz.jpg\" sizes=\"auto\" loading=\"lazy\" data-src=\"http:\/\/latecordoba.com\/wp-content\/uploads\/2024\/01\/verano-caluroso-y-soleado-en-carlos-paz.jpg\" width=\"307px\" fetchpriority=\"low\" decoding=\"async\" height=\"173px\"><\/picture><\/figure>\n<p><\/a><\/div>\n<\/div>\n<\/article>\n<p>Este s\u00e1bado la m\u00e1xima alcanzar\u00e1 los <b>33 grados<\/b> y la m\u00ednima de 19, el cielo permanecer\u00e1 parcialmente <b>soleado<\/b>, con <i>vientos leves de 13 a 22 km\/h. del sector Norte y Este.<\/i><\/p>\n<article class=\"article card \">\n<div class=\"article-inner \">\n<div class=\"article-image \"><a href=\"https:\/\/viapais.com.ar\/carlos-paz\/villa-carlos-paz-el-municipio-mejora-las-calles-de-tierra-intensificando-el-plan-de-mantenimiento-y-reparacion\/\" title=\"Arreglo de calles en Carlos Paz\"><\/p>\n<figure><picture><img alt=\"Arreglo de calles en Carlos Paz\" class=\" block \" src=\"http:\/\/latecordoba.com\/wp-content\/uploads\/2024\/01\/verano-caluroso-y-soleado-en-carlos-paz-1.jpg\" sizes=\"auto\" loading=\"lazy\" data-src=\"http:\/\/latecordoba.com\/wp-content\/uploads\/2024\/01\/verano-caluroso-y-soleado-en-carlos-paz-1.jpg\" width=\"307px\" fetchpriority=\"low\" decoding=\"async\" height=\"173px\"><\/picture><\/figure>\n<p><\/a><\/div>\n<\/div>\n<\/article>\n<p>El r\u00edo y los espacios libres se podr\u00e1n disfrutar durante todo el fin de semana ya que <i><b>el clima permanecer\u00e1 c\u00e1lido y estar\u00e1 ideal para estar en la naturaleza.<\/b><\/i><\/p>\n","protected":false},"excerpt":{"rendered":"<p>El verano comenz\u00f3 a full en Villa Carlos Paz y el Servicio Meteorol\u00f3gico Nacional prev\u00e9 para este fin de semana importantes temperaturas que superar\u00e1n los 30 grados. Este s\u00e1bado la m\u00e1xima alcanzar\u00e1 los 33 grados y la m\u00ednima de 19, el cielo permanecer\u00e1 parcialmente soleado, con vientos leves de 13 a 22 km\/h. del sector [&hellip;]<\/p>\n","protected":false},"author":1,"featured_media":21040,"comment_status":"closed","ping_status":"closed","sticky":false,"template":"","format":"standard","meta":[],"categories":[15],"tags":[],"_links":{"self":[{"href":"https:\/\/latecordoba.com\/index.php\/wp-json\/wp\/v2\/posts\/21039"}],"collection":[{"href":"https:\/\/latecordoba.com\/index.php\/wp-json\/wp\/v2\/posts"}],"about":[{"href":"https:\/\/latecordoba.com\/index.php\/wp-json\/wp\/v2\/types\/post"}],"author":[{"embeddable":true,"href":"https:\/\/latecordoba.com\/index.php\/wp-json\/wp\/v2\/users\/1"}],"replies":[{"embeddable":true,"href":"https:\/\/latecordoba.com\/index.php\/wp-json\/wp\/v2\/comments?post=21039"}],"version-history":[{"count":0,"href":"https:\/\/latecordoba.com\/index.php\/wp-json\/wp\/v2\/posts\/21039\/revisions"}],"wp:featuredmedia":[{"embeddable":true,"href":"https:\/\/latecordoba.com\/index.php\/wp-json\/wp\/v2\/media\/21040"}],"wp:attachment":[{"href":"https:\/\/latecordoba.com\/index.php\/wp-json\/wp\/v2\/media?parent=21039"}],"wp:term":[{"taxonomy":"category","embeddable":true,"href":"https:\/\/latecordoba.com\/index.php\/wp-json\/wp\/v2\/categories?post=21039"},{"taxonomy":"post_tag","embeddable":true,"href":"https:\/\/latecordoba.com\/index.php\/wp-json\/wp\/v2\/tags?post=21039"}],"curies":[{"name":"wp","href":"https:\/\/api.w.org\/{rel}","templated":true}]}}