{"id":21035,"date":"2024-01-27T00:10:51","date_gmt":"2024-01-27T00:10:51","guid":{"rendered":"https:\/\/viapais.com.ar\/cordoba\/todo-lo-que-tenes-que-saber-del-partido-talleres-gimnasia-primera-fecha-copa-de-la-liga\/"},"modified":"2024-01-27T00:10:51","modified_gmt":"2024-01-27T00:10:51","slug":"talleres-perdio-en-el-debut-contra-gimnasia-de-la-plata-con-un-gol-en-contra","status":"publish","type":"post","link":"https:\/\/latecordoba.com\/index.php\/2024\/01\/27\/talleres-perdio-en-el-debut-contra-gimnasia-de-la-plata-con-un-gol-en-contra\/","title":{"rendered":"Talleres perdi\u00f3 en el debut contra Gimnasia de La Plata, con un gol en contra"},"content":{"rendered":"\n<p>El <a href=\"https:\/\/viapais.com.ar\/cordoba\/mas-jerarquia-para-talleres-el-delantero-gustavo-bou-esta-a-un-paso-de-ser-refuerzo\/\" target=\"_blank\" rel=\"noopener\"><b>Talleres<\/b><\/a><b> del nuevo DT <\/b><a href=\"https:\/\/viapais.com.ar\/cordoba\/walter-ribonetto-y-su-talleres-tenemos-jerarquia-y-vamos-a-competir-de-igual-a-igual\/\" target=\"_blank\" rel=\"noopener\"><b>Walter Ribonetto<\/b><\/a><b> <\/b>y de las ilusiones renovadas por un t\u00edtulo, dio el primer paso<b> frente a Gimnasia <\/b>de La Plata en el Kempes, por la<a href=\"https:\/\/viapais.com.ar\/cordoba\/la-foto-de-rodrigo-villagra-que-se-hizo-viral-y-da-pistas-de-su-futuro-en-talleres\/\" target=\"_blank\" rel=\"noopener\"><b> primera fecha de la Zona A de Copa <\/b><\/a>de la Liga. Y fue con el pie izquierdo, porque <b>perdi\u00f3 1 a 0 por el gol en contra de Mat\u00edas Catal\u00e1n<\/b> a los 25 minutos del segundo tiempo. La visita termin\u00f3 con 10, por la <b>expulsi\u00f3n del cordob\u00e9s Gustavo Canto. <\/b><\/p>\n<article class=\"article card videoCard \">\n<div class=\"article-inner \">\n<div class=\"article-image \"><a href=\"https:\/\/viapais.com.ar\/cordoba\/talleres-anuncio-un-record-con-la-nueva-camiseta-cuantas-vendio-en-cinco-dias\/\" title=\"Talleres anunci\u00f3 un r\u00e9cord con la nueva camiseta: \u00bfcu\u00e1ntas vendi\u00f3 en cinco d\u00edas?.\"><\/p>\n<figure><picture><img alt=\"Talleres anunci\u00f3 un r\u00e9cord con la nueva camiseta: \u00bfcu\u00e1ntas vendi\u00f3 en cinco d\u00edas?.\" class=\" block \" src=\"http:\/\/latecordoba.com\/wp-content\/uploads\/2024\/01\/talleres-perdio-en-el-debut-contra-gimnasia-de-la-plata-con-un-gol-en-contra.jpg\" sizes=\"auto\" loading=\"lazy\" data-src=\"http:\/\/latecordoba.com\/wp-content\/uploads\/2024\/01\/talleres-perdio-en-el-debut-contra-gimnasia-de-la-plata-con-un-gol-en-contra.jpg\" width=\"307px\" fetchpriority=\"low\" decoding=\"async\" height=\"173px\"><\/picture><\/figure>\n<p><\/a><\/div>\n<\/div>\n<\/article>\n<p>El \u201cTino\u201d Ribonetto dirigir\u00e1 por primera vez en Primera, en reemplazo de<b> Javier Gandolfi <\/b>y luego del amistoso con p\u00fablico frente con<b> derrota por 2 a 1 frente a Boca.<\/b> Es un a\u00f1o con cinco competencias, inclu\u00edda la fase de grupos de <b>Copa Libertadores, y el objetivo es un t\u00edtulo.<\/b><\/p>\n<article class=\"article card videoCard \">\n<div class=\"article-inner \">\n<div class=\"article-image \"><a href=\"https:\/\/viapais.com.ar\/cordoba\/valentin-depietri-su-objetivo-en-talleres-en-que-puesto-prefiere-jugar-y-el-duelo-con-el-chino-romero\/\" title=\"Valent\u00edn Depietri: su objetivo en Talleres, en que puesto prefiere jugar y el duelo con el Chino Romero.\"><\/p>\n<figure><picture><img alt=\"Valent\u00edn Depietri: su objetivo en Talleres, en que puesto prefiere jugar y el duelo con el Chino Romero.\" class=\" block \" src=\"http:\/\/latecordoba.com\/wp-content\/uploads\/2024\/01\/talleres-perdio-en-el-debut-contra-gimnasia-de-la-plata-con-un-gol-en-contra-1.jpg\" sizes=\"auto\" loading=\"lazy\" data-src=\"http:\/\/latecordoba.com\/wp-content\/uploads\/2024\/01\/talleres-perdio-en-el-debut-contra-gimnasia-de-la-plata-con-un-gol-en-contra-1.jpg\" width=\"307px\" fetchpriority=\"low\" decoding=\"async\" height=\"173px\"><\/picture><\/figure>\n<p><\/a><\/div>\n<\/div>\n<\/article>\n<h2 class><b>TALLERES, CON AUSENCIAS NOTORIAS Y REFUERZOS IMPORTANTES<\/b><\/h2>\n<p>Las sencibles bajas de <b>Rodrigo Garro \u2013se fue al Corinthians\u2013 y Rodrigo Villagra \u2013en conflicto con el club y muy cerca de River\u2013<\/b>, se hacen sentir en un Talleres que de todos modos conserva la base del a\u00f1o anterior, con un primer semestre sensacional.<\/p>\n<figure><picture><img alt=\"Amistoso Talleres Vs Boca Juniors en el Mario Alberto Kempes. (Facundo Luque \/ La Voz)\" class=\" block \" src=\"http:\/\/latecordoba.com\/wp-content\/uploads\/2024\/01\/talleres-perdio-en-el-debut-contra-gimnasia-de-la-plata-con-un-gol-en-contra-2.jpg\" sizes=\"auto\" loading=\"lazy\" data-src=\"http:\/\/latecordoba.com\/wp-content\/uploads\/2024\/01\/talleres-perdio-en-el-debut-contra-gimnasia-de-la-plata-con-un-gol-en-contra-2.jpg\" width=\"1023px\" fetchpriority=\"low\" decoding=\"async\" height=\"680px\"><\/picture><figcaption class>Amistoso Talleres Vs Boca Juniors en el Mario Alberto Kempes. (Facundo Luque \/ La Voz) Foto: Facundo Luque<\/figcaption><\/figure>\n<p>Y se sumaron los volantes centrales<b> Juan Portilla (colombiano) y Marcos Portillo<\/b>, el enlace<b> Rub\u00e9n Botta<\/b>, el extremo <b>Ramiro Ru\u00edz Rodr\u00edguez, el lateral derecho Alex Vigo y el lateral izquierdo venezolano Miguel Navarro.<\/b><\/p>\n<p>De ellos,<b> el \u00fanico titular seguro es Portilla<\/b>, sin que a\u00fan se sepa si el DT <b>arrancar\u00e1 con un sistema 4-3-3, como lo hizo contra Boca, o si optar\u00e1 por el 4-2-3-1 tradicional <\/b>en la era Gandolfi. En ese partido Luis Sequeira fue como interno a la izquierda y Ortegoza a la derecha del colombiano, mientras que m\u00e1s arriba se ubicaron <b>Valent\u00edn Depietri y Ram\u00f3n Sosa por las bandas y Nahuel Bustos<\/b> como centrodelantero.<\/p>\n<figure><picture><img alt=\"Amistoso Talleres Vs Boca Juniors en el Mario Alberto Kempes. (Facundo Luque \/ La Voz)\" class=\" block \" src=\"http:\/\/latecordoba.com\/wp-content\/uploads\/2024\/01\/talleres-perdio-en-el-debut-contra-gimnasia-de-la-plata-con-un-gol-en-contra-3.jpg\" sizes=\"auto\" loading=\"lazy\" data-src=\"http:\/\/latecordoba.com\/wp-content\/uploads\/2024\/01\/talleres-perdio-en-el-debut-contra-gimnasia-de-la-plata-con-un-gol-en-contra-3.jpg\" width=\"1023px\" fetchpriority=\"low\" decoding=\"async\" height=\"682px\"><\/picture><figcaption class>Amistoso Talleres Vs Boca Juniors en el Mario Alberto Kempes. (Facundo Luque \/ La Voz) Foto: Facundo Luque<\/figcaption><\/figure>\n<p>De utilizar el segundo dibujo t\u00e1ctico, <b>Ortegoza ir\u00eda al medio con Portilla, el talentoso Botta<\/b> como enlace y Ruiz Rodr\u00edguez el extremo derecho.<\/p>\n<h2 class><b>QU\u00c9 TIENE EL GIMNASIA QUE SIGUE EN PRIMERA<\/b><\/h2>\n<p>El DT de Gimnasia, Leo Madel\u00f3n, presentar\u00e1 los debuts de cuatro refuerzos: los dos laterales \u2013Juan de Dios Pintado por derecha y<b> el cordob\u00e9s Gustavo Canto por izquierda-, el ex-Talleres David Zalazar <\/b>como interno derecho y el centroatacante<b> Franco Troyanski.<\/b><\/p>\n<p>Adem\u00e1s, estar\u00e1 desde el arranque el juvenil extremo derecho del Lobo que Talleres desea contratar: <b>el juvenil Benjam\u00edn Dom\u00ednguez.<\/b><\/p>\n<h2 class><b>PROBABLES FORMACIONES DE TALLERES Y GIMNASIA<\/b><\/h2>\n<p><b>Talleres:<\/b> Guido Herrera; Gast\u00f3n Benavidez, Mat\u00edas Catal\u00e1n, Lucas Su\u00e1rez y Blas Riveros; Juan Camilo Portilla y Ulises Ortegoza; Valent\u00edn Depietri o Ramiro Ru\u00edz Rodr\u00edguez, Luis Sequeira o Rub\u00e9n Botta y Ram\u00f3n Sosa; Nahuel Bustos. DT: Walter Ribonetto.<\/p>\n<p><b>Gimnasia: <\/b>Nelson Insfr\u00e1n; Juan Pintado, Leonardo Morales, Yonathan Cabral y Gustavo Canto; David Zalazar, Rodrigo Saravia, Pablo De Blasis y Benjam\u00edn Dom\u00ednguez; Eric Ram\u00edrez y Franco Troyansky. DT: Leonardo Madel\u00f3n.<\/p>\n<ul>\n<li><span><b>Hora:<\/b> 19<\/span><\/li>\n<li><span><b>\u00c1rbitro:<\/b> Nazareno Arasa.<\/span><\/li>\n<li><span><b>Estadio<\/b>: Kempes<\/span><\/li>\n<li><span><b>TV:<\/b> ESPN Premium<\/span><\/li>\n<\/ul>\n","protected":false},"excerpt":{"rendered":"<p>El Talleres del nuevo DT Walter Ribonetto y de las ilusiones renovadas por un t\u00edtulo, dio el primer paso frente a Gimnasia de La Plata en el Kempes, por la primera fecha de la Zona A de Copa de la Liga. Y fue con el pie izquierdo, porque perdi\u00f3 1 a 0 por el gol [&hellip;]<\/p>\n","protected":false},"author":1,"featured_media":21036,"comment_status":"closed","ping_status":"closed","sticky":false,"template":"","format":"standard","meta":[],"categories":[15],"tags":[],"_links":{"self":[{"href":"https:\/\/latecordoba.com\/index.php\/wp-json\/wp\/v2\/posts\/21035"}],"collection":[{"href":"https:\/\/latecordoba.com\/index.php\/wp-json\/wp\/v2\/posts"}],"about":[{"href":"https:\/\/latecordoba.com\/index.php\/wp-json\/wp\/v2\/types\/post"}],"author":[{"embeddable":true,"href":"https:\/\/latecordoba.com\/index.php\/wp-json\/wp\/v2\/users\/1"}],"replies":[{"embeddable":true,"href":"https:\/\/latecordoba.com\/index.php\/wp-json\/wp\/v2\/comments?post=21035"}],"version-history":[{"count":0,"href":"https:\/\/latecordoba.com\/index.php\/wp-json\/wp\/v2\/posts\/21035\/revisions"}],"wp:featuredmedia":[{"embeddable":true,"href":"https:\/\/latecordoba.com\/index.php\/wp-json\/wp\/v2\/media\/21036"}],"wp:attachment":[{"href":"https:\/\/latecordoba.com\/index.php\/wp-json\/wp\/v2\/media?parent=21035"}],"wp:term":[{"taxonomy":"category","embeddable":true,"href":"https:\/\/latecordoba.com\/index.php\/wp-json\/wp\/v2\/categories?post=21035"},{"taxonomy":"post_tag","embeddable":true,"href":"https:\/\/latecordoba.com\/index.php\/wp-json\/wp\/v2\/tags?post=21035"}],"curies":[{"name":"wp","href":"https:\/\/api.w.org\/{rel}","templated":true}]}}