{"id":21024,"date":"2024-01-26T11:11:00","date_gmt":"2024-01-26T11:11:00","guid":{"rendered":"https:\/\/www.puntal.com.ar\/star\/terapia-alternativa-estrena-su-segunda-temporada-n210334"},"modified":"2024-01-26T11:11:00","modified_gmt":"2024-01-26T11:11:00","slug":"terapia-alternativa-estrena-su-segunda-temporada","status":"publish","type":"post","link":"https:\/\/latecordoba.com\/index.php\/2024\/01\/26\/terapia-alternativa-estrena-su-segunda-temporada\/","title":{"rendered":"&#8220;Terapia alternativa&#8221; estrena su segunda temporada"},"content":{"rendered":"\n<div><img decoding=\"async\" src=\"http:\/\/latecordoba.com\/wp-content\/uploads\/2024\/01\/terapia-alternativa-estrena-su-segunda-temporada.jpg\" class=\"ff-og-image-inserted\"><\/div>\n<div class=\"cuerpo\" data-twitter-link readability=\"51\">\n<p> Creada por la exitosa dupla de realizadores conformada por Mariano Cohn y Gast\u00f3n Duprat, la tira que en su primera entrega tuvo a Eugenia &#8220;La China&#8221; Su\u00e1rez y a Benjam\u00edn Vicu\u00f1a en los roles principales retorna con siete episodios de media hora cada uno, guionados por Daniel Katz y Alejandro Jovic.<\/p>\n<p>En esta tanda, Selva P\u00e9rez Salerno (Peterson), ya recibida finalmente como psic\u00f3loga y dispuesta a profundizar en sus m\u00e9todos en el consultorio, se encuentra con un nuevo desaf\u00edo que la conectar\u00e1 personalmente con su propio pasado y le abrir\u00e1 cuestionamientos sobre su futuro.<\/p>\n<div contenteditable=\"false\" class=\"embed_cont type_freetext\" rel=\"freetext\" id=\"embed1168_wrap\" data-provider=\"YouTube\" readability=\"32\">\n<p> Terapia Alternativa | Temporada 2 | Tr\u00e1iler Oficial | Star+<span onclick=\"parent.parent.TinyMCETdcuerpo.preview_embed('embed1168')\" class=\"embed_colapse less\" id=\"embed1168_colapse\"><\/span><span onclick=\"parent.parent.TinyMCETdcuerpo.delete_embed('embed1168')\" class=\"embed_delete less\" id=\"embed1168_delete\"><\/span><\/p>\n<div id=\"embed1168_content\" class=\"embed_content\">\n<p> <iframe loading=\"lazy\" width=\"200\" height=\"113\" src=\"https:\/\/www.youtube.com\/embed\/7_EvXeAVPUM?feature=oembed\" frameborder=\"0\" allow=\"accelerometer; autoplay; clipboard-write; encrypted-media; gyroscope; picture-in-picture; web-share\" allowfullscreen title=\"Terapia Alternativa | Temporada 2 | Tr\u00e1iler Oficial | Star+\">[embedded content]<\/iframe><\/p>\n<\/p><\/div>\n<\/p><\/div>\n<p>Quienes motoricen esa din\u00e1mica ser\u00e1n Serena (Siciliani), Dar\u00edo (Rovira) y Amadeo (Tort), una &#8220;trieja&#8221; que fluct\u00faa entre la separaci\u00f3n y la pasi\u00f3n irrefrenable; as\u00ed como Betty (Ana Mar\u00eda Cores) y Ra\u00fal (V\u00edctor Laplace), un matrimonio de reconocidos artistas del \u00e1mbito de la comedia musical que se llevan p\u00e9simo entre s\u00ed.<\/p>\n<p>M\u00e1s pol\u00e9mica y disruptiva que nunca, Selva dar\u00e1 la bienvenida a estos pacientes en una trama atravesada por temas de la actualidad como la vida en pareja, las relaciones poliamorosas, las formas que adoptan las familias contempor\u00e1neas, la fidelidad y los prejuicios sociales.<\/p>\n<p>Graciela Borges regresa una vez m\u00e1s al papel de Grace en el reparto de esta temporada, que tambi\u00e9n cuenta con la participaci\u00f3n de Daniel Cabot, Rafael Ferro, Malena Pichot, Carola Reyna y Marilina Bertoldi, entre m\u00e1s.<\/p>\n<p>Adem\u00e1s del estreno en streaming, los dos primeros cap\u00edtulos de esta entrega de &#8220;Terapia alternativa&#8221; tendr\u00e1n un preestreno el 27 de febrero a las 22 a trav\u00e9s de la pantalla de Star Channel, donde todos los martes se emitir\u00e1n dos nuevos episodios.<\/p>\n<\/div>\n","protected":false},"excerpt":{"rendered":"<p>\nLa continuidad de la comedia dram\u00e1tica protagonizada por Carla Peterseon, se podr\u00e1 ver desde el 28 de febrero  <\/p>\n","protected":false},"author":1,"featured_media":21025,"comment_status":"closed","ping_status":"closed","sticky":false,"template":"","format":"standard","meta":[],"categories":[14],"tags":[],"_links":{"self":[{"href":"https:\/\/latecordoba.com\/index.php\/wp-json\/wp\/v2\/posts\/21024"}],"collection":[{"href":"https:\/\/latecordoba.com\/index.php\/wp-json\/wp\/v2\/posts"}],"about":[{"href":"https:\/\/latecordoba.com\/index.php\/wp-json\/wp\/v2\/types\/post"}],"author":[{"embeddable":true,"href":"https:\/\/latecordoba.com\/index.php\/wp-json\/wp\/v2\/users\/1"}],"replies":[{"embeddable":true,"href":"https:\/\/latecordoba.com\/index.php\/wp-json\/wp\/v2\/comments?post=21024"}],"version-history":[{"count":0,"href":"https:\/\/latecordoba.com\/index.php\/wp-json\/wp\/v2\/posts\/21024\/revisions"}],"wp:featuredmedia":[{"embeddable":true,"href":"https:\/\/latecordoba.com\/index.php\/wp-json\/wp\/v2\/media\/21025"}],"wp:attachment":[{"href":"https:\/\/latecordoba.com\/index.php\/wp-json\/wp\/v2\/media?parent=21024"}],"wp:term":[{"taxonomy":"category","embeddable":true,"href":"https:\/\/latecordoba.com\/index.php\/wp-json\/wp\/v2\/categories?post=21024"},{"taxonomy":"post_tag","embeddable":true,"href":"https:\/\/latecordoba.com\/index.php\/wp-json\/wp\/v2\/tags?post=21024"}],"curies":[{"name":"wp","href":"https:\/\/api.w.org\/{rel}","templated":true}]}}