{"id":21016,"date":"2024-01-24T03:44:00","date_gmt":"2024-01-24T03:44:00","guid":{"rendered":"https:\/\/www.eldiariodeturismo.com.ar\/?p=241567"},"modified":"2024-01-24T03:44:00","modified_gmt":"2024-01-24T03:44:00","slug":"jetsmart-airlines-designa-a-stephen-johnson-de-american-airlines-como-miembro-de-su-junta-directiva","status":"publish","type":"post","link":"https:\/\/latecordoba.com\/index.php\/2024\/01\/24\/jetsmart-airlines-designa-a-stephen-johnson-de-american-airlines-como-miembro-de-su-junta-directiva\/","title":{"rendered":"JetSMART Airlines designa a Stephen Johnson de American Airlines como miembro de su Junta Directiva"},"content":{"rendered":"\n<p>JetSMART Airlines anunci\u00f3 que Stephen Johnson, vicepresidente y director de estrategia de American Airlines, ha sido nombrado miembro de su junta directiva.<\/p>\n<p>\u00abEs un honor darle la bienvenida a Steve a la junta directiva de JetSMART Airlines\u00bb, dijo Estuardo Ortiz, CEO de JetSMART. \u00abContribuye con m\u00e1s de 30 a\u00f1os de experiencia en liderazgo corporativo y en directorios. Su amplia visi\u00f3n de los negocios ser\u00e1 un activo clave para nuestros planes de expansi\u00f3n en Sudam\u00e9rica\u201d.<\/p>\n<p><img loading=\"lazy\" decoding=\"async\" class=\"size-medium wp-image-241569 alignright\" src=\"http:\/\/latecordoba.com\/wp-content\/uploads\/2024\/01\/jetsmart-airlines-designa-a-stephen-johnson-de-american-airlines-como-miembro-de-su-junta-directiva.jpg\" alt width=\"300\" height=\"238\" srcset=\"http:\/\/latecordoba.com\/wp-content\/uploads\/2024\/01\/jetsmart-airlines-designa-a-stephen-johnson-de-american-airlines-como-miembro-de-su-junta-directiva.jpg 300w, https:\/\/www.eldiariodeturismo.com.ar\/wp-content\/uploads\/2024\/01\/JETSMART-AIRLINES-DESIGNA-A-STEPHEN-JOHNSON-DE-AMERICAN-AIRLINES-COMO-MIEMBRO-DE-SU-JUNTA-DIRECTIVA2.jpg 378w\" sizes=\"(max-width: 300px) 100vw, 300px\">Como vicepresidente y director de estrategia de American, Steve lidera el trabajo relacionado con el dise\u00f1o y desarrollo de estrategias en toda la aerol\u00ednea, el enfoque de American en la econom\u00eda y su impacto en el negocio, as\u00ed como el desarrollo corporativo. Tambi\u00e9n brinda asesor\u00eda al CEO y a la junta directiva de American y colabora con el equipo de liderazgo senior en mercados clave y en temas de competencia; gobierno corporativo, prop\u00f3sito social y sostenibilidad; desarrollo de pol\u00edticas, asuntos exteriores y estrategia de relaciones laborales.<\/p>\n<p>Es profesor de Derecho de Berkeley y de la Escuela de Negocios Haas de la Universidad de California, Berkeley, y forma parte del Consejo Asesor Ejecutivo del Centro de Derecho y Negocios de la Universidad de Berkeley. Steve obtuvo su Maestr\u00eda en Administraci\u00f3n de Empresas y Juris Doctor de la Universidad de California, Berkeley, despu\u00e9s de comenzar su educaci\u00f3n universitaria en la Universidad de Washington y obtener una Licenciatura en Econom\u00eda en la Universidad Estatal de California, Sacramento.<\/p>\n<p>\u201cLa alianza de American con JetSMART abre un mundo de posibilidades para que nuestros clientes tengan acceso a la red m\u00e1s grande, las tarifas m\u00e1s bajas y el mejor programa de recompensas de viaje en Am\u00e9rica\u00bb, dijo Johnson. \u00abEstoy encantado de unirme a la junta directiva de JetSMART durante esta emocionante fase de nuestra asociaci\u00f3n\u00bb.<\/p>\n<p>Durante la primera reuni\u00f3n del directorio de Steve, celebrada en la matriz de JetSMART en Santiago, Andrew Broderick, Director General de Indigo Partners, coment\u00f3: \u201cEstamos orgullosos de tener a Steve en nuestro directorio. Su experiencia y conocimientos de la industria ser\u00e1n un gran activo a medida que ampliamos nuestra alianza con American y trabajamos hacia el objetivo de JetSMART que es conectar a 100 millones de pasajeros en Am\u00e9rica del Sur\u201d.<\/p>\n<h3><\/h3>\n<p><strong>La alianza entre JetSMART y American<\/strong><\/p>\n<p>En 2023, JetSMART Airlines y American Airlines lanzaron su alianza estrat\u00e9gica con la venta de vuelos con c\u00f3digo compartido entre Estados Unidos y Chile, iniciando la creaci\u00f3n de la red de rutas m\u00e1s grande de Am\u00e9rica, y con acceso a beneficios de viaje para los clientes de ambas aerol\u00edneas. La alianza incluye una amplia red de rutas de c\u00f3digo compartido y, a fines de 2024, agregar\u00e1 acceso para los clientes de JetSMART al programa de lealtad AAdvantage\u00ae de American.<\/p>\n<p>La alianza incluye una inversi\u00f3n minoritaria de American en JetSMART, que contribuir\u00e1 al desarrollo de la compa\u00f1\u00eda en Sudam\u00e9rica. La asociaci\u00f3n permitir\u00e1 a JetSMART expandirse en Am\u00e9rica Latina y contribuir a la econom\u00eda regional aumentando el dinamismo del turismo y otros sectores productivos en los que el transporte a\u00e9reo es fundamental.<\/p>\n<p>.<\/p>\n<p>FUENTE: MAGMA COMMS<\/p>\n","protected":false},"excerpt":{"rendered":"<p> JetSMART Airlines anunci\u00f3 que Stephen Johnson, vicepresidente y director de estrategia de American Airlines, ha sido nombrado miembro de su  <\/p>\n","protected":false},"author":1,"featured_media":21017,"comment_status":"open","ping_status":"closed","sticky":false,"template":"","format":"standard","meta":[],"categories":[19],"tags":[],"_links":{"self":[{"href":"https:\/\/latecordoba.com\/index.php\/wp-json\/wp\/v2\/posts\/21016"}],"collection":[{"href":"https:\/\/latecordoba.com\/index.php\/wp-json\/wp\/v2\/posts"}],"about":[{"href":"https:\/\/latecordoba.com\/index.php\/wp-json\/wp\/v2\/types\/post"}],"author":[{"embeddable":true,"href":"https:\/\/latecordoba.com\/index.php\/wp-json\/wp\/v2\/users\/1"}],"replies":[{"embeddable":true,"href":"https:\/\/latecordoba.com\/index.php\/wp-json\/wp\/v2\/comments?post=21016"}],"version-history":[{"count":0,"href":"https:\/\/latecordoba.com\/index.php\/wp-json\/wp\/v2\/posts\/21016\/revisions"}],"wp:featuredmedia":[{"embeddable":true,"href":"https:\/\/latecordoba.com\/index.php\/wp-json\/wp\/v2\/media\/21017"}],"wp:attachment":[{"href":"https:\/\/latecordoba.com\/index.php\/wp-json\/wp\/v2\/media?parent=21016"}],"wp:term":[{"taxonomy":"category","embeddable":true,"href":"https:\/\/latecordoba.com\/index.php\/wp-json\/wp\/v2\/categories?post=21016"},{"taxonomy":"post_tag","embeddable":true,"href":"https:\/\/latecordoba.com\/index.php\/wp-json\/wp\/v2\/tags?post=21016"}],"curies":[{"name":"wp","href":"https:\/\/api.w.org\/{rel}","templated":true}]}}