{"id":21005,"date":"2024-01-26T14:13:06","date_gmt":"2024-01-26T14:13:06","guid":{"rendered":"https:\/\/viapais.com.ar\/carlos-paz\/susto-en-el-aire-un-parapentista-aterrizo-de-emergencia-en-valle-hermoso-punilla\/"},"modified":"2024-01-26T14:13:06","modified_gmt":"2024-01-26T14:13:06","slug":"susto-en-el-aire-un-parapentista-aterrizo-de-emergencia-en-valle-hermoso-punilla","status":"publish","type":"post","link":"https:\/\/latecordoba.com\/index.php\/2024\/01\/26\/susto-en-el-aire-un-parapentista-aterrizo-de-emergencia-en-valle-hermoso-punilla\/","title":{"rendered":"Susto en el aire: un parapentista aterriz\u00f3 de emergencia en Valle Hermoso, Punilla"},"content":{"rendered":"<br \/>\n<section readability=\"17.713043478261\">\n<p>Un <i><b>parapentista de 63 a\u00f1os,<\/b><\/i> oriundo de<i><b> Colonia Caroya,<\/b><\/i><u><b> <\/b><\/u>protagoniz\u00f3 este jueves un aterrizaje de emergencia en Valle Hermoso.&nbsp;El hecho fue alertado a bomberos por personas que se encontraban en la pileta del complejo <i><b>AMCEP<\/b><\/i>, quienes advirtieron que el parapente <i>\u201ciba en ca\u00edda\u201d<\/i>.<\/p>\n<article class=\"article card \">\n<div class=\"article-inner \">\n<div class=\"article-image \"><a href=\"https:\/\/viapais.com.ar\/carlos-paz\/amor-en-carlos-paz-un-jubilado-le-pidio-matrimonio-a-su-novia-en-plena-funcion-teatral\/\" title=\"Foto: captura pantalla\"><\/p>\n<figure><picture><img alt=\"Foto: captura pantalla\" class=\" block \" src=\"http:\/\/latecordoba.com\/wp-content\/uploads\/2024\/01\/susto-en-el-aire-un-parapentista-aterrizo-de-emergencia-en-valle-hermoso-punilla.jpg\" sizes=\"auto\" loading=\"lazy\" width=\"307px\" fetchpriority=\"low\" decoding=\"async\" height=\"173px\"><\/picture><\/figure>\n<p><\/a><\/div>\n<\/div>\n<\/article>\n<p>El hombre hab\u00eda saltado desde la rampa de <i><b>Cuchi Corral, en La Cumbre,<\/b><\/i> uno de los lugares m\u00e1s populares para practicar este deporte extremo.&nbsp;Sin embargo, fue <i><b>envuelto por una corriente de aire y empujado hacia el sur, perdiendo el control de su equipo.<\/b><\/i><\/p>\n<article class=\"article card \">\n<div class=\"article-inner \">\n<div class=\"article-image \"><a href=\"https:\/\/viapais.com.ar\/carlos-paz\/premios-carlos-2024-se-conocieron-los-nominados-para-esta-edicion\/\" title=\"Premios Carlos\"><\/p>\n<figure><picture><img alt=\"Premios Carlos\" class=\" block \" src=\"http:\/\/latecordoba.com\/wp-content\/uploads\/2024\/01\/susto-en-el-aire-un-parapentista-aterrizo-de-emergencia-en-valle-hermoso-punilla-1.jpg\" sizes=\"auto\" loading=\"lazy\" data-src=\"http:\/\/latecordoba.com\/wp-content\/uploads\/2024\/01\/susto-en-el-aire-un-parapentista-aterrizo-de-emergencia-en-valle-hermoso-punilla-1.jpg\" width=\"307px\" fetchpriority=\"low\" decoding=\"async\" height=\"173px\"><\/picture><\/figure>\n<p><\/a><\/div>\n<\/div>\n<\/article>\n<p>La maniobra termin\u00f3 con un<i><b> aterrizaje forzoso<\/b><\/i> en un terreno bald\u00edo ubicado a 100 metros del complejo. El parapentista cay\u00f3 entre dos \u00e1rboles y qued\u00f3 colgando. Al lugar acudi\u00f3 una dotaci\u00f3n del <i><b>cuartel de bomberos local<\/b><\/i>, que lo asisti\u00f3 para bajar.&nbsp;<i><b>El hombre sufri\u00f3 apenas algunos rasgu\u00f1os y no requiri\u00f3 traslado al hospital.<\/b><\/i><\/p>\n<\/section>\n<div class=\"noreadme-audima\">\n<h2>Temas Relacionados<\/h2>\n<\/div>\n","protected":false},"excerpt":{"rendered":"<p>Un parapentista de 63 a\u00f1os, oriundo de Colonia Caroya, protagoniz\u00f3 este jueves un aterrizaje de emergencia en Valle Hermoso.&nbsp;El hecho fue alertado a bomberos por personas que se encontraban en la pileta del complejo AMCEP, quienes advirtieron que el parapente \u201ciba en ca\u00edda\u201d. El hombre hab\u00eda saltado desde la rampa de Cuchi Corral, en La [&hellip;]<\/p>\n","protected":false},"author":1,"featured_media":21006,"comment_status":"closed","ping_status":"closed","sticky":false,"template":"","format":"standard","meta":[],"categories":[15],"tags":[],"_links":{"self":[{"href":"https:\/\/latecordoba.com\/index.php\/wp-json\/wp\/v2\/posts\/21005"}],"collection":[{"href":"https:\/\/latecordoba.com\/index.php\/wp-json\/wp\/v2\/posts"}],"about":[{"href":"https:\/\/latecordoba.com\/index.php\/wp-json\/wp\/v2\/types\/post"}],"author":[{"embeddable":true,"href":"https:\/\/latecordoba.com\/index.php\/wp-json\/wp\/v2\/users\/1"}],"replies":[{"embeddable":true,"href":"https:\/\/latecordoba.com\/index.php\/wp-json\/wp\/v2\/comments?post=21005"}],"version-history":[{"count":0,"href":"https:\/\/latecordoba.com\/index.php\/wp-json\/wp\/v2\/posts\/21005\/revisions"}],"wp:featuredmedia":[{"embeddable":true,"href":"https:\/\/latecordoba.com\/index.php\/wp-json\/wp\/v2\/media\/21006"}],"wp:attachment":[{"href":"https:\/\/latecordoba.com\/index.php\/wp-json\/wp\/v2\/media?parent=21005"}],"wp:term":[{"taxonomy":"category","embeddable":true,"href":"https:\/\/latecordoba.com\/index.php\/wp-json\/wp\/v2\/categories?post=21005"},{"taxonomy":"post_tag","embeddable":true,"href":"https:\/\/latecordoba.com\/index.php\/wp-json\/wp\/v2\/tags?post=21005"}],"curies":[{"name":"wp","href":"https:\/\/api.w.org\/{rel}","templated":true}]}}