{"id":21003,"date":"2024-01-26T03:35:26","date_gmt":"2024-01-26T03:35:26","guid":{"rendered":"https:\/\/viapais.com.ar\/arroyito\/efectivos-de-la-comisaria-en-tu-barrio-lograron-detener-a-3-personas-y-secuestraron-el-vehiculo\/"},"modified":"2024-01-26T03:35:26","modified_gmt":"2024-01-26T03:35:26","slug":"efectivos-de-la-comisaria-en-tu-barrio-lograron-detener-a-3-personas-y-secuestraron-el-vehiculo","status":"publish","type":"post","link":"https:\/\/latecordoba.com\/index.php\/2024\/01\/26\/efectivos-de-la-comisaria-en-tu-barrio-lograron-detener-a-3-personas-y-secuestraron-el-vehiculo\/","title":{"rendered":"Efectivos de la \u201cComisar\u00eda en tu Barrio\u201d lograron detener a 3 personas y secuestraron el veh\u00edculo"},"content":{"rendered":"\n<p>Dentro del <b>Operativo Verano 2024<\/b>, uno de los puntos fuertes, es el <b>programa \u201cComisar\u00eda en tu Barrio\u201d <\/b>que est\u00e1 <b>ubicado de manera permanente en la Costanera del R\u00edo Xanaes <\/b>y que constantemente los efectivos realizan controles.<\/p>\n<figure><picture><img alt=\"Comisar\u00eda en tu barrio Polic\u00eda Arroyito\" class=\" block \" src=\"http:\/\/latecordoba.com\/wp-content\/uploads\/2024\/01\/efectivos-de-la-comisaria-en-tu-barrio-lograron-detener-a-3-personas-y-secuestraron-el-vehiculo.jpg\" sizes=\"auto\" loading=\"lazy\" data-src=\"http:\/\/latecordoba.com\/wp-content\/uploads\/2024\/01\/efectivos-de-la-comisaria-en-tu-barrio-lograron-detener-a-3-personas-y-secuestraron-el-vehiculo.jpg\" width=\"1023px\" fetchpriority=\"low\" decoding=\"async\" height=\"767px\"><\/picture><figcaption class>Comisar\u00eda en tu barrio Polic\u00eda Arroyito Foto: Polic\u00eda Arroyito<\/figcaption><\/figure>\n<p>Durante el <b>martes 23 de enero a las 19 hs.<\/b> los uniformados <b>observaron un veh\u00edculo Renault Logan <\/b>con <b>tres sujetos a bordo<\/b>.<\/p>\n<p>Proceden a ser controlados, <b>siendo 3 hombres que son de Frontera (Sta. Fe) y San Francisco, <\/b>quienes <b>ten\u00edan consigo documentaci\u00f3n falsa.<\/b> Adem\u00e1s <b>el dominio del veh\u00edculo no coincide con la numeraci\u00f3n de chasis y motor<\/b>, por lo que <b>se secuestra el veh\u00edculo.<\/b><\/p>\n<p>En ese momento <b>los polic\u00edas aprehenden a los ocupantes que quedan a disposici\u00f3n de la Fiscal\u00eda de Instrucci\u00f3n <\/b>de Feria.<\/p>\n","protected":false},"excerpt":{"rendered":"<p>Dentro del Operativo Verano 2024, uno de los puntos fuertes, es el programa \u201cComisar\u00eda en tu Barrio\u201d que est\u00e1 ubicado de manera permanente en la Costanera del R\u00edo Xanaes y que constantemente los efectivos realizan controles. Comisar\u00eda en tu barrio Polic\u00eda Arroyito Foto: Polic\u00eda Arroyito Durante el martes 23 de enero a las 19 hs. [&hellip;]<\/p>\n","protected":false},"author":1,"featured_media":21004,"comment_status":"closed","ping_status":"closed","sticky":false,"template":"","format":"standard","meta":[],"categories":[15],"tags":[],"_links":{"self":[{"href":"https:\/\/latecordoba.com\/index.php\/wp-json\/wp\/v2\/posts\/21003"}],"collection":[{"href":"https:\/\/latecordoba.com\/index.php\/wp-json\/wp\/v2\/posts"}],"about":[{"href":"https:\/\/latecordoba.com\/index.php\/wp-json\/wp\/v2\/types\/post"}],"author":[{"embeddable":true,"href":"https:\/\/latecordoba.com\/index.php\/wp-json\/wp\/v2\/users\/1"}],"replies":[{"embeddable":true,"href":"https:\/\/latecordoba.com\/index.php\/wp-json\/wp\/v2\/comments?post=21003"}],"version-history":[{"count":0,"href":"https:\/\/latecordoba.com\/index.php\/wp-json\/wp\/v2\/posts\/21003\/revisions"}],"wp:featuredmedia":[{"embeddable":true,"href":"https:\/\/latecordoba.com\/index.php\/wp-json\/wp\/v2\/media\/21004"}],"wp:attachment":[{"href":"https:\/\/latecordoba.com\/index.php\/wp-json\/wp\/v2\/media?parent=21003"}],"wp:term":[{"taxonomy":"category","embeddable":true,"href":"https:\/\/latecordoba.com\/index.php\/wp-json\/wp\/v2\/categories?post=21003"},{"taxonomy":"post_tag","embeddable":true,"href":"https:\/\/latecordoba.com\/index.php\/wp-json\/wp\/v2\/tags?post=21003"}],"curies":[{"name":"wp","href":"https:\/\/api.w.org\/{rel}","templated":true}]}}