{"id":21001,"date":"2024-01-26T02:06:46","date_gmt":"2024-01-26T02:06:46","guid":{"rendered":"http:\/\/b95ea3d26f579ba867aa48e5fa7fad63"},"modified":"2024-01-26T02:06:46","modified_gmt":"2024-01-26T02:06:46","slug":"milei-echo-a-ferraro-y-transfirio-todo-su-ministerio-a-caputo-que-queda-como-superministro","status":"publish","type":"post","link":"https:\/\/latecordoba.com\/index.php\/2024\/01\/26\/milei-echo-a-ferraro-y-transfirio-todo-su-ministerio-a-caputo-que-queda-como-superministro\/","title":{"rendered":"Milei echo a Ferraro y transfiri\u00f3 todo su ministerio a Caputo que queda como superministro"},"content":{"rendered":"\n<div class=\"media_block\"><img decoding=\"async\" src=\"http:\/\/latecordoba.com\/wp-content\/uploads\/2024\/01\/milei-echo-a-ferraro-y-transfirio-todo-su-ministerio-a-caputo-que-queda-como-superministro.jpg\"><\/div>\n<div><img decoding=\"async\" src=\"http:\/\/latecordoba.com\/wp-content\/uploads\/2024\/01\/milei-echo-a-ferraro-y-transfirio-todo-su-ministerio-a-caputo-que-queda-como-superministro-1.jpg\" class=\"ff-og-image-inserted\"><\/div>\n<p>Javier Milei resolvi\u00f3 desplazar esta noche al ministro de Infraestructura, Guillermo Ferraro, a quien acusa de una serie de filtraciones que se dieron luego de las reuniones de gabinete que se realizan esta semana.<\/p>\n<p>LPO hab\u00eda adelantado que se hablaba de una renuncia inminente de Ferraro, luego que el propio gobierno dejara trascender por los medios que un ministro iba a ser eyectado por el goteo de informaci\u00f3n sensible.<\/p>\n<p>Ferraro no tendr\u00e1 sucesor. Infraestructura pasar\u00e1 a convertirse en una secretar\u00eda y todo su gabinete quedar\u00e1 bajo la \u00f3rbita del ministro de Econom\u00eda, Luis Caputo, que ahora queda como superministro. <\/p>\n<p>Durante la campa\u00f1a, Ferraro se encarg\u00f3 de la fiscalizaci\u00f3n de La Libertad Avanza (LLA) y es el primer ministro en ser desplazado del gabinete a 45 d\u00edas del comienzo de la administraci\u00f3n libertaria.<\/p>\n<p><a href=\"https:\/\/www.lapoliticaonline.com\/tools\/redirect.php?t=3&amp;i=280347&amp;s=ca197d54010a82823ab8b25b903c08d1\" class=\"link-type-content content-type-noticia-ar\">En el gobierno hablan de una renuncia inminente de Ferraro&nbsp;<\/a><\/p>\n<p>Las filtraciones fueron varias en las \u00faltimas reuniones. LPO adelant\u00f3 que la canciller Diana Mondino <a href=\"https:\/\/www.lapoliticaonline.com\/politica\/mondino-tuvo-que-dar-explicaciones-en-el-reunion-de-gabinete-por-la-relacion-con-taiwan\/\">tuvo que dar explicaciones a Milei<\/a> por el conflicto con China, principal socio comercial de Argentina junto con Brasil.<\/p>\n<p>Tambi\u00e9n surgi\u00f3 de una reuni\u00f3n de gabinete <a href=\"https:\/\/www.lapoliticaonline.com\/politica\/milei-uso-al-presidente-del-banco-central-en-la-ofensiva-para-disciplinar-a-los-gobernadores\/\">la ofensiva contra los gobernadores<\/a> y el rol que ocupar\u00eda el presidente del Banco Central, Santiago Bausili, para disciplinarlos.<\/p>\n<p>En el gabinete se coordin\u00f3 con Bausili dejar trascender que el Central iba a pisar el env\u00edo de los fondos de coparticipaci\u00f3n a las provincias, que por ley se deben girar de manera autom\u00e1tica.<\/p>\n<p>Pero las filtraciones en la reuni\u00f3n de hoy colmaron la paciencia del Presidente. &#8220;Los voy a dejar sin un peso, los voy a fundir a todos&#8221;, dijo Milei ante sus ministros molesto porque los gobernadores. La frase la reprodujo Clar\u00edn y enfureci\u00f3 a los jefes provinciales. <\/p>\n<p>LPO hab\u00eda revelado en su momento que Ferraro sufr\u00eda el asedio del jefe de Gabinete, Nicol\u00e1s Posse, que en los hechos <a href=\"https:\/\/www.lapoliticaonline.com\/tools\/redirect.php?t=3&amp;i=279739&amp;s=1c5668e8bb2b72ef4267844e9b2944c4\">le intervino el ministerio<\/a>. <\/p>\n<p><a href=\"https:\/\/www.lapoliticaonline.com\/tools\/redirect.php?t=3&amp;i=280177&amp;s=2844e2d541792b9eba39e6fcb0004bde\" class=\"link-type-content content-type-noticia-ar\">Golpe del Grupo Marlboro: corren al dos de Serenellini que no lleg\u00f3 a ser oficializado<\/a><\/p>\n<p>Durante la tarde se sospech\u00f3 que el pedido de renuncia recaer\u00eda sobre el ministro del Interior, Guillermo Francos, que viene manteniendo discusiones con varios ministros, pero en particular con el jefe de Gabinete.<\/p>\n<p>En tanto, el secretario de Medios, Eduardo Serenellini, tambi\u00e9n est\u00e1 atravesando un mal momento. Es sospechado de ser la fuente de filtraciones, en su caso m\u00e1s por torpeza que por decisi\u00f3n. <\/p>\n<p>Serenellini se suma as\u00ed a la lista corta de funcionarios con pron\u00f3stico de ca\u00edda m\u00e1s o menos r\u00e1pida y de hecho esta semana tuvo que entregar a su segundo Alejandro Perandones.<\/p>\n","protected":false},"excerpt":{"rendered":"\n<div class=\"media_block\"><img decoding=\"async\" src=\"http:\/\/latecordoba.com\/wp-content\/uploads\/2024\/01\/milei-echo-a-ferraro-y-transfirio-todo-su-ministerio-a-caputo-que-queda-como-superministro.jpg\"><\/div>\n<p>El Presidente acusa al ahora ex ministro de Infraestructura de ser la fuente de las filtraciones. Ven\u00eda de mantener roces con Nicol\u00e1s Posse.  <\/p>\n","protected":false},"author":1,"featured_media":21002,"comment_status":"closed","ping_status":"closed","sticky":false,"template":"","format":"standard","meta":[],"categories":[18],"tags":[],"_links":{"self":[{"href":"https:\/\/latecordoba.com\/index.php\/wp-json\/wp\/v2\/posts\/21001"}],"collection":[{"href":"https:\/\/latecordoba.com\/index.php\/wp-json\/wp\/v2\/posts"}],"about":[{"href":"https:\/\/latecordoba.com\/index.php\/wp-json\/wp\/v2\/types\/post"}],"author":[{"embeddable":true,"href":"https:\/\/latecordoba.com\/index.php\/wp-json\/wp\/v2\/users\/1"}],"replies":[{"embeddable":true,"href":"https:\/\/latecordoba.com\/index.php\/wp-json\/wp\/v2\/comments?post=21001"}],"version-history":[{"count":0,"href":"https:\/\/latecordoba.com\/index.php\/wp-json\/wp\/v2\/posts\/21001\/revisions"}],"wp:featuredmedia":[{"embeddable":true,"href":"https:\/\/latecordoba.com\/index.php\/wp-json\/wp\/v2\/media\/21002"}],"wp:attachment":[{"href":"https:\/\/latecordoba.com\/index.php\/wp-json\/wp\/v2\/media?parent=21001"}],"wp:term":[{"taxonomy":"category","embeddable":true,"href":"https:\/\/latecordoba.com\/index.php\/wp-json\/wp\/v2\/categories?post=21001"},{"taxonomy":"post_tag","embeddable":true,"href":"https:\/\/latecordoba.com\/index.php\/wp-json\/wp\/v2\/tags?post=21001"}],"curies":[{"name":"wp","href":"https:\/\/api.w.org\/{rel}","templated":true}]}}