{"id":20989,"date":"2024-01-25T12:11:00","date_gmt":"2024-01-25T12:11:00","guid":{"rendered":"https:\/\/www.puntal.com.ar\/cultura\/cultura-verano-n210293"},"modified":"2024-01-25T12:11:00","modified_gmt":"2024-01-25T12:11:00","slug":"cultura-en-verano","status":"publish","type":"post","link":"https:\/\/latecordoba.com\/index.php\/2024\/01\/25\/cultura-en-verano\/","title":{"rendered":"Cultura en verano\u00a0"},"content":{"rendered":"\n<div><img decoding=\"async\" src=\"http:\/\/latecordoba.com\/wp-content\/uploads\/2024\/01\/cultura-en-verano.jpg\" class=\"ff-og-image-inserted\"><\/div>\n<p> <strong>NOCHE DE TANGO <\/strong><\/p>\n<p>Esta noche a las 20.30hs. en la <strong>Herradura del Andino<\/strong>, en la continuidad del ciclo Un Verano en la Estaci\u00f3n, se realiza una nueva <strong>Noche de Tango<\/strong> con las voces de Marcelo Griffa, \u201cLul\u00fa\u201d, Alejandra Soaje, Tito Cabrera y Ra\u00fal Hidaldo, acompa\u00f1ados por los m\u00fasicos Santiago Llanes en piano y Sergio Calder\u00f3n en guitarra. Entrada libre y gratuita. No se suspende por mal tiempo. <\/p>\n<p><strong>SILVINA REQUELME + MATEO \u00c1BALO <\/strong><\/p>\n<p>Esta noche a las 22hs. en la <strong>Plaza del Pueblo<\/strong> (Viejo Mercado), en la continuidad del ciclo <strong>Noches bajo el mismo cielo<\/strong>, se presentan los artistas <strong>Silvina Requelme y Mateo Abalo<\/strong>. Entrada libre y gratuita. No se suspende por mal tiempo. <\/p>\n<p>Silviana y Mateo presentan el espect\u00e1culo &#8220;Serenatas&#8221;, recorrido por un repertorio compuesto con canciones de autores argentinos y latinoamericanos, que forman parte de un proyecto que tiene como objetivo reivindicar y recuperar la antigua costumbre de regalar serenatas. <\/p>\n<p><strong>LA BORDONA Y LOS HERMANOS CAFFARO <\/strong><\/p>\n<p>Ma\u00f1ana a las 20hs. en la <strong>Explanada del Galp\u00f3n Blanco<\/strong> del Andino, en la continuidad del ciclo <strong>Un Verano en la Estaci\u00f3n<\/strong>, doble propuesta folkl\u00f3rica con las actuaciones del ensamble folkl\u00f3rico <strong>La Bordona<\/strong> y el grupo <strong>Los Hermanos Caffaro<\/strong>, integrado por Alberto y Ramiro Caffaro junto al bombisto Carlos Zabala. No se suspende por mal tiempo. <\/p>\n<p><strong>INFANTILES: EL MARAVILLOSO MUNDO RECICLADO DE PLASTIK\u00cdN <\/strong><\/p>\n<p>Ma\u00f1ana<strong><\/strong>a las 21hs. en la <strong>Plaza del Pueblo<\/strong> (Viejo Mercado), se suma una propuesta para toda la familia con la obra <strong>El maravilloso mundo reciclado de Plastik\u00edn,<\/strong> a cargo de<strong><\/strong> Teatro el Chifl\u00f3n. <\/p>\n<p><strong>SKAMANIACS-TRIBUTO A SKATALITES <\/strong><\/p>\n<p>El s\u00e1bado a las 21hs. en la <strong>Herradura del Andino<\/strong>, en la continuidad del ciclo <strong>Un Verano en la Estaci\u00f3n<\/strong>, noche de rock con la presentaci\u00f3n de la agrupaci\u00f3n <strong>Skamaniacs<\/strong> y su <strong>Tributo a Skatalites<\/strong>. No se suspende por mal tiempo. <\/p>\n<p><strong>AUTOS Y MOTOS ANTIGUOS.-<\/strong> El s\u00e1bado 27, desde las 19hs. en la Herradura del Andino, se realiza la quinta edici\u00f3n de la Exposici\u00f3n de Motos y Autos antiguos. Organiza: A.V.A.R. <\/p>\n<p><strong>NOCHES DE DJS RETRO <\/strong><\/p>\n<p>El s\u00e1bado a las 21hs. en la <strong>Plaza del Pueblo<\/strong> (Viejo Mercado), comienza un nuevo ciclo gratuito al aire libre: <strong>Noches de Djs Retro 70-80-90<\/strong>. No se suspende por mal tiempo. <\/p>\n<p><strong>INFANTILES: MOLESTIO Y SUS ENOJOS <\/strong><\/p>\n<p>El domingo a las 20hs. en la <strong>Explanada del Galp\u00f3n Blanco del Andino<\/strong>, en la continuidad del ciclo <strong>Un Verano en la Estaci\u00f3n<\/strong>, sube a escena la obra <strong>Molestio y sus enojos<\/strong>, a cargo de la compa\u00f1\u00eda de teatro de mu\u00f1ecos <strong>La Pandora<\/strong>. Espect\u00e1culo para toda la familia. No se suspende por mal tiempo. <\/p>\n<p><strong>Y adem\u00e1s <\/strong><\/p>\n<p><strong> MARIO DEVALIS-CHECHELOS <\/strong><\/p>\n<p>Finalmente el Teatro Municipal abrir\u00e1 sus puertas en verano despu\u00e9s de muchos a\u00f1os para recibir dos espect\u00e1culos con renombradas figuras. A saber: <\/p>\n<p>Ma\u00f1ana a las 21.30hs. el reconocido humorista e imitador cordob\u00e9s <strong>Mario Devalis<\/strong> presenta su nuevo espect\u00e1culo Si yo les contara. Fila 1 a 10 $ 5.200 las primeras 100 entradas.<\/p>\n<p>El s\u00e1bado a las 21hs. con una entrada general de $4500, se presenta el grupo folkl\u00f3rico argentino <strong>CheChelos,<\/strong> integrado por los chelistas Ramiro Zarate Gigli y Mauro Sarachian, junto a una bombista y una guitarrista. <\/p>\n<p><strong>INDISCIPLINADA EN EL MASCAVIENTO <\/strong><\/p>\n<p>El s\u00e1bado a las 21hs. en el <strong>Mascaviento Teatro<\/strong> (Av. Marconi 727), sube a escena la obra <strong>Indisciplinada<\/strong>, por el grupo Eventuales de Tanti (C\u00f3rdoba). Entrada libre, salida a la gorra! <\/p>\n<p>Teatro en el Mascavientol junto al Programa Itinerantes de verano de la Agencia C\u00f3rdoba Cultura. Cupo limitado, reservas al 3584231465. <\/p>\n<p><strong>Talleres <\/strong><\/p>\n<p><strong> Taller de lectura y escritura <\/strong><\/p>\n<p><strong> Jueves 25 de enero<\/strong>. 18hs. Casa de la Poes\u00eda (Echeverr\u00eda e Ituzaing\u00f3) <\/p>\n<p>La permanencia de los bosques. Coordina: Szabine Vollenweider. Propuesta gratuita. <\/p>\n<p><strong>C\u00f3mo sue\u00f1an los paisajes <\/strong><\/p>\n<p><strong> Viernes 26 de enero.<\/strong> 19.30hs. Casa de la Poes\u00eda (Echeverr\u00eda e Ituzaing\u00f3) <\/p>\n<p>Edici\u00f3n poes\u00eda y ecolog\u00eda. Leen: Szabine Vollenweider, Ailin Gatica, Marcelo Fagiano y Eda Nicola. M\u00fasica a cargo de La Lumbre. <\/p>\n<p><strong>Taller de escritura de cuentos de ciencia ficci\u00f3n <\/strong><\/p>\n<p><strong> Viernes 26 de enero y 2 de febrero.<\/strong> Biblioteca Personal Juan Filloy-Col\u00f3n 149, 1\u00b0 Piso. C. C. Trapalanda. 19hs. <\/p>\n<p>Proyecto Kippel. Dirigido a mayores de 15 a\u00f1os. Cupo m\u00e1ximo 10 personas. <\/p>\n<p>Informes e inscripci\u00f3n IG\/ bibliopersonaljuanfilloy <\/p>\n<p><strong>Lo que vendr\u00e1 <\/strong><\/p>\n<p><strong> Mi\u00e9rcoles 31 de enero.<\/strong> 21hs. Explanada del Galp\u00f3n Blanco <\/p>\n<p>Ciclo Industria Nacional, cine al aire libre: proyecci\u00f3n de la pel\u00edcula <strong>Cuando acecha la maldad<\/strong> de Demi\u00e1n Rugna. <\/p>\n<p><strong>Mi\u00e9rcoles 31 de enero.<\/strong> 21hs. Plaza del Pueblo. Viejo Mercado. <\/p>\n<p>Ciclo Cantoras: versiones ac\u00fasticas de rock nacional e internacional junto al <strong>d\u00fao Flora<\/strong>, integrado por Florencia di Paola en voz, guitarra ac\u00fastica y piano y Mauricio Silva en percusi\u00f3n y bajo. No se suspende por lluvia. <\/p>\n<p><strong>Jueves 1 de febrero.<\/strong> 20.30hs. Herradura del Andino <\/p>\n<p>Ciclo Un Verano en la Estaci\u00f3n. <strong>Noche de Tango<\/strong>. Voces de Carito Gallo, Jorge S\u00e1nchez, Nino Canonero, Eduardo Bianco, Miguel A. Cavallini. M\u00fasicos: Pablo Patta en piano y Juan Zabala en guitarra.<\/p>\n<p><strong>Viernes 2 de febrero<\/strong>. 20hs. Explanada del Galp\u00f3n Blanco <\/p>\n<p>Ciclo Un Verano en la Estaci\u00f3n. Folclore junto a <strong>Diego Gonz\u00e1lez<\/strong> y m\u00fasicos invitados. <\/p>\n<p><strong>Viernes 2 de febrero<\/strong>. 21hs. Plaza del Pueblo. Viejo Mercado <\/p>\n<p>Obra a cargo de Kika Producciones. <\/p>\n<p><strong>S\u00e1bado 3 de febrero.<\/strong> 21hs. Herradura del Andino. <\/p>\n<p>Ciclo Un Verano en la Estaci\u00f3n: la banda <strong>Aeroplane <\/strong>presenta el <strong>Tributo a Red Hot Chili Peppers. <\/strong>(Espect\u00e1culo reprogramado). <\/p>\n<p><strong>Domingo 4 de febrero.<\/strong> 20hs. Explanada del Galp\u00f3n Blanco<\/p>\n<p>Ciclo Un Verano en la Estaci\u00f3n: <strong>Valija Tour<\/strong>, variet\u00e9 de circo a cargo de Circo en Acci\u00f3n. <\/p>\n<p><strong>Domingo 4 de febrero.<\/strong> 21hs. Teatro Municipal. Entradas: 3500-3000 <\/p>\n<p>El destacado folklorista tucumano <strong>Juan Fal\u00fa<\/strong> presenta el espect\u00e1culo A solas con su guitarra. <\/p>\n<div contenteditable=\"false\" class=\"embed_cont type_freetext\" rel=\"freetext\" id=\"embed5982_wrap\" data-provider=\"YouTube\" readability=\"32\">\n<p> Juan Fal\u00fa &#8211; Como al aire<span onclick=\"parent.parent.TinyMCETdcuerpo.preview_embed('embed5982')\" class=\"embed_colapse less\" id=\"embed5982_colapse\"><\/span><span onclick=\"parent.parent.TinyMCETdcuerpo.delete_embed('embed5982')\" class=\"embed_delete less\" id=\"embed5982_delete\"><\/span><\/p>\n<div id=\"embed5982_content\" class=\"embed_content\">\n<p> <iframe loading=\"lazy\" width=\"200\" height=\"113\" src=\"https:\/\/www.youtube.com\/embed\/s31sMyLvlJc?feature=oembed\" frameborder=\"0\" allow=\"accelerometer; autoplay; clipboard-write; encrypted-media; gyroscope; picture-in-picture; web-share\" allowfullscreen title=\"Juan Fal\u00fa - Como al aire\">[embedded content]<\/iframe><\/p>\n<\/p><\/div>\n<\/p><\/div>\n<p><strong> Mi\u00e9rcoles 7 de febrero.<\/strong> 21hs. Plaza del Pueblo-Viejo Mercado <\/p>\n<p>Ciclo Cantoras: <strong>Anto Felicevich<\/strong>, acompa\u00f1a en guitarra y voces por \u00c1ngel Demian, presenta su propuesta de folk\/rock\/indie fusi\u00f3n. <\/p>\n<p><strong>Jueves 8 de febrero.<\/strong> 22hs. Plaza del Pueblo-Viejo Mercado <\/p>\n<p>Ciclo Noches bajo el mismo cielo. Se presenta <strong>Sim\u00f3n Dice<\/strong>, banda de rock progresivo local, con matices de fusi\u00f3n jazz y pop. <\/p>\n<p><strong>Viernes 9 de febrero<\/strong>. 21hs. Plaza del Pueblo. Viejo Mercado <\/p>\n<p>La <strong>Compa\u00f1\u00eda Circo Quinoa<\/strong> presenta el espect\u00e1culo <strong>Celebrando la ni\u00f1ez. <\/strong><\/p>\n<p><strong> S\u00e1bado 10 de febrero.<\/strong> 21hs. Herradura del Andino. <\/p>\n<p>Ciclo Un Verano en la Estaci\u00f3n: noche de rock con<strong> TDK<\/strong> (Temas De Kassette). Cl\u00e1sicos de rock nacional e internacional. Integrantes: Florencia di Paola: voz y guitarra ac\u00fastica, Mauricio Silva: bajo y coros y Mario P\u00e9rez: bater\u00eda y coros. <\/p>\n<p><strong>Domingo 11 de febrero.<\/strong> 20hs. Explanada del Galp\u00f3n Blanco<\/p>\n<p>Ciclo Un Verano en la Estaci\u00f3n: Teatro de T\u00edteres y Marionetas Colibr\u00ed (Venezuela-Argentina) presenta <strong>Erase una vez tres historias cortas.<\/strong><\/p>\n<p><strong> Mi\u00e9rcoles 14 de febrero.<\/strong> 21hs. Plaza del Pueblo-Viejo Mercado <\/p>\n<p>Ciclo Cantoras: <strong>Jimena D\u00edaz y Mariela Gregorat<\/strong> presentan su propuesta de pop latino-mexicano. <\/p>\n<p><strong>Jueves 15 de febrero.<\/strong> 22hs. Plaza del Pueblo-Viejo Mercado <\/p>\n<p>Ciclo Noches bajo el mismo cielo. Se presenta el D\u00fao Tagini-Merlino, ensamble de bandone\u00f3n-canto de tango y m\u00fasicas del mundo. <\/p>\n<p><strong>Domingo 18 de febrero.<\/strong> 20hs. Explanada del Galp\u00f3n Blanco<\/p>\n<p>Ciclo Un Verano en la Estaci\u00f3n: Teatro el Chifl\u00f3n presenta <strong>El maravilloso mundo reciclado de Plastik\u00edn. <\/strong><\/p>\n<p><strong> Mi\u00e9rcoles 21 de febrero.<\/strong> 21h. Plaza del Pueblo-Viejo Mercado <\/p>\n<p>Ciclo Cantoras: <strong>Valeria Ghizzi<\/strong> presenta Historias Reales, canciones propias con fusi\u00f3n de rock punk y folk. <\/p>\n<p><strong>Mi\u00e9rcoles 28 de febrero.<\/strong> 21h. Plaza del Pueblo-Viejo Mercado <\/p>\n<p>Ciclo Cantoras: <strong>Ivana Lucero y Claudia Arneodo<\/strong> presentan su propuesta de pop-latino. <\/p>\n","protected":false},"excerpt":{"rendered":"<p>\nContin\u00faa la programaci\u00f3n gratuita en la temporada estival  <\/p>\n","protected":false},"author":1,"featured_media":20990,"comment_status":"closed","ping_status":"closed","sticky":false,"template":"","format":"standard","meta":[],"categories":[14],"tags":[],"_links":{"self":[{"href":"https:\/\/latecordoba.com\/index.php\/wp-json\/wp\/v2\/posts\/20989"}],"collection":[{"href":"https:\/\/latecordoba.com\/index.php\/wp-json\/wp\/v2\/posts"}],"about":[{"href":"https:\/\/latecordoba.com\/index.php\/wp-json\/wp\/v2\/types\/post"}],"author":[{"embeddable":true,"href":"https:\/\/latecordoba.com\/index.php\/wp-json\/wp\/v2\/users\/1"}],"replies":[{"embeddable":true,"href":"https:\/\/latecordoba.com\/index.php\/wp-json\/wp\/v2\/comments?post=20989"}],"version-history":[{"count":0,"href":"https:\/\/latecordoba.com\/index.php\/wp-json\/wp\/v2\/posts\/20989\/revisions"}],"wp:featuredmedia":[{"embeddable":true,"href":"https:\/\/latecordoba.com\/index.php\/wp-json\/wp\/v2\/media\/20990"}],"wp:attachment":[{"href":"https:\/\/latecordoba.com\/index.php\/wp-json\/wp\/v2\/media?parent=20989"}],"wp:term":[{"taxonomy":"category","embeddable":true,"href":"https:\/\/latecordoba.com\/index.php\/wp-json\/wp\/v2\/categories?post=20989"},{"taxonomy":"post_tag","embeddable":true,"href":"https:\/\/latecordoba.com\/index.php\/wp-json\/wp\/v2\/tags?post=20989"}],"curies":[{"name":"wp","href":"https:\/\/api.w.org\/{rel}","templated":true}]}}