{"id":20987,"date":"2024-01-25T17:58:45","date_gmt":"2024-01-25T17:58:45","guid":{"rendered":"https:\/\/viapais.com.ar\/estilo\/como-son-y-cuanto-salen-las-cunas-que-eligieron-daniela-celis-y-thiago-medina-para-sus-gemelas\/"},"modified":"2024-01-25T17:58:45","modified_gmt":"2024-01-25T17:58:45","slug":"como-son-y-cuanto-salen-las-cunas-que-eligieron-daniela-celis-y-thiago-medina-para-sus-gemelas","status":"publish","type":"post","link":"https:\/\/latecordoba.com\/index.php\/2024\/01\/25\/como-son-y-cuanto-salen-las-cunas-que-eligieron-daniela-celis-y-thiago-medina-para-sus-gemelas\/","title":{"rendered":"C\u00f3mo son y cu\u00e1nto salen las cunas que eligieron Daniela Celis y Thiago Medina para sus gemelas"},"content":{"rendered":"<br \/>\n<section readability=\"31.851719517642\">\n<p><a href=\"https:\/\/viapais.com.ar\/entretenimiento\/el-dulce-gesto-de-romina-uhrig-con-daniela-celis-a-pocos-dias-de-dar-a-luz-a-las-gemelas\/\" target=\"_blank\" rel=\"noopener\"><b>Daniela Celis <\/b><\/a>y<a href=\"https:\/\/viapais.com.ar\/estilo\/colores-pasteles-y-muchos-peluches-asi-es-la-habitacion-de-las-gemelas-de-daniela-celis\/\" target=\"_blank\" rel=\"noopener\"> <b>Thiago Medina<\/b><\/a> viven un gran momento personal. <i><b>Tras salir de la casa de Gran Hermano 2023 sellaron su amor y decidieron formar una familia.<\/b><\/i> A pocos d\u00edas de ser padres de gemelas, a las que llamar\u00e1n <i><b>Aime y Laia <\/b><\/i>compartieron en Instagram los muebles y decoraci\u00f3n que eligieron para la habitaci\u00f3n de las peque\u00f1as.<\/p>\n<article class=\"article card videoCard \">\n<div class=\"article-inner \">\n<div class=\"article-image \"><a href=\"https:\/\/viapais.com.ar\/entretenimiento\/daniela-celis-mostro-el-dulce-gesto-que-tuvo-thiago-medina-a-los-pocos-dias-del-nacimiento-de-sus-gemelas-en-las-ultimas\/\" title=\"Daniela Celis mostr\u00f3 el dulce gesto que tuvo Thiago Medina a los pocos d\u00edas del nacimiento de sus gemelas: \u201cEn las \u00faltimas\u201d\"><\/p>\n<figure><picture><img alt=\"Daniela Celis mostr\u00f3 el dulce gesto que tuvo Thiago Medina a los pocos d\u00edas del nacimiento de sus gemelas: \u201cEn las \u00faltimas\u201d\" class=\" block \" src=\"http:\/\/latecordoba.com\/wp-content\/uploads\/2024\/01\/como-son-y-cuanto-salen-las-cunas-que-eligieron-daniela-celis-y-thiago-medina-para-sus-gemelas.jpg\" sizes=\"auto\" loading=\"lazy\" data-src=\"http:\/\/latecordoba.com\/wp-content\/uploads\/2024\/01\/como-son-y-cuanto-salen-las-cunas-que-eligieron-daniela-celis-y-thiago-medina-para-sus-gemelas.jpg\" width=\"307px\" fetchpriority=\"low\" decoding=\"async\" height=\"173px\"><\/picture><\/figure>\n<p><\/a><\/div>\n<\/div>\n<\/article>\n<p>Los ex participantes de la casa m\u00e1s famosa del pa\u00eds se han convertido en <i><b>una de las parejas m\u00e1s queridas de Argentina<\/b><\/i><i>.<\/i> En Instagram publican el d\u00eda a d\u00eda de esta nueva etapa de sus vidas. Daniela y Thiago se encuentran muy contentos y emocionados por este cambio en sus vidas.<\/p>\n<figure><picture><img alt=\"Ya se conoce la fecha en la que nacer\u00e1n las hijas de la pareja.\" class=\" block \" src=\"http:\/\/latecordoba.com\/wp-content\/uploads\/2024\/01\/como-son-y-cuanto-salen-las-cunas-que-eligieron-daniela-celis-y-thiago-medina-para-sus-gemelas-1.jpg\" sizes=\"auto\" loading=\"lazy\" data-src=\"http:\/\/latecordoba.com\/wp-content\/uploads\/2024\/01\/como-son-y-cuanto-salen-las-cunas-que-eligieron-daniela-celis-y-thiago-medina-para-sus-gemelas-1.jpg\" width=\"1023px\" fetchpriority=\"low\" decoding=\"async\" height=\"1219px\"><\/picture><figcaption class>Ya se conoce la fecha en la que nacer\u00e1n las hijas de la pareja.<\/figcaption><\/figure>\n<p>Daniela Celis tiene programada la <i><b>ces\u00e1rea<\/b><\/i> para llegada de sus gemelas para el<i><b> lunes 29 de enero. <\/b><\/i>A d\u00edas de convertirse en padres, la pareja abri\u00f3 las puertas de su hogar y compartieron los detalles del cuarto preparado para recibir a Laia y Aime.<\/p>\n<figure><picture><img alt=\"Daniela Celis y Thiago Medina preparan todo para la llegada de sus gemelas.\" class=\" block \" src=\"http:\/\/latecordoba.com\/wp-content\/uploads\/2024\/01\/como-son-y-cuanto-salen-las-cunas-que-eligieron-daniela-celis-y-thiago-medina-para-sus-gemelas-2.jpg\" sizes=\"auto\" loading=\"lazy\" data-src=\"http:\/\/latecordoba.com\/wp-content\/uploads\/2024\/01\/como-son-y-cuanto-salen-las-cunas-que-eligieron-daniela-celis-y-thiago-medina-para-sus-gemelas-2.jpg\" width=\"1023px\" fetchpriority=\"low\" decoding=\"async\" height=\"575px\"><\/picture><figcaption class>Daniela Celis y Thiago Medina preparan todo para la llegada de sus gemelas.<\/figcaption><\/figure>\n<p>La influencer en su Instagram comparti\u00f3 una serie de im\u00e1genes y las acompa\u00f1\u00f3 de la siguiente frase: <i><b>\u201cPapi y mami primerizos, y con una panza de 35 semanas, terminamos con los detalles de la habitaci\u00f3n\u201d<\/b><\/i><i>.<\/i><\/p>\n<h2 class><b>Los detalles de las cunas que eligieron Daniela Celis y Thiago Mediana para sus gemelas<\/b><\/h2>\n<p>La pareja <i><b>se form\u00f3 en Gran Hermano 2023 y a partir de ese momento no se separaron. <\/b><\/i>Daniela y Thiago dieron juntos un nuevo paso en sus vidas y <i><b>pr\u00f3ximamente se convertir\u00e1n en padres de dos peque\u00f1as.<\/b><\/i><\/p>\n<article class=\"article card videoCard \">\n<div class=\"article-inner \">\n<div class=\"article-image \"><a href=\"https:\/\/viapais.com.ar\/entretenimiento\/daniela-celis-sorprendio-con-el-tamano-de-su-panza-de-embarazada-a-dias-del-nacimiento-de-sus-hijas\/\" title=\"Daniela Celis pos\u00f3 con su panza de embarazada a menos de un mes del nacimiento de sus hijas\"><\/p>\n<figure><picture><img alt=\"Daniela Celis pos\u00f3 con su panza de embarazada a menos de un mes del nacimiento de sus hijas\" class=\" block \" src=\"http:\/\/latecordoba.com\/wp-content\/uploads\/2024\/01\/como-son-y-cuanto-salen-las-cunas-que-eligieron-daniela-celis-y-thiago-medina-para-sus-gemelas-3.jpg\" sizes=\"auto\" loading=\"lazy\" data-src=\"http:\/\/latecordoba.com\/wp-content\/uploads\/2024\/01\/como-son-y-cuanto-salen-las-cunas-que-eligieron-daniela-celis-y-thiago-medina-para-sus-gemelas-3.jpg\" width=\"307px\" fetchpriority=\"low\" decoding=\"async\" height=\"173px\"><\/picture><\/figure>\n<p><\/a><\/div>\n<\/div>\n<\/article>\n<p>Daniela Celis y Thiago Almada compartieron con sus seguidores <i><b>los detalles de la decoraci\u00f3n<\/b><\/i> que eligieron para la habitaci\u00f3n de sus gemelas.<\/p>\n<p>Las estrellas de la habitaci\u00f3n son dos cunas de gran tama\u00f1o, equipadas con todo lo necesario para la atenci\u00f3n de las bebas. En la p\u00e1gina web de la marca de la cuna se puede observar que <i><b>tienen un precio de 200 mil pesos cada una.<\/b><\/i> Son <i><b>plegables, tienen rueditas para que sea m\u00e1s f\u00e1cil transportarlas, mosquitero y varios bolsillos <\/b><\/i>para guardar todo lo necesario.<\/p>\n<\/section>\n<div class=\"noreadme-audima\">\n<h2>Temas Relacionados<\/h2>\n<\/div>\n","protected":false},"excerpt":{"rendered":"<p>Daniela Celis y Thiago Medina viven un gran momento personal. Tras salir de la casa de Gran Hermano 2023 sellaron su amor y decidieron formar una familia. A pocos d\u00edas de ser padres de gemelas, a las que llamar\u00e1n Aime y Laia compartieron en Instagram los muebles y decoraci\u00f3n que eligieron para la habitaci\u00f3n de [&hellip;]<\/p>\n","protected":false},"author":1,"featured_media":20988,"comment_status":"closed","ping_status":"closed","sticky":false,"template":"","format":"standard","meta":[],"categories":[15],"tags":[],"_links":{"self":[{"href":"https:\/\/latecordoba.com\/index.php\/wp-json\/wp\/v2\/posts\/20987"}],"collection":[{"href":"https:\/\/latecordoba.com\/index.php\/wp-json\/wp\/v2\/posts"}],"about":[{"href":"https:\/\/latecordoba.com\/index.php\/wp-json\/wp\/v2\/types\/post"}],"author":[{"embeddable":true,"href":"https:\/\/latecordoba.com\/index.php\/wp-json\/wp\/v2\/users\/1"}],"replies":[{"embeddable":true,"href":"https:\/\/latecordoba.com\/index.php\/wp-json\/wp\/v2\/comments?post=20987"}],"version-history":[{"count":0,"href":"https:\/\/latecordoba.com\/index.php\/wp-json\/wp\/v2\/posts\/20987\/revisions"}],"wp:featuredmedia":[{"embeddable":true,"href":"https:\/\/latecordoba.com\/index.php\/wp-json\/wp\/v2\/media\/20988"}],"wp:attachment":[{"href":"https:\/\/latecordoba.com\/index.php\/wp-json\/wp\/v2\/media?parent=20987"}],"wp:term":[{"taxonomy":"category","embeddable":true,"href":"https:\/\/latecordoba.com\/index.php\/wp-json\/wp\/v2\/categories?post=20987"},{"taxonomy":"post_tag","embeddable":true,"href":"https:\/\/latecordoba.com\/index.php\/wp-json\/wp\/v2\/tags?post=20987"}],"curies":[{"name":"wp","href":"https:\/\/api.w.org\/{rel}","templated":true}]}}