{"id":20956,"date":"2024-01-24T11:23:00","date_gmt":"2024-01-24T11:23:00","guid":{"rendered":"https:\/\/www.puntal.com.ar\/cosquin\/peteco-los-copla-y-raly-reponen-cosquin-la-juntada-20-anos-despues-n210216"},"modified":"2024-01-24T11:23:00","modified_gmt":"2024-01-24T11:23:00","slug":"peteco-los-copla-y-raly-reponen-en-cosquin-la-juntada-20-anos-despues","status":"publish","type":"post","link":"https:\/\/latecordoba.com\/index.php\/2024\/01\/24\/peteco-los-copla-y-raly-reponen-en-cosquin-la-juntada-20-anos-despues\/","title":{"rendered":"Peteco, los Copla y Raly reponen en Cosqu\u00edn La Juntada 20 a\u00f1os despu\u00e9s"},"content":{"rendered":"\n<div><img decoding=\"async\" src=\"http:\/\/latecordoba.com\/wp-content\/uploads\/2024\/01\/peteco-los-copla-y-raly-reponen-en-cosquin-la-juntada-20-anos-despues.jpg\" class=\"ff-og-image-inserted\"><\/div>\n<div contenteditable=\"false\" class=\"embed_cont type_freetext\" rel=\"freetext\" id=\"embed509_wrap\" data-provider=\"YouTube\" readability=\"32\">\n<p> La Juntada Perfume de Carnaval (Oficial)<span onclick=\"parent.parent.TinyMCETdcuerpo.preview_embed('embed509')\" class=\"embed_colapse less\" id=\"embed509_colapse\"><\/span><span onclick=\"parent.parent.TinyMCETdcuerpo.delete_embed('embed509')\" class=\"embed_delete less\" id=\"embed509_delete\"><\/span><\/p>\n<div id=\"embed509_content\" class=\"embed_content\">\n<p> <iframe loading=\"lazy\" width=\"200\" height=\"113\" src=\"https:\/\/www.youtube.com\/embed\/Yx2RiIheTyY?feature=oembed\" frameborder=\"0\" allow=\"accelerometer; autoplay; clipboard-write; encrypted-media; gyroscope; picture-in-picture; web-share\" allowfullscreen title=\"La Juntada Perfume de Carnaval (Oficial)\">[embedded content]<\/iframe><\/p>\n<\/p><\/div>\n<\/p><\/div>\n<p>\u201cLa Juntada constituy\u00f3, en principio, una circunstancia de gran aprendizaje y despu\u00e9s ha sido un testimonio muy claro y muy contundente acerca de que los m\u00fasicos nos podemos reunir para crear un proyecto nuevo, generar una creaci\u00f3n absolutamente colectiva, deslumbrarnos entre nosotros y alcanzar un resultado conmovedor\u201d, sintetiza a T\u00e9lam Roberto Cantos, compa\u00f1ero de Julio Paz en el D\u00fao Coplanacu.<\/p>\n<p>En un sentido similar Carabajal arriesga que el encuentro a reeditarse hoy sobre el escenario cosco\u00edno Atahualpa Yupanqui \u201ces el tal vez el punto m\u00e1s alto de un camino de crecimiento, confianza y despojo\u201d.<\/p>\n<p>Peteco abunda en conversaci\u00f3n con esta agencia que \u201cpara nosotros no fue simplemente el hecho de decir \u2018vamos a juntarnos nosotros que somos famosos\u2019, por decirte algo. Con La Juntada hemos querido homenajear a la m\u00fasica santiague\u00f1a, a los grandes maestros y aportar lo nuestro con canciones nuevas\u201d.<\/p>\n<p>Es que aunque la idea inicial de esa confluencia surgi\u00f3 del sello discogr\u00e1fico DBN que publicaba los \u00e1lbumes de todos ellos, el proyecto luego adquiri\u00f3 vuelo propio.<\/p>\n<p>\u201cLa olvidada\u201d, \u201cViol\u00edn del monte\u201d, \u201cRetiro al norte\u201d, \u201cChacarera del exilio\u201d, \u201cVolver\u00e9 a Salavina\u201d, \u201cRomance para mis tardes amarillas\u201d, \u201cMientras bailas\u201d, \u201cZamba y acuarela\u201d, \u201cPerfume de carnaval\u201d, \u201cP\u00e1jaro lluvia\u201d y \u201cMensaje de chacarera\u201d, entre otras piezas, fueron parte de aquel repertorio que regal\u00f3 inspiradas miradas que el p\u00fablico adopt\u00f3 como himnos.<\/p>\n<p>Como testimonio de aquel acercamiento que gir\u00f3 por buena parte del pa\u00eds, se registr\u00f3 un \u00e1lbum en vivo en el porte\u00f1o Teatro \u00d3pera y qued\u00f3 latente la posibilidad de expandirlo como sucedi\u00f3, fugazmente, en 2018 durante los festivales de Jes\u00fas Mar\u00eda y La Salamanca.<\/p>\n<p>Ahora el cuarteto \u2013que desde entonces sigui\u00f3 aportando repertorio y nuevos emprendimientos en solitario y con artistas diversos- confluye nuevamente en el contexto de la m\u00e1xima cita folcl\u00f3rica.<\/p>\n<p>Adem\u00e1s de esta virtuosa sumatoria, cada quien tiene su espacio propio en Cosqu\u00edn: D\u00fao Coplanacu tuvo una deliciosa actuaci\u00f3n en la apertura de la luna dominguera; Peteco toc\u00f3 el lunes junto a sus hijos Homero Carabajal y Martina Ulrich con quienes desde 2017 conforma el terceto Riendas Libres y Raly (quien declin\u00f3 dialogar con T\u00e9lam) se present\u00f3 anoche.<\/p>\n<p><span class=\"embed_cont type_highlight inlinehighlight\" rel=\"highlight\" id=\"embedvh0fszet76n_wrap\"> <span class=\"embed_options highlight inlinehighlight\" rel=\"opt\" id=\"embedvh0fszet76n_opts\">La Juntada constituy\u00f3, en principio, una circunstancia de gran aprendizaje y despu\u00e9s ha sido un testimonio muy claro y muy contundente acerca de que los m\u00fasicos nos podemos reunir para crear un proyecto nuevo, generar una creaci\u00f3n absolutamente colectiva, deslumbrarnos entre nosotros y alcanzar un resultado conmovedor <span onclick=\"parent.parent.TinyMCETdcuerpo.removeHighlight('embedvh0fszet76n')\" class=\"embed_colapse inlinehighlight less\" id=\"embedvh0fszet76n_colapse\"><\/span> <\/span> <span class=\"embed_content inlinehighlight\" id=\"embedvh0fszet76n_content\">La Juntada constituy\u00f3, en principio, una circunstancia de gran aprendizaje y despu\u00e9s ha sido un testimonio muy claro y muy contundente acerca de que los m\u00fasicos nos podemos reunir para crear un proyecto nuevo, generar una creaci\u00f3n absolutamente colectiva, deslumbrarnos entre nosotros y alcanzar un resultado conmovedor<\/span><\/span><\/p>\n<p>Consultados acerca del recital compartido de esta noche, Cantos apunta que \u201cempezamos a tirar la puntita de la idea de festejar estos 20 a\u00f1os y Cosqu\u00edn se re-prendi\u00f3 y eso lo impuls\u00f3 totalmente\u201d.<\/p>\n<p>Para Carabajal \u201cel impulso recibido desde Cosqu\u00edn \u2013confiesa- le dio otro car\u00e1cter y a nosotros nos comprometi\u00f3 desde el respeto simb\u00f3lico hacia lo que significa ese Festival\u201d.<\/p>\n<p>Aunque la \u00fanica actuaci\u00f3n confirmada de La Juntada es la festivalera de hoy en la ciudad serrana, ambos creadores no descartaron poder extender la experiencia a otros escenarios durante el 2024.<\/p>\n<p>\u201cSi bien veinte a\u00f1os no es nada como dice el tango, siento que nos encontramos los cuatro mucho m\u00e1s maduros y con la cabeza mucho m\u00e1s clara acerca de que lo importante en la m\u00fasica es poner el coraz\u00f3n en cada canci\u00f3n y con esa perspectiva ser\u00eda lindo y deseable poder hacer m\u00e1s cosas juntos\u201d, arriesga uno de los Copla.<\/p>\n<p><strong>\u201cNo se paren que no ha llegado nadie\u201d<\/strong><\/p>\n<p>El violinista, cantante y compositor de gemas como \u201cLa estrella azul\u201d, \u201cSoy santiague\u00f1o, soy chacarera\u201d, \u201cDesde el puente carretero\u201d, \u201cVolver\u00e9 a Salavina\u201d, \u201cPerfume de carnaval\u201d y \u201cAl despertar\u201d, entre m\u00e1s, estuvo en la picota medi\u00e1tica por su frase \u201cno se paren que no ha llegado nadie\u201d como respuesta al arribo de la vicepresidenta Victoria Villarruel al Festival de Doma y Folclore de Jes\u00fas Mar\u00eda el viernes 12 donde Peteco tomaba parte junto a su hijo Homero, el grupo Los Carabajal y el d\u00fao Cuti y Roberto, del set denominado Carabajales.<\/p>\n<p>La expresi\u00f3n tuvo m\u00faltiples repercusiones a favor (con la leyenda convertida en remera, por ejemplo) y en contra (entre estas \u00faltimas las de sus compa\u00f1eros en Los Carabajal quienes en un comunicado indicaron que ese dicho del artista \u201cno representa el pensamiento promedio del grupo\u201d).<\/p>\n<p>Bajada la espuma de aquel episodio, Peteco reconoce a T\u00e9lam que si bien la comunicaci\u00f3n del conjunto \u201cen alg\u00fan momento me ha hecho doler un poco\u201d, ahora asegura: \u201cEstoy tranquilo porque recib\u00ed much\u00edsimo apoyo de muchos compa\u00f1eros y porque habl\u00e9 con mis parientes y est\u00e1 todo bien con ellos\u201d.<\/p>\n<p>Sin embargo, el m\u00fasico se sostiene en \u201cla connotaci\u00f3n verdadera de la frase\u201d y resalta que signific\u00f3 una respuesta \u201ca alguien de este gobierno que est\u00e1 tomando medidas muy duras, muy fuertes, casi \u00fanicas en el sentido del despojo que nos est\u00e1n haciendo y no pod\u00eda ser que viniera como si nada a un \u00e1mbito donde la cultura se juega\u201d.<\/p>\n<p>Lejos de semejante revuelo, pero sumando su testimonio al momento, Cantos aprovech\u00f3 el paso de los Copla por Cosqu\u00edn y apunt\u00f3: \u201cSi se ningunea a la cultura, si se la desprecia vamos a andar, como dice la canci\u00f3n de Peteco (por \u2018Arde la vida\u2019), sin rumbo y sin camino\u201d.<\/p>\n<p>En comunicaci\u00f3n con esta agencia, el autor, guitarrista y cantante que hace 39 a\u00f1os comparte d\u00fao con Paz, postula que \u201cla m\u00fasica y el arte en general, funcionan como grandes oxigenadores que posibilitan el disfrute profundo con la posibilidad de la reflexi\u00f3n acerca de qui\u00e9nes somos, d\u00f3nde estamos y para qu\u00e9 estamos aqu\u00ed\u201d.<\/p>\n<p>\u201cAunque la sensibilidad \u2013abunda Roberto- no cotiza en bolsa ni est\u00e1 de moda, hay que cultivarla porque de ella depende que podamos sentir y pensar las cosas\u201d.<\/p>\n","protected":false},"excerpt":{"rendered":"<p>\nLa cumbre de la m\u00fasica popular se presenta esta noche en la Plaza Pr\u00f3spero Molina  <\/p>\n","protected":false},"author":1,"featured_media":20957,"comment_status":"closed","ping_status":"closed","sticky":false,"template":"","format":"standard","meta":[],"categories":[14],"tags":[],"_links":{"self":[{"href":"https:\/\/latecordoba.com\/index.php\/wp-json\/wp\/v2\/posts\/20956"}],"collection":[{"href":"https:\/\/latecordoba.com\/index.php\/wp-json\/wp\/v2\/posts"}],"about":[{"href":"https:\/\/latecordoba.com\/index.php\/wp-json\/wp\/v2\/types\/post"}],"author":[{"embeddable":true,"href":"https:\/\/latecordoba.com\/index.php\/wp-json\/wp\/v2\/users\/1"}],"replies":[{"embeddable":true,"href":"https:\/\/latecordoba.com\/index.php\/wp-json\/wp\/v2\/comments?post=20956"}],"version-history":[{"count":0,"href":"https:\/\/latecordoba.com\/index.php\/wp-json\/wp\/v2\/posts\/20956\/revisions"}],"wp:featuredmedia":[{"embeddable":true,"href":"https:\/\/latecordoba.com\/index.php\/wp-json\/wp\/v2\/media\/20957"}],"wp:attachment":[{"href":"https:\/\/latecordoba.com\/index.php\/wp-json\/wp\/v2\/media?parent=20956"}],"wp:term":[{"taxonomy":"category","embeddable":true,"href":"https:\/\/latecordoba.com\/index.php\/wp-json\/wp\/v2\/categories?post=20956"},{"taxonomy":"post_tag","embeddable":true,"href":"https:\/\/latecordoba.com\/index.php\/wp-json\/wp\/v2\/tags?post=20956"}],"curies":[{"name":"wp","href":"https:\/\/api.w.org\/{rel}","templated":true}]}}